{"id":66960,"date":"2026-05-27T13:58:57","date_gmt":"2026-05-27T16:58:57","guid":{"rendered":"https:\/\/guialimeira.com.br\/agenda-cultural-gratuita-movimenta-espacos-publicos-de-limeira\/"},"modified":"2026-05-27T13:58:57","modified_gmt":"2026-05-27T16:58:57","slug":"agenda-cultural-gratuita-movimenta-espacos-publicos-de-limeira","status":"publish","type":"post","link":"https:\/\/guialimeira.com.br\/news\/agenda-cultural-gratuita-movimenta-espacos-publicos-de-limeira\/","title":{"rendered":"Agenda cultural gratuita movimenta espa\u00e7os p\u00fablicos de Limeira"},"content":{"rendered":"<p> <br \/>\n<\/p>\n<div>\n                <main class=\"\">&#13;<br \/>\n                    &#13;<br \/>\n&#13;<br \/>\n&#13;<br \/>\n&#13;<br \/>\n&#13;<br \/>\n&#13;<br \/>\n    <img data-recalc-dims=\"1\" decoding=\"async\" src=\"https:\/\/i0.wp.com\/ecrie.com.br\/sistema\/conteudos\/imagem\/m_137_0_1_10122025154043.jpeg?w=696&#038;ssl=1\" alt=\"Agenda cultural gratuita movimenta espa\u00e7os p\u00fablicos de Limeira\"\/>&#13;<br \/>\n&#13;<br \/>\n&#13;<\/p>\n<p>Limeira ter\u00e1 um fim de semana repleto de atra\u00e7\u00f5es culturais gratuitas entre os dias 29 e 31 de maio. A programa\u00e7\u00e3o inclui conta\u00e7\u00e3o de hist\u00f3rias para crian\u00e7as, feira de artesanato e gastronomia, al\u00e9m de apresenta\u00e7\u00e3o musical na Pra\u00e7a Toledo Barros.<\/p>\n<p>&#13;<\/p>\n<p>A programa\u00e7\u00e3o come\u00e7a na sexta-feira (29), com o projeto &#8220;Hora do Conto com Recanto das Hist\u00f3rias&#8221;, sediado na Biblioteca Municipal (Parque Cidade). Voltada para despertar o amor pela leitura de forma l\u00fadica, a atividade convida as crian\u00e7as a interagirem com personagens e viajarem pelo mundo da imagina\u00e7\u00e3o. O evento acontece em dois per\u00edodos: na sess\u00e3o da manh\u00e3, \u00e0s 9h, a condu\u00e7\u00e3o fica por conta de Mara Belo; j\u00e1 na sess\u00e3o da tarde, \u00e0s 14h, as hist\u00f3rias ser\u00e3o comandadas por Amanda Hergert e Priscilla Celestino. A a\u00e7\u00e3o \u00e9 uma realiza\u00e7\u00e3o conjunta entre as Secretarias de Cultura e Educa\u00e7\u00e3o.<\/p>\n<p>&#13;<\/p>\n<p>No s\u00e1bado (30), a Pra\u00e7a Toledo Barros recebe a tradicional Feira de Artes e Gastronomia, das 9h \u00e0s 14h, no entorno do Teatro Vit\u00f3ria. O evento \u00e9 o ponto de encontro ideal para os amantes de artesanato, variedades e boa culin\u00e1ria, movimentando o centro da cidade e valorizando os produtores locais.<\/p>\n<p>&#13;<\/p>\n<p>Fechando o fim de semana, o domingo (31) ser\u00e1 marcado por tradi\u00e7\u00e3o viva com o projeto &#8220;M\u00fasica na Pra\u00e7a&#8221;. A partir das 10h30, o Coreto da Pra\u00e7a Toledo Barros ser\u00e1 palco para a retreta dominical da Banda Henrique Marques, que apresenta um repert\u00f3rio musical diversificado para alegrar a manh\u00e3 dos limeirenses.<\/p>\n<p>&#13;<\/p>\n<p>\u00a0<\/p>\n<p>&#13;<\/p>\n<p><strong>Servi\u00e7o:<\/strong><\/p>\n<p>&#13;<\/p>\n<p><strong>Hora do Conto com Recanto das Hist\u00f3rias<\/strong><\/p>\n<p>&#13;<\/p>\n<p>\u00a0<\/p>\n<p>&#13;<\/p>\n<p>Data: 29 de maio (sexta-feira)<\/p>\n<p>&#13;<\/p>\n<p>Hor\u00e1rios: 9h (com Mara Belo) e 14h (com Amanda Hergert e Priscilla Celestino)<\/p>\n<p>&#13;<\/p>\n<p>Local: Biblioteca Municipal (Parque Cidade)<\/p>\n<p>&#13;<\/p>\n<p>Entrada: Gratuita<\/p>\n<p>&#13;<\/p>\n<p>Classifica\u00e7\u00e3o: Livre<\/p>\n<p>&#13;<\/p>\n<p>\u00a0<\/p>\n<p>&#13;<\/p>\n<p><strong>Feira de Artes e Gastronomia<\/strong><\/p>\n<p>&#13;<\/p>\n<p>\u00a0<\/p>\n<p>&#13;<\/p>\n<p>Data: 30 de maio (s\u00e1bado)<\/p>\n<p>&#13;<\/p>\n<p>Hor\u00e1rio: 9h \u00e0s 14h<\/p>\n<p>&#13;<\/p>\n<p>Local: Pra\u00e7a Toledo Barros (Entorno do Teatro Vit\u00f3ria), Centro<\/p>\n<p>&#13;<\/p>\n<p>Entrada: Gratuita<\/p>\n<p>&#13;<\/p>\n<p>\u00a0<\/p>\n<p>&#13;<\/p>\n<p><strong>M\u00fasica na Pra\u00e7a: Banda Henrique Marques<\/strong><\/p>\n<p>&#13;<\/p>\n<p>\u00a0<\/p>\n<p>&#13;<\/p>\n<p>Data: 31 de maio (domingo)<\/p>\n<p>&#13;<\/p>\n<p>Hor\u00e1rio: 10h30<\/p>\n<p>&#13;<\/p>\n<p>Local: Coreto da Pra\u00e7a Toledo Barros, Centro<\/p>\n<p>&#13;<\/p>\n<p>Entrada: Gratuita<\/p>\n<p>&#13;<\/p>\n<p>Classifica\u00e7\u00e3o: Livre<\/p>\n<p>&#13;<br \/>\n&#13;<br \/>\n&#13;<br \/>\n&#13;<\/p>\n<article class=\"conteudo-relacionado no-print\">&#13;<br \/>\n        &#13;<br \/>\n&#13;<br \/>\n        &#13;<br \/>\n    <\/article>\n<p>&#13;<br \/>\n&#13;<br \/>\n                <\/main><\/p><\/div>\n<p><br \/>\n<br \/><a href=\"https:\/\/limeira.sp.gov.br\/agenda-cultural-gratuita-movimenta-espacos-publicos-de-limeira\" rel=\"noopener\">Informa\u00e7\u00f5es da PML <\/a><\/p>\n","protected":false},"excerpt":{"rendered":"<p>&#13; &#13; &#13; &#13; &#13; &#13; &#13; &#13; &#13; &#13; Limeira ter\u00e1 um fim de semana repleto de atra\u00e7\u00f5es culturais gratuitas entre os dias 29 e 31 de maio. A programa\u00e7\u00e3o inclui conta\u00e7\u00e3o de hist\u00f3rias para crian\u00e7as, feira de artesanato e gastronomia, al\u00e9m de apresenta\u00e7\u00e3o musical na Pra\u00e7a Toledo Barros. &#13; A programa\u00e7\u00e3o come\u00e7a na [&hellip;]<\/p>\n","protected":false},"author":1,"featured_media":51101,"comment_status":"","ping_status":"open","sticky":false,"template":"","format":"standard","meta":{"_jetpack_newsletter_access":"","_jetpack_dont_email_post_to_subs":false,"_jetpack_newsletter_tier_id":0,"_jetpack_memberships_contains_paywalled_content":false,"_mbp_banners":[],"_jetpack_feature_clip_id":0,"_jetpack_memberships_contains_paid_content":false,"footnotes":"","jetpack_publicize_message":"","jetpack_publicize_feature_enabled":true,"jetpack_social_post_already_shared":true,"jetpack_social_options":{"image_generator_settings":{"template":"highway","default_image_id":0,"font":"","enabled":false},"version":2},"jetpack_post_was_ever_published":false},"categories":[16],"tags":[],"class_list":["post-66960","post","type-post","status-publish","format-standard","has-post-thumbnail","category-local"],"jetpack_publicize_connections":[],"jetpack-related-posts":[],"jetpack_shortlink":"https:\/\/wp.me\/p7Eq1F-hq0","jetpack_sharing_enabled":true,"jetpack_featured_media_url":"https:\/\/i0.wp.com\/guialimeira.com.br\/news\/wp-content\/uploads\/2025\/12\/m_137_0_1_10122025154043.jpeg?fit=848%2C570&ssl=1","_links":{"self":[{"href":"https:\/\/guialimeira.com.br\/news\/wp-json\/wp\/v2\/posts\/66960","targetHints":{"allow":["GET"]}}],"collection":[{"href":"https:\/\/guialimeira.com.br\/news\/wp-json\/wp\/v2\/posts"}],"about":[{"href":"https:\/\/guialimeira.com.br\/news\/wp-json\/wp\/v2\/types\/post"}],"author":[{"embeddable":true,"href":"https:\/\/guialimeira.com.br\/news\/wp-json\/wp\/v2\/users\/1"}],"replies":[{"embeddable":true,"href":"https:\/\/guialimeira.com.br\/news\/wp-json\/wp\/v2\/comments?post=66960"}],"version-history":[{"count":0,"href":"https:\/\/guialimeira.com.br\/news\/wp-json\/wp\/v2\/posts\/66960\/revisions"}],"wp:featuredmedia":[{"embeddable":true,"href":"https:\/\/guialimeira.com.br\/news\/wp-json\/wp\/v2\/media\/51101"}],"wp:attachment":[{"href":"https:\/\/guialimeira.com.br\/news\/wp-json\/wp\/v2\/media?parent=66960"}],"wp:term":[{"taxonomy":"category","embeddable":true,"href":"https:\/\/guialimeira.com.br\/news\/wp-json\/wp\/v2\/categories?post=66960"},{"taxonomy":"post_tag","embeddable":true,"href":"https:\/\/guialimeira.com.br\/news\/wp-json\/wp\/v2\/tags?post=66960"}],"curies":[{"name":"wp","href":"https:\/\/api.w.org\/{rel}","templated":true}]}}