{"id":66943,"date":"2026-05-27T11:15:23","date_gmt":"2026-05-27T14:15:23","guid":{"rendered":"https:\/\/guialimeira.com.br\/revisao-do-plano-diretor-avanca-com-aprovacao-de-minuta-pelo-grupo-colegiado-em-limeira\/"},"modified":"2026-05-27T11:15:23","modified_gmt":"2026-05-27T14:15:23","slug":"revisao-do-plano-diretor-avanca-com-aprovacao-de-minuta-pelo-grupo-colegiado-em-limeira","status":"publish","type":"post","link":"https:\/\/guialimeira.com.br\/news\/revisao-do-plano-diretor-avanca-com-aprovacao-de-minuta-pelo-grupo-colegiado-em-limeira\/","title":{"rendered":"Revis\u00e3o do Plano Diretor avan\u00e7a com aprova\u00e7\u00e3o de minuta pelo Grupo Colegiado em Limeira"},"content":{"rendered":"<p> <br \/>\n<br \/><img decoding=\"async\" src=\"https:\/\/ecrie.com.br\/sistema\/conteudos\/imagem\/m_137_0_1_27052026110526.jfif\" \/><\/p>\n<div>\n<h3 data-reticencias=\"34\">Limeira realiza 13\u00aa Confer\u00eancia Municipal de Cultura e lan\u00e7a plataforma Mapas Culturais<\/h3>\n<p class=\"descricao\" data-reticencias=\"44 [...]\">&#13;<br \/>\n                                    Evento reuniu artistas, agentes culturais, sociedade civil e poder p\u00fablico e apresentou nova plataforma digital voltada ao fortalecimento da cultura local&#13;\n                                <\/p>\n<\/p><\/div>\n<p><br \/>\n<br \/><a href=\"https:\/\/limeira.sp.gov.br\/revisao-do-plano-diretor-avanca-com-aprovacao-de-minuta-pelo-grupo-colegiado-em-limeira\" rel=\"noopener\">Informa\u00e7\u00f5es da PML <\/a><\/p>\n","protected":false},"excerpt":{"rendered":"<p>Limeira realiza 13\u00aa Confer\u00eancia Municipal de Cultura e lan\u00e7a plataforma Mapas Culturais &#13; Evento reuniu artistas, agentes culturais, sociedade civil e poder p\u00fablico e apresentou nova plataforma digital voltada ao fortalecimento da cultura local&#13; Informa\u00e7\u00f5es da PML<\/p>\n","protected":false},"author":1,"featured_media":66944,"comment_status":"","ping_status":"open","sticky":false,"template":"","format":"standard","meta":{"_jetpack_newsletter_access":"","_jetpack_dont_email_post_to_subs":false,"_jetpack_newsletter_tier_id":0,"_jetpack_memberships_contains_paywalled_content":false,"_mbp_banners":[],"_jetpack_feature_clip_id":0,"_jetpack_memberships_contains_paid_content":false,"footnotes":"","jetpack_publicize_message":"","jetpack_publicize_feature_enabled":true,"jetpack_social_post_already_shared":true,"jetpack_social_options":{"image_generator_settings":{"template":"highway","default_image_id":0,"font":"","enabled":false},"version":2},"jetpack_post_was_ever_published":false},"categories":[16],"tags":[],"class_list":["post-66943","post","type-post","status-publish","format-standard","has-post-thumbnail","category-local"],"jetpack_publicize_connections":[],"jetpack-related-posts":[],"jetpack_shortlink":"https:\/\/wp.me\/p7Eq1F-hpJ","jetpack_sharing_enabled":true,"jetpack_featured_media_url":"https:\/\/guialimeira.com.br\/news\/wp-content\/uploads\/2026\/05\/m_137_0_1_27052026110526.jfif.pjpeg","_links":{"self":[{"href":"https:\/\/guialimeira.com.br\/news\/wp-json\/wp\/v2\/posts\/66943","targetHints":{"allow":["GET"]}}],"collection":[{"href":"https:\/\/guialimeira.com.br\/news\/wp-json\/wp\/v2\/posts"}],"about":[{"href":"https:\/\/guialimeira.com.br\/news\/wp-json\/wp\/v2\/types\/post"}],"author":[{"embeddable":true,"href":"https:\/\/guialimeira.com.br\/news\/wp-json\/wp\/v2\/users\/1"}],"replies":[{"embeddable":true,"href":"https:\/\/guialimeira.com.br\/news\/wp-json\/wp\/v2\/comments?post=66943"}],"version-history":[{"count":0,"href":"https:\/\/guialimeira.com.br\/news\/wp-json\/wp\/v2\/posts\/66943\/revisions"}],"wp:featuredmedia":[{"embeddable":true,"href":"https:\/\/guialimeira.com.br\/news\/wp-json\/wp\/v2\/media\/66944"}],"wp:attachment":[{"href":"https:\/\/guialimeira.com.br\/news\/wp-json\/wp\/v2\/media?parent=66943"}],"wp:term":[{"taxonomy":"category","embeddable":true,"href":"https:\/\/guialimeira.com.br\/news\/wp-json\/wp\/v2\/categories?post=66943"},{"taxonomy":"post_tag","embeddable":true,"href":"https:\/\/guialimeira.com.br\/news\/wp-json\/wp\/v2\/tags?post=66943"}],"curies":[{"name":"wp","href":"https:\/\/api.w.org\/{rel}","templated":true}]}}