{"id":66940,"date":"2026-05-27T11:00:21","date_gmt":"2026-05-27T14:00:21","guid":{"rendered":"https:\/\/guialimeira.com.br\/limeira-promove-campanha-de-prevencao-e-conscientizacao-sobre-anemia-falciforme\/"},"modified":"2026-05-27T11:00:21","modified_gmt":"2026-05-27T14:00:21","slug":"limeira-promove-campanha-de-prevencao-e-conscientizacao-sobre-anemia-falciforme","status":"publish","type":"post","link":"https:\/\/guialimeira.com.br\/news\/limeira-promove-campanha-de-prevencao-e-conscientizacao-sobre-anemia-falciforme\/","title":{"rendered":"Limeira promove campanha de preven\u00e7\u00e3o e conscientiza\u00e7\u00e3o sobre anemia falciforme"},"content":{"rendered":"<p> <br \/>\n<\/p>\n<div id=\"\">&#13;<br \/>\n                    &#13;<br \/>\n&#13;<br \/>\n&#13;<br \/>\n&#13;<br \/>\n&#13;<br \/>\n&#13;<br \/>\n    <img data-recalc-dims=\"1\" decoding=\"async\" src=\"https:\/\/i0.wp.com\/ecrie.com.br\/sistema\/conteudos\/imagem\/m_137_0_1_23022026090551.png?w=696&#038;ssl=1\" alt=\"Limeira promove campanha de preven\u00e7\u00e3o e conscientiza\u00e7\u00e3o sobre anemia falciforme\"\/>&#13;<br \/>\n&#13;<br \/>\n&#13;<\/p>\n<p style=\"text-align: justify;\" align=\"left\"><span style=\"color: #000000;\"><span style=\"font-family: Arial, sans-serif;\"><span style=\"font-size: medium;\"><br \/><\/span><\/span><\/span><span style=\"color: #000000;\"><span style=\"font-family: Arial, sans-serif;\"><span style=\"font-size: medium;\">A Prefeitura de Limeira realiza entre os dias 1\u00ba e 30 de junho a campanha anual de conscientiza\u00e7\u00e3o e preven\u00e7\u00e3o \u00e0 anemia falciforme. A iniciativa \u00e9 voltada principalmente a pessoas de ascend\u00eancia negra, com ou sem hist\u00f3rico familiar de anemia, que devem procurar a Unidade B\u00e1sica de Sa\u00fade (UBS) mais pr\u00f3xima para realizar gratuitamente o exame de falciza\u00e7\u00e3o.<\/span><\/span><\/span><\/p>\n<p>&#13;<\/p>\n<p style=\"text-align: justify;\" align=\"left\"><span style=\"color: #000000;\"><span style=\"font-family: Arial, sans-serif;\"><span style=\"font-size: medium;\">O teste consiste em um exame de sangue simples, capaz de identificar o tra\u00e7o falciforme \u2014 presen\u00e7a do gene respons\u00e1vel pela doen\u00e7a. O atendimento ser\u00e1 feito em todas as UBSs da rede municipal, de segunda a sexta-feira, das 7h \u00e0s 8h.<\/span><\/span><\/span><\/p>\n<p>&#13;<\/p>\n<p style=\"text-align: justify;\" align=\"left\"><span style=\"color: #000000;\"><span style=\"font-family: Arial, sans-serif;\"><span style=\"font-size: medium;\">Durante o per\u00edodo da campanha, n\u00e3o \u00e9 necess\u00e1rio agendamento pr\u00e9vio. Para realizar o exame, basta comparecer \u00e0 unidade com Cart\u00e3o SUS, documento oficial com foto e estar em jejum de 8 horas. O pedido do exame ser\u00e1 emitido na pr\u00f3pria UBS. A testagem \u00e9 destinada a crian\u00e7as, jovens e adultos.<\/span><\/span><\/span><\/p>\n<p>&#13;<\/p>\n<p style=\"text-align: justify;\" align=\"left\"><span style=\"color: #000000;\"><span style=\"font-family: Arial, sans-serif;\"><span style=\"font-size: medium;\"><strong>Doen\u00e7a gen\u00e9tica<\/strong><\/span><\/span><\/span><\/p>\n<p>&#13;<\/p>\n<p style=\"text-align: justify;\" align=\"left\"><span style=\"color: #000000;\"><span style=\"font-family: Arial, sans-serif;\"><span style=\"font-size: medium;\">A doen\u00e7a falciforme altera a estrutura dos gl\u00f3bulos vermelhos, que passam a adquirir aspecto semelhante ao de uma foice. Essa altera\u00e7\u00e3o dificulta a circula\u00e7\u00e3o sangu\u00ednea e pode provocar dores intensas, al\u00e9m de comprometer o fornecimento de oxig\u00eanio aos tecidos e \u00f3rg\u00e3os.<\/span><\/span><\/span><\/p>\n<p>&#13;<\/p>\n<p style=\"text-align: justify;\" align=\"left\"><span style=\"color: #000000;\"><span style=\"font-family: Arial, sans-serif;\"><span style=\"font-size: medium;\">Entre os principais sintomas est\u00e3o crises de dor nos ossos e articula\u00e7\u00f5es, cansa\u00e7o, feridas pr\u00f3ximas aos tornozelos, infec\u00e7\u00f5es frequentes, olhos amarelados e crescimento mais lento em crian\u00e7as.<\/span><\/span><\/span><\/p>\n<p>&#13;<\/p>\n<p style=\"text-align: justify;\" align=\"left\"><span style=\"color: #000000;\"><span style=\"font-family: Arial, sans-serif;\"><span style=\"font-size: medium;\">A doen\u00e7a ocorre quando pai e m\u00e3e possuem o gene alterado. Quando apenas um dos pais apresenta o gene, o filho pode ter o chamado tra\u00e7o falciforme, sem desenvolver a doen\u00e7a, mas com possibilidade de transmiti-lo aos descendentes.<\/span><\/span><\/span><\/p>\n<p>&#13;<\/p>\n<p style=\"text-align: justify;\" align=\"left\"><span style=\"color: #000000;\"><span style=\"font-family: Arial, sans-serif;\"><span style=\"font-size: medium;\"><strong>Teste do Pezinho<\/strong><\/span><\/span><\/span><\/p>\n<p>&#13;<\/p>\n<p style=\"text-align: justify;\" align=\"left\"><span style=\"color: #000000;\"><span style=\"font-family: Arial, sans-serif;\"><span style=\"font-size: medium;\">O diagn\u00f3stico \u00e9 realizado principalmente por meio do Programa Nacional de Triagem Neonatal (PNTN), conhecido como Teste do Pezinho. Crian\u00e7as a partir de 4 meses, jovens, adultos e gestantes que ainda n\u00e3o realizaram o exame tamb\u00e9m s\u00e3o orientados a aproveitar a campanha.<\/span><\/span><\/span><\/p>\n<p>&#13;<\/p>\n<p style=\"text-align: justify;\" align=\"left\"><span style=\"color: #000000;\">\u201c<span style=\"font-family: Arial, sans-serif;\"><span style=\"font-size: medium;\">\u00c9 fundamental fazer o teste do pezinho logo ap\u00f3s o nascimento, pois ele permite a identifica\u00e7\u00e3o da presen\u00e7a da hemoglobina S e o in\u00edcio do acompanhamento m\u00e9dico especializado\u201d, destacou a diretora da Aten\u00e7\u00e3o Prim\u00e1ria \u00e0 Sa\u00fade, Denise Ferro.<\/span><\/span><\/span><\/p>\n<p>&#13;<\/p>\n<p style=\"text-align: justify;\" align=\"left\"><span style=\"color: #000000;\"><span style=\"font-family: Arial, sans-serif;\"><span style=\"font-size: medium;\">Entre 2014 e 2020, o Teste do Pezinho identificou cerca de 2,5 mil casos em rec\u00e9m-nascidos no Brasil. Segundo o Minist\u00e9rio da Sa\u00fade, nesse mesmo per\u00edodo, a m\u00e9dia anual de novos casos diagnosticados foi de 1.087 crian\u00e7as, o que representa uma incid\u00eancia de 3,75 casos a cada 10 mil nascidos vivos. Estima-se que existam entre 60 mil e 100 mil pessoas com anemia falciforme no Brasil.<\/span><\/span><\/span><\/p>\n<p>&#13;<\/p>\n<p style=\"text-align: justify;\">\u00a0<\/p>\n<p>&#13;<br \/>\n&#13;<br \/>\n&#13;<br \/>\n&#13;<\/p>\n<article class=\"conteudo-relacionado no-print\">&#13;<br \/>\n        &#13;<br \/>\n&#13;<br \/>\n        &#13;<br \/>\n    <\/article>\n<p>&#13;<br \/>\n&#13;\n                <\/p><\/div>\n<p><br \/>\n<br \/><a href=\"https:\/\/limeira.sp.gov.br\/limeira-promove-campanha-de-prevencao-e-conscientizacao-sobre-anemia-falciforme\" rel=\"noopener\">Informa\u00e7\u00f5es da PML <\/a><\/p>\n","protected":false},"excerpt":{"rendered":"<p>&#13; &#13; &#13; &#13; &#13; &#13; &#13; &#13; &#13; &#13; A Prefeitura de Limeira realiza entre os dias 1\u00ba e 30 de junho a campanha anual de conscientiza\u00e7\u00e3o e preven\u00e7\u00e3o \u00e0 anemia falciforme. A iniciativa \u00e9 voltada principalmente a pessoas de ascend\u00eancia negra, com ou sem hist\u00f3rico familiar de anemia, que devem procurar a Unidade [&hellip;]<\/p>\n","protected":false},"author":1,"featured_media":56171,"comment_status":"","ping_status":"open","sticky":false,"template":"","format":"standard","meta":{"_jetpack_newsletter_access":"","_jetpack_dont_email_post_to_subs":false,"_jetpack_newsletter_tier_id":0,"_jetpack_memberships_contains_paywalled_content":false,"_mbp_banners":[],"_jetpack_feature_clip_id":0,"_jetpack_memberships_contains_paid_content":false,"footnotes":"","jetpack_publicize_message":"","jetpack_publicize_feature_enabled":true,"jetpack_social_post_already_shared":true,"jetpack_social_options":{"image_generator_settings":{"template":"highway","default_image_id":0,"font":"","enabled":false},"version":2},"jetpack_post_was_ever_published":false},"categories":[16],"tags":[],"class_list":["post-66940","post","type-post","status-publish","format-standard","has-post-thumbnail","category-local"],"jetpack_publicize_connections":[],"jetpack-related-posts":[],"jetpack_shortlink":"https:\/\/wp.me\/p7Eq1F-hpG","jetpack_sharing_enabled":true,"jetpack_featured_media_url":"https:\/\/i0.wp.com\/guialimeira.com.br\/news\/wp-content\/uploads\/2026\/02\/m_137_0_1_23022026090551.png?fit=1024%2C576&ssl=1","_links":{"self":[{"href":"https:\/\/guialimeira.com.br\/news\/wp-json\/wp\/v2\/posts\/66940","targetHints":{"allow":["GET"]}}],"collection":[{"href":"https:\/\/guialimeira.com.br\/news\/wp-json\/wp\/v2\/posts"}],"about":[{"href":"https:\/\/guialimeira.com.br\/news\/wp-json\/wp\/v2\/types\/post"}],"author":[{"embeddable":true,"href":"https:\/\/guialimeira.com.br\/news\/wp-json\/wp\/v2\/users\/1"}],"replies":[{"embeddable":true,"href":"https:\/\/guialimeira.com.br\/news\/wp-json\/wp\/v2\/comments?post=66940"}],"version-history":[{"count":0,"href":"https:\/\/guialimeira.com.br\/news\/wp-json\/wp\/v2\/posts\/66940\/revisions"}],"wp:featuredmedia":[{"embeddable":true,"href":"https:\/\/guialimeira.com.br\/news\/wp-json\/wp\/v2\/media\/56171"}],"wp:attachment":[{"href":"https:\/\/guialimeira.com.br\/news\/wp-json\/wp\/v2\/media?parent=66940"}],"wp:term":[{"taxonomy":"category","embeddable":true,"href":"https:\/\/guialimeira.com.br\/news\/wp-json\/wp\/v2\/categories?post=66940"},{"taxonomy":"post_tag","embeddable":true,"href":"https:\/\/guialimeira.com.br\/news\/wp-json\/wp\/v2\/tags?post=66940"}],"curies":[{"name":"wp","href":"https:\/\/api.w.org\/{rel}","templated":true}]}}