{"id":6694,"date":"2024-05-28T11:11:44","date_gmt":"2024-05-28T14:11:44","guid":{"rendered":"https:\/\/guialimeira.com.br\/2024\/05\/28\/dia-municipal-do-rosario-da-virgem-maria-projeto-de-lei-institui-e-inclui-comemoracao-no-calendario-oficial\/"},"modified":"2024-05-28T11:11:44","modified_gmt":"2024-05-28T14:11:44","slug":"dia-municipal-do-rosario-da-virgem-maria-projeto-de-lei-institui-e-inclui-comemoracao-no-calendario-oficial","status":"publish","type":"post","link":"https:\/\/guialimeira.com.br\/news\/dia-municipal-do-rosario-da-virgem-maria-projeto-de-lei-institui-e-inclui-comemoracao-no-calendario-oficial\/","title":{"rendered":"Dia Municipal do Ros\u00e1rio da Virgem Maria: projeto de lei institui e inclui comemora\u00e7\u00e3o no Calend\u00e1rio Oficial"},"content":{"rendered":"<p> <br \/>\n<\/p>\n<div>\n<p>Na sess\u00e3o ordin\u00e1ria desta segunda-feira, 27 de maio, foi votado e aprovado o <a href=\"http:\/\/consulta.limeira.sp.leg.br\/Documentos\/Documento\/327229\" rel=\"noopener\">Projeto de Lei N\u00ba 164\/2023<\/a>, de autoria do vereador Helder do T\u00e1xi (PSD). A propositura institui e inclui no Calend\u00e1rio Oficial de Eventos o Dia Municipal do Ros\u00e1rio da Virgem Maria.<\/p>\n<p>Segundo o vereador, a comemora\u00e7\u00e3o ocorrer\u00e1 anualmente no dia 7 do m\u00eas de outubro, em alus\u00e3o ao dia de Nossa Senhora do Ros\u00e1rio, que apareceu a S\u00e3o Domingos de Gusm\u00e3o em 1208, na Fran\u00e7a, quando Maria entrega a ele um Ros\u00e1rio.<\/p>\n<p>\u201c\u00c9 com o Ros\u00e1rio que nosso cora\u00e7\u00e3o se acalma, ao abrir uma corrente para o esp\u00edrito e se conectar com o divino. O Ros\u00e1rio \u00e9 uma \u2018arma\u2019 espiritual na luta contra o mal, contra a viol\u00eancia, pela paz nos cora\u00e7\u00f5es, nas fam\u00edlias, na sociedade e no mundo. Que no dia 7 de outubro de cada ano, ao meio dia, n\u00f3s cat\u00f3licos possamos juntos fazer a ora\u00e7\u00e3o do Ros\u00e1rio da Virgem Maria\u201d, concluiu o proponente.<\/p>\n<p>O projeto foi aprovado por todos os vereadores em Plen\u00e1rio e segue para aprecia\u00e7\u00e3o do prefeito Mario Botion para san\u00e7\u00e3o ou veto. Se sancionado, ser\u00e1 promulgado e publicado no Jornal Oficial do Munic\u00edpio e passa a ser lei, cabendo a regulamenta\u00e7\u00e3o da proposta ao Executivo no prazo de 60 dias.<\/p>\n<\/p><\/div>\n<p><br \/>\n<br \/><a href=\"https:\/\/www.limeira.sp.leg.br\/noticias\/view\/2024-05-28_dia-municipal-do-rosario-da-virgem-maria-projeto-de-lei-institui-e-inclui-comemoracao-no-calendario-oficial\" rel=\"noopener\">Informa\u00e7\u00f5es CML<\/a><\/p>\n","protected":false},"excerpt":{"rendered":"<p>Na sess\u00e3o ordin\u00e1ria desta segunda-feira, 27 de maio, foi votado e aprovado o Projeto de Lei N\u00ba 164\/2023, de autoria do vereador Helder do T\u00e1xi (PSD). A propositura institui e inclui no Calend\u00e1rio Oficial de Eventos o Dia Municipal do Ros\u00e1rio da Virgem Maria. Segundo o vereador, a comemora\u00e7\u00e3o ocorrer\u00e1 anualmente no dia 7 do [&hellip;]<\/p>\n","protected":false},"author":1,"featured_media":0,"comment_status":"open","ping_status":"open","sticky":false,"template":"","format":"standard","meta":{"_jetpack_newsletter_access":"","_jetpack_dont_email_post_to_subs":false,"_jetpack_newsletter_tier_id":0,"_jetpack_memberships_contains_paywalled_content":false,"_mbp_banners":[],"_jetpack_feature_clip_id":0,"_jetpack_memberships_contains_paid_content":false,"footnotes":"","jetpack_publicize_message":"","jetpack_publicize_feature_enabled":true,"jetpack_social_post_already_shared":true,"jetpack_social_options":{"image_generator_settings":{"template":"highway","default_image_id":0,"font":"","enabled":false},"version":2},"jetpack_post_was_ever_published":false},"categories":[19],"tags":[],"class_list":["post-6694","post","type-post","status-publish","format-standard","category-politica"],"jetpack_publicize_connections":[],"jetpack-related-posts":[],"jetpack_shortlink":"https:\/\/wp.me\/p7Eq1F-1JY","jetpack_sharing_enabled":true,"jetpack_featured_media_url":"","_links":{"self":[{"href":"https:\/\/guialimeira.com.br\/news\/wp-json\/wp\/v2\/posts\/6694","targetHints":{"allow":["GET"]}}],"collection":[{"href":"https:\/\/guialimeira.com.br\/news\/wp-json\/wp\/v2\/posts"}],"about":[{"href":"https:\/\/guialimeira.com.br\/news\/wp-json\/wp\/v2\/types\/post"}],"author":[{"embeddable":true,"href":"https:\/\/guialimeira.com.br\/news\/wp-json\/wp\/v2\/users\/1"}],"replies":[{"embeddable":true,"href":"https:\/\/guialimeira.com.br\/news\/wp-json\/wp\/v2\/comments?post=6694"}],"version-history":[{"count":0,"href":"https:\/\/guialimeira.com.br\/news\/wp-json\/wp\/v2\/posts\/6694\/revisions"}],"wp:attachment":[{"href":"https:\/\/guialimeira.com.br\/news\/wp-json\/wp\/v2\/media?parent=6694"}],"wp:term":[{"taxonomy":"category","embeddable":true,"href":"https:\/\/guialimeira.com.br\/news\/wp-json\/wp\/v2\/categories?post=6694"},{"taxonomy":"post_tag","embeddable":true,"href":"https:\/\/guialimeira.com.br\/news\/wp-json\/wp\/v2\/tags?post=6694"}],"curies":[{"name":"wp","href":"https:\/\/api.w.org\/{rel}","templated":true}]}}