{"id":66927,"date":"2026-05-27T09:01:36","date_gmt":"2026-05-27T12:01:36","guid":{"rendered":"https:\/\/guialimeira.com.br\/limeira-realiza-13a-conferencia-municipal-de-cultura-e-lanca-plataforma-mapas-culturais\/"},"modified":"2026-05-27T09:01:36","modified_gmt":"2026-05-27T12:01:36","slug":"limeira-realiza-13a-conferencia-municipal-de-cultura-e-lanca-plataforma-mapas-culturais","status":"publish","type":"post","link":"https:\/\/guialimeira.com.br\/news\/limeira-realiza-13a-conferencia-municipal-de-cultura-e-lanca-plataforma-mapas-culturais\/","title":{"rendered":"Limeira realiza 13\u00aa Confer\u00eancia Municipal de Cultura e lan\u00e7a plataforma Mapas Culturais"},"content":{"rendered":"<p> <br \/>\n<\/p>\n<div id=\"\">&#13;<br \/>\n                    &#13;<br \/>\n&#13;<br \/>\n&#13;<br \/>\n&#13;<br \/>\n&#13;<br \/>\n&#13;<br \/>\n    <img data-recalc-dims=\"1\" decoding=\"async\" src=\"https:\/\/i0.wp.com\/ecrie.com.br\/sistema\/conteudos\/imagem\/m_137_1_2_27052026085507.jpeg?w=696&#038;ssl=1\" alt=\"Limeira realiza 13\u00aa Confer\u00eancia Municipal de Cultura e lan\u00e7a plataforma Mapas Culturais\"\/>&#13;<br \/>\n&#13;<br \/>\n&#13;<\/p>\n<p>Aconteceu no \u00faltimo s\u00e1bado (23), no Senac Limeira, a 13\u00aa Confer\u00eancia Municipal de Cultura. O encontro reuniu artistas, agentes culturais, representantes da sociedade civil e integrantes do poder p\u00fablico para debater pol\u00edticas p\u00fablicas e os caminhos da cultura no munic\u00edpio.<\/p>\n<p>&#13;<\/p>\n<p>\u00a0<\/p>\n<p>&#13;<\/p>\n<p>Estiveram presentes na confer\u00eancia o secret\u00e1rio de Cultura, Bruno Bortolan, e a vereadora Isabelly Carvalho, bem como os diretores da Secretaria, Evandro Negrucci e N\u00e1dia Bulgarelli, e membros do Conselho. Durante o evento, foi aprovado o Regimento Interno, al\u00e9m da apresenta\u00e7\u00e3o da presta\u00e7\u00e3o de contas do Programa Nacional Aldir Blanc (PNAB), referente ao Ciclo 1.<\/p>\n<p>&#13;<\/p>\n<p>\u00a0<\/p>\n<p>&#13;<\/p>\n<p>Outro destaque da confer\u00eancia foi o lan\u00e7amento oficial do Mapas Culturais, nova plataforma digital implementada pela Prefeitura de Limeira, por meio da Secretaria de Cultura. A ferramenta \u00e9 gratuita, colaborativa e voltada ao mapeamento e fortalecimento da cultura local, permitindo o cadastro de artistas, coletivos, espa\u00e7os e eventos culturais, al\u00e9m da participa\u00e7\u00e3o em editais e oportunidades do setor.<\/p>\n<p>&#13;<\/p>\n<p>\u00a0<\/p>\n<p>&#13;<\/p>\n<p>O acesso \u00e0 plataforma pode ser feito pelo endere\u00e7o <a href=\"https:\/\/mapasculturais.limeira.sp.gov.br\/\" rel=\"noopener\">mapasculturais.limeira.sp.gov.br<\/a> e o cadastro j\u00e1 est\u00e1 aberto para artistas e espa\u00e7os culturais do munic\u00edpio.\u00a0A\u00a0confer\u00eancia tamb\u00e9m contou com a elei\u00e7\u00e3o dos novos conselheiros da sociedade civil para a gest\u00e3o do CMPC.<\/p>\n<p>&#13;<\/p>\n<p>\u00a0<\/p>\n<p>&#13;<\/p>\n<p><img data-recalc-dims=\"1\" decoding=\"async\" src=\"https:\/\/i0.wp.com\/ecrie.com.br\/sistema\/conteudos\/imagem\/g_137_0_3_27052026085507.jpeg?w=696&#038;ssl=1\" alt=\"13 conferencia municipal de cultura (1)\"\/><\/p>\n<p>&#13;<\/p>\n<p><img data-recalc-dims=\"1\" decoding=\"async\" src=\"https:\/\/i0.wp.com\/ecrie.com.br\/sistema\/conteudos\/imagem\/g_137_2_1_27052026085507.jpeg?w=696&#038;ssl=1\" alt=\"13 conferencia municipal de cultura (3)\"\/><\/p>\n<p>&#13;<\/p>\n<p>\u00a0<\/p>\n<p>&#13;<\/p>\n<p><strong>Confira a composi\u00e7\u00e3o do Conselho Municipal de Pol\u00edtica Cultural:<\/strong><\/p>\n<p>&#13;<\/p>\n<p>\u00a0<\/p>\n<p>&#13;<\/p>\n<p><strong>SECRETARIA MUNICIPAL DE CULTURA<\/strong><br \/>1\u00ba Titular: N\u00e1dia Bulgarelli<br \/>1\u00ba Suplente: Ana Luisa de Luca Benedito Hebling<br \/>2\u00ba Titular: Evandro Jos\u00e9 Negrucci<br \/>2\u00ba Suplente: Daniele Pedroso Fernandes<\/p>\n<p>&#13;<\/p>\n<p>\u00a0<\/p>\n<p>&#13;<\/p>\n<p><strong>SECRETARIA MUNICIPAL DE EDUCA\u00c7\u00c3O<\/strong><br \/>Titular: Andr\u00e9ia Vaz Silva<br \/>Suplente: Marcel Camargo Silveira<\/p>\n<p>&#13;<\/p>\n<p>\u00a0<\/p>\n<p>&#13;<\/p>\n<p><strong>SECRETARIA MUNICIPAL DE ESPORTE E LAZER<\/strong><br \/>Titular: Talita Zenaro Sert\u00e3o<br \/>Suplente: Grace Susana Ribeiro<\/p>\n<p>&#13;<\/p>\n<p>\u00a0<\/p>\n<p>&#13;<\/p>\n<p><strong>SEPROSOM \u2013 SECRETARIA DE PROMO\u00c7\u00c3O SOCIAL<\/strong><br \/>Titular: Igor Clayton dos Santos<br \/>Suplente: Rog\u00e9rio Fernando de Oliveira<\/p>\n<p>&#13;<\/p>\n<p>\u00a0<\/p>\n<p>&#13;<\/p>\n<p><strong>SECRETARIA MUNICIPAL DE ASSUNTOS JUR\u00cdDICOS<\/strong><br \/>Titular: Dienifer Ribeiro Cabrini<br \/>Suplente: Elaine Marques Duarte<\/p>\n<p>&#13;<\/p>\n<p>\u00a0<\/p>\n<p>&#13;<\/p>\n<p><strong>SECRETARIA MUNICIPAL DE TURISMO E EVENTOS<\/strong><br \/>Titular: Inajara Alves Batista Benatti<br \/>Suplente: Lucas Felippe de Meira<\/p>\n<p>&#13;<\/p>\n<p>\u00a0<\/p>\n<p>&#13;<\/p>\n<p><strong>CONSELHEIROS DA SOCIEDADE CIVIL \u2013 CMPC BI\u00caNIO 2025-2026<\/strong><\/p>\n<p>&#13;<\/p>\n<p>\u00a0<\/p>\n<p>&#13;<\/p>\n<p><strong>Artes Visuais<\/strong><br \/>Titular: Allan Andr\u00e9 Louren\u00e7o<br \/>Suplente: Chauanna Lima<\/p>\n<p>&#13;<\/p>\n<p>\u00a0<\/p>\n<p>&#13;<\/p>\n<p><strong>Artesanato<\/strong><br \/>Titular: Larissa Fernanda F\u00e9ola<br \/>Suplente: \u00c9rica Ingrid Reis Andrade<\/p>\n<p>&#13;<\/p>\n<p>\u00a0<\/p>\n<p>&#13;<\/p>\n<p><strong>Artes C\u00eanicas<\/strong><br \/>Titular: Jos\u00e9 Carlos Pereira<\/p>\n<p>&#13;<\/p>\n<p>\u00a0<\/p>\n<p>&#13;<\/p>\n<p><strong>M\u00fasica<\/strong><br \/>Titular: Giovana Metzner Ferreira<br \/>Suplente: Carlos Alberto Fiore<\/p>\n<p>&#13;<\/p>\n<p>\u00a0<\/p>\n<p>&#13;<\/p>\n<p><strong>Cultura Popular<\/strong><br \/>Titular: Lucas Barbosa Barel<br \/>Suplente: Paulo Cesar Soares<\/p>\n<p>&#13;<\/p>\n<p>\u00a0<\/p>\n<p>&#13;<\/p>\n<p><strong>Produ\u00e7\u00e3o Cultural<\/strong><br \/>Titular: Marta Bell\u00e3o<br \/>Suplente: Val\u00e9ria Espinhara<\/p>\n<p>&#13;<\/p>\n<p>\u00a0<\/p>\n<p>&#13;<\/p>\n<p><strong>Patrim\u00f4nio e Arquitetura<\/strong><br \/>Titular: L\u00edvia De Salvi Lazaneo<br \/>Suplente: Alessandro Nicolau<\/p>\n<p>&#13;<\/p>\n<p>\u00a0<\/p>\n<p>&#13;<\/p>\n<p><strong>Trabalhadores da Cultura<\/strong><br \/>Titular: Mariana Pfister<br \/>Suplente: Vagner Ricardo Fernandes<\/p>\n<p>&#13;<\/p>\n<p>\u00a0<\/p>\n<p>&#13;<\/p>\n<p><strong>Institui\u00e7\u00e3o Cultural N\u00e3o Governamental<\/strong><br \/>Titular: Sandra Regina da Silva<br \/>Suplente: Rosimeire Dias Siqueira da Silva<\/p>\n<p>&#13;<\/p>\n<p>\u00a0<\/p>\n<p>&#13;<\/p>\n<p><strong>Literatura<\/strong><br \/>Titular: B\u00e1rbara Daniel<br \/>Suplente: Carlos Jer\u00f4nimo Vieira<\/p>\n<p>&#13;<\/p>\n<p>\u00a0<\/p>\n<p>&#13;<\/p>\n<p><strong>Dan\u00e7a<\/strong><br \/>Titular: Li\u00e9ge Andr\u00e9 Vicente<br \/>Suplente: Fredson Santos Dally<\/p>\n<p>&#13;<\/p>\n<p>\u00a0<\/p>\n<p>&#13;<\/p>\n<p><strong>Ensino Superior<\/strong><br \/>Titular: Ma\u00edsa Martorano Suarez Pardo<br \/>Suplente: Gabriela Batista Janu\u00e1rio<\/p>\n<p>&#13;<\/p>\n<p>\u00a0<\/p>\n<p>&#13;<\/p>\n<p><strong>Audiovisual<\/strong><br \/>Titular: Rafael B\u00fcrger<br \/>Suplente: Juliana Pfeifer<\/p>\n<p>&#13;<\/p>\n<p>\u00a0<\/p>\n<p>&#13;<\/p>\n<p>A 13\u00aa Confer\u00eancia Municipal de Cultura refor\u00e7ou a import\u00e2ncia da participa\u00e7\u00e3o social, do di\u00e1logo entre os setores culturais e do fortalecimento das pol\u00edticas p\u00fablicas voltadas \u00e0 cultura em Limeira.<\/p>\n<p>&#13;<br \/>\n&#13;<br \/>\n&#13;<br \/>\n&#13;<\/p>\n<article class=\"conteudo-relacionado no-print\">&#13;<br \/>\n        &#13;<br \/>\n&#13;<br \/>\n        &#13;<br \/>\n    <\/article>\n<p>&#13;<br \/>\n&#13;\n                <\/p><\/div>\n<p><br \/>\n<br \/><a href=\"https:\/\/limeira.sp.gov.br\/limeira-realiza-13-conferencia-municipal-de-cultura-e-lanca-plataforma-mapas-culturais\" rel=\"noopener\">Informa\u00e7\u00f5es da PML <\/a><\/p>\n","protected":false},"excerpt":{"rendered":"<p>&#13; &#13; &#13; &#13; &#13; &#13; &#13; &#13; &#13; &#13; Aconteceu no \u00faltimo s\u00e1bado (23), no Senac Limeira, a 13\u00aa Confer\u00eancia Municipal de Cultura. O encontro reuniu artistas, agentes culturais, representantes da sociedade civil e integrantes do poder p\u00fablico para debater pol\u00edticas p\u00fablicas e os caminhos da cultura no munic\u00edpio. &#13; \u00a0 &#13; Estiveram presentes [&hellip;]<\/p>\n","protected":false},"author":1,"featured_media":66928,"comment_status":"","ping_status":"open","sticky":false,"template":"","format":"standard","meta":{"_jetpack_newsletter_access":"","_jetpack_dont_email_post_to_subs":false,"_jetpack_newsletter_tier_id":0,"_jetpack_memberships_contains_paywalled_content":false,"_mbp_banners":[],"_jetpack_feature_clip_id":0,"_jetpack_memberships_contains_paid_content":false,"footnotes":"","jetpack_publicize_message":"","jetpack_publicize_feature_enabled":true,"jetpack_social_post_already_shared":true,"jetpack_social_options":{"image_generator_settings":{"template":"highway","default_image_id":0,"font":"","enabled":false},"version":2},"jetpack_post_was_ever_published":false},"categories":[16],"tags":[],"class_list":["post-66927","post","type-post","status-publish","format-standard","has-post-thumbnail","category-local"],"jetpack_publicize_connections":[],"jetpack-related-posts":[],"jetpack_shortlink":"https:\/\/wp.me\/p7Eq1F-hpt","jetpack_sharing_enabled":true,"jetpack_featured_media_url":"https:\/\/i0.wp.com\/guialimeira.com.br\/news\/wp-content\/uploads\/2026\/05\/m_137_1_2_27052026085507.jpeg?fit=1024%2C576&ssl=1","_links":{"self":[{"href":"https:\/\/guialimeira.com.br\/news\/wp-json\/wp\/v2\/posts\/66927","targetHints":{"allow":["GET"]}}],"collection":[{"href":"https:\/\/guialimeira.com.br\/news\/wp-json\/wp\/v2\/posts"}],"about":[{"href":"https:\/\/guialimeira.com.br\/news\/wp-json\/wp\/v2\/types\/post"}],"author":[{"embeddable":true,"href":"https:\/\/guialimeira.com.br\/news\/wp-json\/wp\/v2\/users\/1"}],"replies":[{"embeddable":true,"href":"https:\/\/guialimeira.com.br\/news\/wp-json\/wp\/v2\/comments?post=66927"}],"version-history":[{"count":0,"href":"https:\/\/guialimeira.com.br\/news\/wp-json\/wp\/v2\/posts\/66927\/revisions"}],"wp:featuredmedia":[{"embeddable":true,"href":"https:\/\/guialimeira.com.br\/news\/wp-json\/wp\/v2\/media\/66928"}],"wp:attachment":[{"href":"https:\/\/guialimeira.com.br\/news\/wp-json\/wp\/v2\/media?parent=66927"}],"wp:term":[{"taxonomy":"category","embeddable":true,"href":"https:\/\/guialimeira.com.br\/news\/wp-json\/wp\/v2\/categories?post=66927"},{"taxonomy":"post_tag","embeddable":true,"href":"https:\/\/guialimeira.com.br\/news\/wp-json\/wp\/v2\/tags?post=66927"}],"curies":[{"name":"wp","href":"https:\/\/api.w.org\/{rel}","templated":true}]}}