{"id":66923,"date":"2026-05-27T08:44:51","date_gmt":"2026-05-27T11:44:51","guid":{"rendered":"https:\/\/guialimeira.com.br\/secretaria-de-cultura-de-limeira-promove-formacoes-antirracistas-para-estudantes-da-rede-estadual\/"},"modified":"2026-05-27T08:44:51","modified_gmt":"2026-05-27T11:44:51","slug":"secretaria-de-cultura-de-limeira-promove-formacoes-antirracistas-para-estudantes-da-rede-estadual","status":"publish","type":"post","link":"https:\/\/guialimeira.com.br\/news\/secretaria-de-cultura-de-limeira-promove-formacoes-antirracistas-para-estudantes-da-rede-estadual\/","title":{"rendered":"Secretaria de Cultura de Limeira promove forma\u00e7\u00f5es antirracistas para estudantes da rede estadual"},"content":{"rendered":"<p> <br \/>\n<\/p>\n<div>\n                <main class=\"\">&#13;<br \/>\n                    &#13;<br \/>\n&#13;<br \/>\n&#13;<br \/>\n&#13;<br \/>\n&#13;<br \/>\n&#13;<br \/>\n    <img data-recalc-dims=\"1\" decoding=\"async\" src=\"https:\/\/i0.wp.com\/ecrie.com.br\/sistema\/conteudos\/imagem\/m_137_0_1_27052026084039.jpg?w=696&#038;ssl=1\" alt=\"Secretaria de Cultura de Limeira promove forma\u00e7\u00f5es antirracistas para estudantes da rede estadual\"\/>&#13;<br \/>\n&#13;<br \/>\n&#13;<\/p>\n<p>\u00a0<\/p>\n<p>&#13;<\/p>\n<p>A Secretaria de Cultura de Limeira, por meio do Departamento de Promo\u00e7\u00e3o da Igualdade Racial (DPIR), promoveu nesta segunda-feira, dia 25 de maio, uma s\u00e9rie de forma\u00e7\u00f5es antirracistas voltadas para estudantes de escolas estaduais do munic\u00edpio. Os encontros contaram com palestras e debates focados na conscientiza\u00e7\u00e3o e no combate ao preconceito.<\/p>\n<p>&#13;<\/p>\n<p>\u00a0<\/p>\n<p>&#13;<\/p>\n<p>Na Escola Estadual Paulo Chaves, a atividade aconteceu no per\u00edodo da manh\u00e3 e reuniu 49 alunos do primeiro ano do ensino m\u00e9dio, al\u00e9m de quatro professores, dois psic\u00f3logos e da vice-diretora da institui\u00e7\u00e3o. Outra a\u00e7\u00e3o foi realizada no per\u00edodo da noite com quase 60 estudantes do segundo ano do ensino m\u00e9dio da Escola Estadual Jardim Paineiras, contando tamb\u00e9m com a presen\u00e7a de professores e da coordenadora pedag\u00f3gica.<\/p>\n<p>&#13;<\/p>\n<p>\u00a0<\/p>\n<p>&#13;<\/p>\n<p>A diretora do DPIR, Ana Lu\u00edsa Hebling, destacou o papel pedag\u00f3gico das atividades no ambiente escolar. &#8220;A forma\u00e7\u00e3o visa instruir e formar esses estudantes acerca do racismo estrutural e institucional, com \u00eanfase na hist\u00f3ria do racismo no Brasil. Tamb\u00e9m orientamos os adolescentes sobre o racismo recreativo, a criminaliza\u00e7\u00e3o da inj\u00faria racial e as diversas formas e protocolos de den\u00fancia&#8221;, afirmou a diretora.<\/p>\n<p>&#13;<\/p>\n<p>\u00a0<\/p>\n<p>&#13;<\/p>\n<p>As din\u00e2micas permitiram que os jovens compreendessem os mecanismos de opress\u00e3o hist\u00f3rica e se instrumentalizassem para identificar e combater pr\u00e1ticas discriminat\u00f3rias no cotidiano.<\/p>\n<p>&#13;<\/p>\n<p>\u00a0<\/p>\n<p>&#13;<\/p>\n<p>Este evento est\u00e1 alinhado aos Objetivos de Desenvolvimento Sustent\u00e1vel da ONU, especialmente o ODS 4 (Educa\u00e7\u00e3o de Qualidade), o ODS 10 (Redu\u00e7\u00e3o das Desigualdades) e o ODS 16 (Paz, Justi\u00e7a e Institui\u00e7\u00f5es Eficazes), pois investe na forma\u00e7\u00e3o cidad\u00e3 e na conscientiza\u00e7\u00e3o de jovens e educadores por meio de debates formativos gratuitos, combatendo o preconceito institucional e promovendo a inclus\u00e3o, o respeito \u00e0 diversidade e o conhecimento dos direitos fundamentais no ambiente escolar.<\/p>\n<p>&#13;<br \/>\n&#13;<br \/>\n&#13;<br \/>\n&#13;<\/p>\n<article class=\"conteudo-relacionado no-print\">&#13;<br \/>\n        &#13;<br \/>\n&#13;<br \/>\n        &#13;<br \/>\n    <\/article>\n<p>&#13;<br \/>\n&#13;<br \/>\n                <\/main><\/p><\/div>\n<p><br \/>\n<br \/><a href=\"https:\/\/limeira.sp.gov.br\/secretaria-de-cultura-de-limeira-promove-formacoes-antirracistas-para-estudantes-da-rede-estadual\" rel=\"noopener\">Informa\u00e7\u00f5es da PML <\/a><\/p>\n","protected":false},"excerpt":{"rendered":"<p>&#13; &#13; &#13; &#13; &#13; &#13; &#13; &#13; &#13; &#13; \u00a0 &#13; A Secretaria de Cultura de Limeira, por meio do Departamento de Promo\u00e7\u00e3o da Igualdade Racial (DPIR), promoveu nesta segunda-feira, dia 25 de maio, uma s\u00e9rie de forma\u00e7\u00f5es antirracistas voltadas para estudantes de escolas estaduais do munic\u00edpio. Os encontros contaram com palestras e debates [&hellip;]<\/p>\n","protected":false},"author":1,"featured_media":66924,"comment_status":"","ping_status":"open","sticky":false,"template":"","format":"standard","meta":{"_jetpack_newsletter_access":"","_jetpack_dont_email_post_to_subs":false,"_jetpack_newsletter_tier_id":0,"_jetpack_memberships_contains_paywalled_content":false,"_mbp_banners":[],"_jetpack_feature_clip_id":0,"_jetpack_memberships_contains_paid_content":false,"footnotes":"","jetpack_publicize_message":"","jetpack_publicize_feature_enabled":true,"jetpack_social_post_already_shared":true,"jetpack_social_options":{"image_generator_settings":{"template":"highway","default_image_id":0,"font":"","enabled":false},"version":2},"jetpack_post_was_ever_published":false},"categories":[16],"tags":[],"class_list":["post-66923","post","type-post","status-publish","format-standard","has-post-thumbnail","category-local"],"jetpack_publicize_connections":[],"jetpack-related-posts":[],"jetpack_shortlink":"https:\/\/wp.me\/p7Eq1F-hpp","jetpack_sharing_enabled":true,"jetpack_featured_media_url":"https:\/\/i0.wp.com\/guialimeira.com.br\/news\/wp-content\/uploads\/2026\/05\/m_137_0_1_27052026084039.jpg?fit=1024%2C768&ssl=1","_links":{"self":[{"href":"https:\/\/guialimeira.com.br\/news\/wp-json\/wp\/v2\/posts\/66923","targetHints":{"allow":["GET"]}}],"collection":[{"href":"https:\/\/guialimeira.com.br\/news\/wp-json\/wp\/v2\/posts"}],"about":[{"href":"https:\/\/guialimeira.com.br\/news\/wp-json\/wp\/v2\/types\/post"}],"author":[{"embeddable":true,"href":"https:\/\/guialimeira.com.br\/news\/wp-json\/wp\/v2\/users\/1"}],"replies":[{"embeddable":true,"href":"https:\/\/guialimeira.com.br\/news\/wp-json\/wp\/v2\/comments?post=66923"}],"version-history":[{"count":0,"href":"https:\/\/guialimeira.com.br\/news\/wp-json\/wp\/v2\/posts\/66923\/revisions"}],"wp:featuredmedia":[{"embeddable":true,"href":"https:\/\/guialimeira.com.br\/news\/wp-json\/wp\/v2\/media\/66924"}],"wp:attachment":[{"href":"https:\/\/guialimeira.com.br\/news\/wp-json\/wp\/v2\/media?parent=66923"}],"wp:term":[{"taxonomy":"category","embeddable":true,"href":"https:\/\/guialimeira.com.br\/news\/wp-json\/wp\/v2\/categories?post=66923"},{"taxonomy":"post_tag","embeddable":true,"href":"https:\/\/guialimeira.com.br\/news\/wp-json\/wp\/v2\/tags?post=66923"}],"curies":[{"name":"wp","href":"https:\/\/api.w.org\/{rel}","templated":true}]}}