{"id":6692,"date":"2024-05-28T10:23:56","date_gmt":"2024-05-28T13:23:56","guid":{"rendered":"https:\/\/guialimeira.com.br\/2024\/05\/28\/pela-1a-vez-em-24-anos-sp-registra-menos-de-200-homicidios-em-um-mes-de-abril\/"},"modified":"2024-05-28T10:23:56","modified_gmt":"2024-05-28T13:23:56","slug":"pela-1a-vez-em-24-anos-sp-registra-menos-de-200-homicidios-em-um-mes-de-abril","status":"publish","type":"post","link":"https:\/\/guialimeira.com.br\/news\/pela-1a-vez-em-24-anos-sp-registra-menos-de-200-homicidios-em-um-mes-de-abril\/","title":{"rendered":"Pela 1\u00aa vez em 24 anos, SP registra menos de 200 homic\u00eddios em um m\u00eas de abril"},"content":{"rendered":"<p> <br \/>\n<\/p>\n<div id=\"\">&#13;<br \/>\n                                <!-- Title -->&#13;<br \/>\n                                &#13;<br \/>\n&#13;<br \/>\n                                <!-- Excerpt -->&#13;<\/p>\n<p class=\"excerpt\">N\u00fameros seguem tend\u00eancia de 2023, quando estado teve queda recorde de homic\u00eddios e fechou o ano com a menor taxa da hist\u00f3ria<\/p>\n<p>&#13;<br \/>\n&#13;<br \/>\n                                &#13;\n                            <\/p><\/div>\n<div id=\"\">&#13;<\/p>\n<figure id=\"attachment_5889509\" style=\"width: 100%;max-width: 1910px\" class=\"wp-caption alignnone\"><img data-recalc-dims=\"1\" decoding=\"async\" loading=\"lazy\" class=\"size-full wp-image-5889509\" src=\"https:\/\/i0.wp.com\/www.saopaulo.sp.gov.br\/wp-content\/uploads\/2024\/05\/00054731.png?resize=696%2C344&#038;ssl=1\" alt=\"\" width=\"696\" height=\"344\" srcset=\"https:\/\/www.saopaulo.sp.gov.br\/wp-content\/uploads\/2024\/05\/00054731.png 1910w, https:\/\/www.saopaulo.sp.gov.br\/wp-content\/uploads\/2024\/05\/00054731-300x148.png 300w, https:\/\/www.saopaulo.sp.gov.br\/wp-content\/uploads\/2024\/05\/00054731-1024x507.png 1024w, https:\/\/www.saopaulo.sp.gov.br\/wp-content\/uploads\/2024\/05\/00054731-768x380.png 768w, https:\/\/www.saopaulo.sp.gov.br\/wp-content\/uploads\/2024\/05\/00054731-1536x760.png 1536w\" sizes=\"auto, (max-width: 1910px) 100vw, 1910px\"\/><figcaption class=\"wp-caption-text\">For\u00e7as de seguran\u00e7a do Estado de SP atuam para a redu\u00e7\u00e3o dos \u00edndices criminais<\/figcaption><\/figure>\n<p><span style=\"font-weight: 400;\">O n\u00famero de homic\u00eddios registrados em abril em todo o estado de S\u00e3o Paulo bateu a menor marca mensal da s\u00e9rie hist\u00f3rica. Foram 188 delitos ante 226 registrados no mesmo per\u00edodo do ano passado: queda de 16,8%. \u00c9 a primeira vez em 24 anos que o n\u00famero de casos fica abaixo de 200 em um m\u00eas de abril.<\/span><\/p>\n<p><span style=\"font-weight: 400;\">O recuo nos casos de homic\u00eddios j\u00e1 vem sendo acompanhado ao longo dos meses. Em mar\u00e7o, houve o menor registro da s\u00e9rie hist\u00f3rica para o m\u00eas, com 227 casos. O mesmo aconteceu em janeiro, quando houve 215 registros. Os n\u00fameros seguem a tend\u00eancia observada em 2023, quando o estado teve queda recorde de homic\u00eddios e fechou o ano com a menor taxa da hist\u00f3ria.<\/span><\/p>\n<p><span style=\"font-weight: 400;\"><a href=\"https:\/\/www.saopaulo.sp.gov.br\/spnoticias\/ultimas-noticias\/latrocinios-diminuem-e-homicidios-tem-queda-de-mais-de-30-em-abril-na-capital\/\" target=\"_blank\" rel=\"noopener noreferrer\">Ainda em rela\u00e7\u00e3o aos crimes contra a vida, os latroc\u00ednios \u2014 roubos seguidos de morte \u2014<\/a>\u00a0 registraram 14 casos em abril, dois a menos no comparativo. Os feminic\u00eddios tamb\u00e9m diminu\u00edram, de 19 para 16. J\u00e1 os estupros aumentaram 8,3%, de 1.126 para 1.219 \u2014 93 casos a mais no per\u00edodo.<\/span><\/p>\n<h3><span style=\"font-weight: 400;\">Roubos em queda<\/span><\/h3>\n<p><span style=\"font-weight: 400;\"><a href=\"https:\/\/www.saopaulo.sp.gov.br\/spnoticias\/ultimas-noticias\/roubos-tem-queda-no-interior-grande-sp-e-baixada-santista\/\" target=\"_blank\" rel=\"noopener noreferrer\">Os roubos em geral, de ve\u00edculos, de carga e a bancos tiveram quedas em abril em todo o estado<\/a>. No total, foram quase 2 mil crimes a menos.<\/span><\/p>\n<p><span style=\"font-weight: 400;\">As maiores quedas foram em ocorr\u00eancias relacionadas a ve\u00edculos e a cargas. <a href=\"https:\/\/www.saopaulo.sp.gov.br\/spnoticias\/ultimas-noticias\/roubos-de-veiculos-caem-quase-20-em-abril-na-capital-paulista\/\" target=\"_blank\" rel=\"noopener noreferrer\">Os roubos de ve\u00edculos<\/a> ca\u00edram 16,3% no m\u00eas anterior, de 3.079 para 2.576 casos. Os de carga reduziram 16,4%, de 475 para 397 ocorr\u00eancias. \u00c9 a menor marca para esse tipo de crime em um m\u00eas desde 2004.<\/span><\/p>\n<p><span style=\"font-weight: 400;\">Os roubos em geral passaram de 17.868 para 16.605 em abril deste ano \u2014 retra\u00e7\u00e3o de 7,1%. N\u00e3o houve registros de roubos a banco para o m\u00eas.<\/span><\/p>\n<p><span style=\"font-weight: 400;\">J\u00e1 os furtos tiveram um acr\u00e9scimo no per\u00edodo. Os furtos em geral, que incluem os de carga, oscilaram 1,6% em abril, fechando o m\u00eas com 45.971 ocorr\u00eancias. Os furtos de ve\u00edculos chegaram a 7.819 registros, 3,9% a mais em rela\u00e7\u00e3o aos 7.522 boletins elaborados no ano anterior.<\/span><\/p>\n<\/p><\/div>\n<p><br \/>\n<br \/><a href=\"https:\/\/www.saopaulo.sp.gov.br\/spnoticias\/ultimas-noticias\/pela-1a-vez-em-24-anos-sp-registra-menos-de-200-homicidios-em-um-mes-de-abril\/\" rel=\"noopener\">Informa\u00e7\u00f5es GOV.SP<\/a><\/p>\n","protected":false},"excerpt":{"rendered":"<p>&#13; &#13; &#13; &#13; &#13; N\u00fameros seguem tend\u00eancia de 2023, quando estado teve queda recorde de homic\u00eddios e fechou o ano com a menor taxa da hist\u00f3ria &#13; &#13; &#13; &#13; For\u00e7as de seguran\u00e7a do Estado de SP atuam para a redu\u00e7\u00e3o dos \u00edndices criminais O n\u00famero de homic\u00eddios registrados em abril em todo o [&hellip;]<\/p>\n","protected":false},"author":1,"featured_media":6693,"comment_status":"open","ping_status":"open","sticky":false,"template":"","format":"standard","meta":{"_jetpack_newsletter_access":"","_jetpack_dont_email_post_to_subs":false,"_jetpack_newsletter_tier_id":0,"_jetpack_memberships_contains_paywalled_content":false,"_mbp_banners":[],"_jetpack_feature_clip_id":0,"_jetpack_memberships_contains_paid_content":false,"footnotes":"","jetpack_publicize_message":"","jetpack_publicize_feature_enabled":true,"jetpack_social_post_already_shared":true,"jetpack_social_options":{"image_generator_settings":{"template":"highway","default_image_id":0,"font":"","enabled":false},"version":2},"jetpack_post_was_ever_published":false},"categories":[21],"tags":[],"class_list":["post-6692","post","type-post","status-publish","format-standard","has-post-thumbnail","category-sp-news"],"jetpack_publicize_connections":[],"jetpack-related-posts":[],"jetpack_shortlink":"https:\/\/wp.me\/p7Eq1F-1JW","jetpack_sharing_enabled":true,"jetpack_featured_media_url":"https:\/\/i0.wp.com\/guialimeira.com.br\/news\/wp-content\/uploads\/2024\/05\/Pela-1a-vez-em-24-anos-SP-registra-menos-de.png?fit=1910%2C945&ssl=1","_links":{"self":[{"href":"https:\/\/guialimeira.com.br\/news\/wp-json\/wp\/v2\/posts\/6692","targetHints":{"allow":["GET"]}}],"collection":[{"href":"https:\/\/guialimeira.com.br\/news\/wp-json\/wp\/v2\/posts"}],"about":[{"href":"https:\/\/guialimeira.com.br\/news\/wp-json\/wp\/v2\/types\/post"}],"author":[{"embeddable":true,"href":"https:\/\/guialimeira.com.br\/news\/wp-json\/wp\/v2\/users\/1"}],"replies":[{"embeddable":true,"href":"https:\/\/guialimeira.com.br\/news\/wp-json\/wp\/v2\/comments?post=6692"}],"version-history":[{"count":0,"href":"https:\/\/guialimeira.com.br\/news\/wp-json\/wp\/v2\/posts\/6692\/revisions"}],"wp:featuredmedia":[{"embeddable":true,"href":"https:\/\/guialimeira.com.br\/news\/wp-json\/wp\/v2\/media\/6693"}],"wp:attachment":[{"href":"https:\/\/guialimeira.com.br\/news\/wp-json\/wp\/v2\/media?parent=6692"}],"wp:term":[{"taxonomy":"category","embeddable":true,"href":"https:\/\/guialimeira.com.br\/news\/wp-json\/wp\/v2\/categories?post=6692"},{"taxonomy":"post_tag","embeddable":true,"href":"https:\/\/guialimeira.com.br\/news\/wp-json\/wp\/v2\/tags?post=6692"}],"curies":[{"name":"wp","href":"https:\/\/api.w.org\/{rel}","templated":true}]}}