{"id":66870,"date":"2026-05-26T17:45:53","date_gmt":"2026-05-26T20:45:53","guid":{"rendered":"https:\/\/guialimeira.com.br\/costa-junior-solicita-renovacao-dos-aparelhos-de-musculacao-da-academia-municipal-alberto-savoi\/"},"modified":"2026-05-26T17:45:53","modified_gmt":"2026-05-26T20:45:53","slug":"costa-junior-solicita-renovacao-dos-aparelhos-de-musculacao-da-academia-municipal-alberto-savoi","status":"publish","type":"post","link":"https:\/\/guialimeira.com.br\/news\/costa-junior-solicita-renovacao-dos-aparelhos-de-musculacao-da-academia-municipal-alberto-savoi\/","title":{"rendered":"Costa J\u00fanior solicita renova\u00e7\u00e3o dos aparelhos de muscula\u00e7\u00e3o da Academia Municipal Alberto Savoi"},"content":{"rendered":"<p>Costa J\u00fanior solicita renova\u00e7\u00e3o dos aparelhos de muscula\u00e7\u00e3o da Academia Municipal Alberto Savoi<\/p>\n<p>O vereador Costa Junior (Podemos) apresentou nesta segunda-feira, 25 de maio, a Indica\u00e7\u00e3o N\u00b0 2313\/2026 solicitando a realiza\u00e7\u00e3o de estudos para a substitui\u00e7\u00e3o e moderniza\u00e7\u00e3o dos aparelhos de muscula\u00e7\u00e3o da Academia Municipal Alberto Savoi. Segundo o parlamentar, a proposta tem como principal objetivo garantir mais seguran\u00e7a, conforto e efici\u00eancia para a popula\u00e7\u00e3o que frequenta o espa\u00e7o.<\/p>\n<p>Estrutura adequada e promo\u00e7\u00e3o da sa\u00fade<\/p>\n<p>A indica\u00e7\u00e3o explica que a Academia Municipal Alberto Savoi \u00e9 um espa\u00e7o amplamente utilizado pelos moradores de Limeira para a pr\u00e1tica esportiva, promo\u00e7\u00e3o da sa\u00fade e melhoria da qualidade de vida. Atualmente, o local sedia diversas aulas e atividades de muscula\u00e7\u00e3o promovidas pela Secretaria de Esporte e Lazer.<\/p>\n<p>O vereador ressaltou que, devido ao grande fluxo di\u00e1rio de usu\u00e1rios e ao uso cont\u00ednuo, os equipamentos sofreram um desgaste natural. \u201c A renova\u00e7\u00e3o do maquin\u00e1rio \u00e9 fundamental para que as atividades continuem sendo desenvolvidas com excel\u00eancia\u201d, expressou.<\/p>\n<p>&#8220;A moderniza\u00e7\u00e3o dos equipamentos contribuir\u00e1 para incentivar ainda mais a pr\u00e1tica esportiva, garantindo estrutura adequada aos frequentadores, promovendo bem-estar, preven\u00e7\u00e3o de doen\u00e7as e melhoria da qualidade de vida dos mun\u00edcipes&#8221;, destacou Costa J\u00fanior.<\/p>\n<p>Do Gabinete Parlamentar &#8211; Vereador Costa J\u00fanior (Podemos)<\/p>\n<p>*Fotos do Gabinete Parlamentar<\/p>\n<p>As mat\u00e9rias de origem dos Gabinetes Parlamentares s\u00e3o de inteira\u00a0 responsabilidade dos parlamentares e de suas assessorias. S\u00e3o devidamente assinadas e n\u00e3o refletem, necessariamente, a opini\u00e3o institucional da C\u00e2mara Municipal de Limeira.<\/p>\n<hr>\n<p><em>Fonte: <a href=\"https:\/\/www.limeira.sp.leg.br\/noticias\/view\/2026-05-26_costa-junior-solicita-renovacao-dos-aparelhos-de-musculacao-da-academia-municipal-alberto-savoi\" target=\"_blank\" rel=\"noopener\">C\u00e2mara Municipal de Limeira<\/a><\/em><\/p>\n","protected":false},"excerpt":{"rendered":"<p>Costa J\u00fanior solicita renova\u00e7\u00e3o dos aparelhos de muscula\u00e7\u00e3o da Academia Municipal Alberto Savoi<\/p>\n<p>O vereador Costa Junior (Podemos) apresentou nesta segunda-feira, 25 de maio, a Indica\u00e7\u00e3o N\u00b0 2313\/2026 solicitando a realiza\u00e7\u00e3o de estudos para a substitui\u00e7\u00e3o e moderniza\u00e7\u00e3o dos aparelhos de muscula\u00e7\u00e3o d<\/p>\n","protected":false},"author":4,"featured_media":66869,"comment_status":"","ping_status":"open","sticky":false,"template":"","format":"standard","meta":{"_jetpack_newsletter_access":"","_jetpack_dont_email_post_to_subs":false,"_jetpack_newsletter_tier_id":0,"_jetpack_memberships_contains_paywalled_content":false,"_mbp_banners":[],"_jetpack_feature_clip_id":0,"_jetpack_memberships_contains_paid_content":false,"footnotes":"","jetpack_publicize_message":"","jetpack_publicize_feature_enabled":true,"jetpack_social_post_already_shared":true,"jetpack_social_options":{"image_generator_settings":{"template":"highway","default_image_id":0,"font":"","enabled":false},"version":2},"jetpack_post_was_ever_published":false},"categories":[19],"tags":[],"class_list":["post-66870","post","type-post","status-publish","format-standard","has-post-thumbnail","category-politica"],"jetpack_publicize_connections":[],"jetpack-related-posts":[],"jetpack_shortlink":"https:\/\/wp.me\/p7Eq1F-hoy","jetpack_sharing_enabled":true,"jetpack_featured_media_url":"https:\/\/i0.wp.com\/guialimeira.com.br\/news\/wp-content\/uploads\/2026\/05\/noticia-camara-106.jpg?fit=1280%2C640&ssl=1","_links":{"self":[{"href":"https:\/\/guialimeira.com.br\/news\/wp-json\/wp\/v2\/posts\/66870","targetHints":{"allow":["GET"]}}],"collection":[{"href":"https:\/\/guialimeira.com.br\/news\/wp-json\/wp\/v2\/posts"}],"about":[{"href":"https:\/\/guialimeira.com.br\/news\/wp-json\/wp\/v2\/types\/post"}],"author":[{"embeddable":true,"href":"https:\/\/guialimeira.com.br\/news\/wp-json\/wp\/v2\/users\/4"}],"replies":[{"embeddable":true,"href":"https:\/\/guialimeira.com.br\/news\/wp-json\/wp\/v2\/comments?post=66870"}],"version-history":[{"count":0,"href":"https:\/\/guialimeira.com.br\/news\/wp-json\/wp\/v2\/posts\/66870\/revisions"}],"wp:featuredmedia":[{"embeddable":true,"href":"https:\/\/guialimeira.com.br\/news\/wp-json\/wp\/v2\/media\/66869"}],"wp:attachment":[{"href":"https:\/\/guialimeira.com.br\/news\/wp-json\/wp\/v2\/media?parent=66870"}],"wp:term":[{"taxonomy":"category","embeddable":true,"href":"https:\/\/guialimeira.com.br\/news\/wp-json\/wp\/v2\/categories?post=66870"},{"taxonomy":"post_tag","embeddable":true,"href":"https:\/\/guialimeira.com.br\/news\/wp-json\/wp\/v2\/tags?post=66870"}],"curies":[{"name":"wp","href":"https:\/\/api.w.org\/{rel}","templated":true}]}}