{"id":66865,"date":"2026-05-26T17:26:16","date_gmt":"2026-05-26T20:26:16","guid":{"rendered":"https:\/\/guialimeira.com.br\/7a-alegria-expo-brutos-reune-mais-de-40-empresas-e-fortalece-setor-de-semijoias-em-limeira\/"},"modified":"2026-05-26T17:26:16","modified_gmt":"2026-05-26T20:26:16","slug":"7a-alegria-expo-brutos-reune-mais-de-40-empresas-e-fortalece-setor-de-semijoias-em-limeira","status":"publish","type":"post","link":"https:\/\/guialimeira.com.br\/news\/7a-alegria-expo-brutos-reune-mais-de-40-empresas-e-fortalece-setor-de-semijoias-em-limeira\/","title":{"rendered":"7\u00aa Alegria Expo Brutos re\u00fane mais de 40 empresas e fortalece setor de semijoias em Limeira"},"content":{"rendered":"<p> <br \/>\n<\/p>\n<div>\n                <main class=\"\">&#13;<br \/>\n                    &#13;<br \/>\n&#13;<br \/>\n&#13;<br \/>\n&#13;<br \/>\n&#13;<br \/>\n&#13;<br \/>\n    <img data-recalc-dims=\"1\" decoding=\"async\" src=\"https:\/\/i0.wp.com\/ecrie.com.br\/sistema\/conteudos\/imagem\/m_137_0_1_26052026172355.jpg?w=696&#038;ssl=1\" alt=\"7\u00aa Alegria Expo Brutos re\u00fane mais de 40 empresas e fortalece setor de semijoias em Limeira\"\/>&#13;<br \/>\n&#13;<br \/>\n&#13;<\/p>\n<p style=\"text-align: justify;\">A 7\u00aa edi\u00e7\u00e3o da Alegria Expo Brutos come\u00e7ou nesta ter\u00e7a-feira (26) e segue at\u00e9 quinta-feira (28), das 7h30 \u00e0s 19h30, reunindo mais de 40 empresas entre fabricantes e fornecedores do segmento de bruto para semijoias. O evento, que tem o apoio da Prefeitura, acontece na regi\u00e3o conhecida como Rua da Alegria, no Jardim Boa Vista. O prefeito Murilo F\u00e9lix e o vice-prefeito Fabiano D\u2019Andr\u00e9a participaram da cerim\u00f4nia de abertura, ao lado de empres\u00e1rios e representantes do setor.<\/p>\n<p>&#13;<\/p>\n<p style=\"text-align: justify;\">\u201cQuando falamos do setor de semijoias, tratamos de um segmento que movimenta a economia, gera empregos e leva o nome de Limeira para todo o Brasil e tamb\u00e9m para o exterior. A Prefeitura tem trabalhado para fortalecer esse mercado, buscando investimentos, qualifica\u00e7\u00e3o profissional e apoio aos empres\u00e1rios\u201d, afirmou o prefeito Murilo F\u00e9lix.<\/p>\n<p>&#13;<\/p>\n<p style=\"text-align: justify;\">O prefeito tamb\u00e9m ressaltou a conquista da Cadeia Produtiva Local (CPL) de Joias Folheadas e novas iniciativas voltadas \u00e0 capacita\u00e7\u00e3o profissional. \u201cLimeira recebeu recursos importantes para o setor e vamos trazer programas de qualifica\u00e7\u00e3o, como o Empretec, ampliando oportunidades para empres\u00e1rios e trabalhadores\u201d, completou.<\/p>\n<p>&#13;<\/p>\n<p style=\"text-align: justify;\">A feira re\u00fane fabricantes, fornecedores e profissionais do mercado em um ambiente voltado \u00e0 gera\u00e7\u00e3o de neg\u00f3cios e apresenta\u00e7\u00e3o de tend\u00eancias do segmento. Segundo a organiza\u00e7\u00e3o, a expectativa \u00e9 receber cerca de mil visitantes ao longo dos tr\u00eas dias de evento.<\/p>\n<p>&#13;<\/p>\n<p style=\"text-align: justify;\">\u201cOs visitantes encontrar\u00e3o muitas novidades, condi\u00e7\u00f5es especiais de pagamento e oportunidades de neg\u00f3cios. Al\u00e9m de impulsionar o segmento de joias em bruto, a Expo Brutos tamb\u00e9m beneficia hot\u00e9is, restaurantes e diversos servi\u00e7os da cidade\u201d, explicou Fernanda Furlan, integrante da Comiss\u00e3o Organizadora.<\/p>\n<p>&#13;<\/p>\n<p style=\"text-align: justify;\">Tamb\u00e9m participaram da cerim\u00f4nia o presidente da Acil (Associa\u00e7\u00e3o Comercial e Industrial de Limeira), Dr. Valmir Martins, e os vereadores Estev\u00e3o Nogueira e Elias Barbosa.<\/p>\n<p>&#13;<\/p>\n<p style=\"text-align: justify;\">SERVI\u00c7O<\/p>\n<p>&#13;<\/p>\n<p style=\"text-align: justify;\">Alegria Expo Brutos<\/p>\n<p>&#13;<\/p>\n<p style=\"text-align: justify;\">Dias 26, 27 e 28 de maio<br \/>Das 7h30 \u00e0s 19h30<br \/>Rua da Alegria &#8211; Jardim Boa Vista<\/p>\n<p>&#13;<br \/>\n&#13;<br \/>\n&#13;<br \/>\n&#13;<\/p>\n<article class=\"conteudo-relacionado no-print\">&#13;<br \/>\n        &#13;<br \/>\n&#13;<br \/>\n        &#13;<br \/>\n    <\/article>\n<p>&#13;<br \/>\n&#13;<br \/>\n                <\/main><\/p><\/div>\n<p><br \/>\n<br \/><a href=\"https:\/\/limeira.sp.gov.br\/7-alegria-expo-brutos-reune-mais-de-40-empresas-e-fortalece-setor-de-semijoias-em-limeira\" rel=\"noopener\">Informa\u00e7\u00f5es da PML <\/a><\/p>\n","protected":false},"excerpt":{"rendered":"<p>&#13; &#13; &#13; &#13; &#13; &#13; &#13; &#13; &#13; &#13; A 7\u00aa edi\u00e7\u00e3o da Alegria Expo Brutos come\u00e7ou nesta ter\u00e7a-feira (26) e segue at\u00e9 quinta-feira (28), das 7h30 \u00e0s 19h30, reunindo mais de 40 empresas entre fabricantes e fornecedores do segmento de bruto para semijoias. O evento, que tem o apoio da Prefeitura, acontece na [&hellip;]<\/p>\n","protected":false},"author":1,"featured_media":66866,"comment_status":"","ping_status":"open","sticky":false,"template":"","format":"standard","meta":{"_jetpack_newsletter_access":"","_jetpack_dont_email_post_to_subs":false,"_jetpack_newsletter_tier_id":0,"_jetpack_memberships_contains_paywalled_content":false,"_mbp_banners":[],"_jetpack_feature_clip_id":0,"_jetpack_memberships_contains_paid_content":false,"footnotes":"","jetpack_publicize_message":"","jetpack_publicize_feature_enabled":true,"jetpack_social_post_already_shared":true,"jetpack_social_options":{"image_generator_settings":{"template":"highway","default_image_id":0,"font":"","enabled":false},"version":2},"jetpack_post_was_ever_published":false},"categories":[16],"tags":[],"class_list":["post-66865","post","type-post","status-publish","format-standard","has-post-thumbnail","category-local"],"jetpack_publicize_connections":[],"jetpack-related-posts":[],"jetpack_shortlink":"https:\/\/wp.me\/p7Eq1F-hot","jetpack_sharing_enabled":true,"jetpack_featured_media_url":"https:\/\/i0.wp.com\/guialimeira.com.br\/news\/wp-content\/uploads\/2026\/05\/m_137_0_1_26052026172355.jpg?fit=1024%2C576&ssl=1","_links":{"self":[{"href":"https:\/\/guialimeira.com.br\/news\/wp-json\/wp\/v2\/posts\/66865","targetHints":{"allow":["GET"]}}],"collection":[{"href":"https:\/\/guialimeira.com.br\/news\/wp-json\/wp\/v2\/posts"}],"about":[{"href":"https:\/\/guialimeira.com.br\/news\/wp-json\/wp\/v2\/types\/post"}],"author":[{"embeddable":true,"href":"https:\/\/guialimeira.com.br\/news\/wp-json\/wp\/v2\/users\/1"}],"replies":[{"embeddable":true,"href":"https:\/\/guialimeira.com.br\/news\/wp-json\/wp\/v2\/comments?post=66865"}],"version-history":[{"count":0,"href":"https:\/\/guialimeira.com.br\/news\/wp-json\/wp\/v2\/posts\/66865\/revisions"}],"wp:featuredmedia":[{"embeddable":true,"href":"https:\/\/guialimeira.com.br\/news\/wp-json\/wp\/v2\/media\/66866"}],"wp:attachment":[{"href":"https:\/\/guialimeira.com.br\/news\/wp-json\/wp\/v2\/media?parent=66865"}],"wp:term":[{"taxonomy":"category","embeddable":true,"href":"https:\/\/guialimeira.com.br\/news\/wp-json\/wp\/v2\/categories?post=66865"},{"taxonomy":"post_tag","embeddable":true,"href":"https:\/\/guialimeira.com.br\/news\/wp-json\/wp\/v2\/tags?post=66865"}],"curies":[{"name":"wp","href":"https:\/\/api.w.org\/{rel}","templated":true}]}}