{"id":66861,"date":"2026-05-26T17:10:54","date_gmt":"2026-05-26T20:10:54","guid":{"rendered":"https:\/\/guialimeira.com.br\/12-projetos-sao-analisados-pela-ccjr-quatro-recebem-pareceres-favoraveis\/"},"modified":"2026-05-26T17:10:54","modified_gmt":"2026-05-26T20:10:54","slug":"12-projetos-sao-analisados-pela-ccjr-quatro-recebem-pareceres-favoraveis","status":"publish","type":"post","link":"https:\/\/guialimeira.com.br\/news\/12-projetos-sao-analisados-pela-ccjr-quatro-recebem-pareceres-favoraveis\/","title":{"rendered":"12 projetos s\u00e3o analisados pela CCJR; quatro recebem pareceres favor\u00e1veis"},"content":{"rendered":"<p>12 projetos s\u00e3o analisados pela CCJR; quatro recebem pareceres favor\u00e1veis<\/p>\n<p>12 projetos s\u00e3o analisados pela Comiss\u00e3o de Constitui\u00e7\u00e3o, Justi\u00e7a e Reda\u00e7\u00e3o (CCJR) da C\u00e2mara na reuni\u00e3o desta ter\u00e7a-feira, 26 de maio. Quatro receberam pareceres favor\u00e1veis e os demais permanecem em estudo ou foram encaminhados \u00e0 Procuradoria Legislativa, conforme registro em ata.<\/p>\n<p>A CCJR analisa os aspectos constitucional, legal, regimental, gramatical e l\u00f3gico de todas as proposi\u00e7\u00f5es que tramitam na C\u00e2mara. Fazem parte da Comiss\u00e3o as vereadoras Mara Isa Mattos Silveira (PL), presidente; Mariana Calsa (PSB), vice-presidente; e Joyce Dias (PSD), secret\u00e1ria.<\/p>\n<p>Confira as proposituras com pareceres favor\u00e1veis:<\/p>\n<p>Projeto de Lei N\u00ba 66\/2026, do vereador Everton Ferreira (PSD), institui diretrizes para a Pol\u00edtica Municipal de Aten\u00e7\u00e3o \u00e0 Pessoa com Atrofia Muscular Espinhal (AME).<\/p>\n<p>Projeto de Lei N\u00ba 225\/2025 + Emenda N\u00ba 1 e N\u00ba 2 ao Substitutivo N\u00ba 77, da vereadora Tatiane Lopes (Avante), altera a reda\u00e7\u00e3o do \u00a74\u00ba do art. 58, do \u00a74\u00ba do art. 60, e inclui o \u00a75\u00ba ao art. 60, todos da Lei N\u00ba 6.260\/2019 (C\u00f3digo Municipal dos Direitos dos Animais), para proibir a cria\u00e7\u00e3o de animais de grande porte soltos em \u00e1reas p\u00fablicas de Limeira.<\/p>\n<p>Projeto de Lei Complementar N\u00ba 14\/2026, do vereador Felipe Penedo (PL), altera a Lei Ordin\u00e1ria N\u00ba 1.096\/1969 (C\u00f3digo de Obras e Urbanismo), para estabelecer crit\u00e9rios objetivos para defini\u00e7\u00e3o de \u00e1rea constru\u00edda comput\u00e1vel para fins de c\u00e1lculo de vagas de estacionamento em edifica\u00e7\u00f5es n\u00e3o residenciais em Limeira.<\/p>\n<p>Projeto de Lei Complementar N\u00ba 15\/2026, do vereador Felipe Penedo (PL), altera a Lei Ordin\u00e1ria N\u00ba 1.096\/1969 (C\u00f3digo de Obras e Urbanismo), para incluir a tipologia habitacional \u201cst\u00fadio\u201d em Limeira.<\/p>\n<hr>\n<p><em>Fonte: <a href=\"https:\/\/www.limeira.sp.leg.br\/noticias\/view\/2026-05-26_12-projetos-sao-analisados-pela-ccjr-quatro-recebem-pareceres-favoraveis\" target=\"_blank\" rel=\"noopener\">C\u00e2mara Municipal de Limeira<\/a><\/em><\/p>\n","protected":false},"excerpt":{"rendered":"<p>12 projetos s\u00e3o analisados pela CCJR; quatro recebem pareceres favor\u00e1veis<\/p>\n<p>12 projetos s\u00e3o analisados pela Comiss\u00e3o de Constitui\u00e7\u00e3o, Justi\u00e7a e Reda\u00e7\u00e3o (CCJR) da C\u00e2mara na reuni\u00e3o desta ter\u00e7a-feira, 26 de maio. Quatro receberam pareceres favor\u00e1veis e os demais permanecem em estudo ou foram encaminhad<\/p>\n","protected":false},"author":4,"featured_media":66860,"comment_status":"","ping_status":"open","sticky":false,"template":"","format":"standard","meta":{"_jetpack_newsletter_access":"","_jetpack_dont_email_post_to_subs":false,"_jetpack_newsletter_tier_id":0,"_jetpack_memberships_contains_paywalled_content":false,"_mbp_banners":[],"_jetpack_feature_clip_id":0,"_jetpack_memberships_contains_paid_content":false,"footnotes":"","jetpack_publicize_message":"","jetpack_publicize_feature_enabled":true,"jetpack_social_post_already_shared":true,"jetpack_social_options":{"image_generator_settings":{"template":"highway","default_image_id":0,"font":"","enabled":false},"version":2},"jetpack_post_was_ever_published":false},"categories":[19],"tags":[],"class_list":["post-66861","post","type-post","status-publish","format-standard","has-post-thumbnail","category-politica"],"jetpack_publicize_connections":[],"jetpack-related-posts":[],"jetpack_shortlink":"https:\/\/wp.me\/p7Eq1F-hop","jetpack_sharing_enabled":true,"jetpack_featured_media_url":"https:\/\/i0.wp.com\/guialimeira.com.br\/news\/wp-content\/uploads\/2026\/05\/noticia-camara-105.jpg?fit=1280%2C640&ssl=1","_links":{"self":[{"href":"https:\/\/guialimeira.com.br\/news\/wp-json\/wp\/v2\/posts\/66861","targetHints":{"allow":["GET"]}}],"collection":[{"href":"https:\/\/guialimeira.com.br\/news\/wp-json\/wp\/v2\/posts"}],"about":[{"href":"https:\/\/guialimeira.com.br\/news\/wp-json\/wp\/v2\/types\/post"}],"author":[{"embeddable":true,"href":"https:\/\/guialimeira.com.br\/news\/wp-json\/wp\/v2\/users\/4"}],"replies":[{"embeddable":true,"href":"https:\/\/guialimeira.com.br\/news\/wp-json\/wp\/v2\/comments?post=66861"}],"version-history":[{"count":0,"href":"https:\/\/guialimeira.com.br\/news\/wp-json\/wp\/v2\/posts\/66861\/revisions"}],"wp:featuredmedia":[{"embeddable":true,"href":"https:\/\/guialimeira.com.br\/news\/wp-json\/wp\/v2\/media\/66860"}],"wp:attachment":[{"href":"https:\/\/guialimeira.com.br\/news\/wp-json\/wp\/v2\/media?parent=66861"}],"wp:term":[{"taxonomy":"category","embeddable":true,"href":"https:\/\/guialimeira.com.br\/news\/wp-json\/wp\/v2\/categories?post=66861"},{"taxonomy":"post_tag","embeddable":true,"href":"https:\/\/guialimeira.com.br\/news\/wp-json\/wp\/v2\/tags?post=66861"}],"curies":[{"name":"wp","href":"https:\/\/api.w.org\/{rel}","templated":true}]}}