{"id":6685,"date":"2024-05-28T10:10:43","date_gmt":"2024-05-28T13:10:43","guid":{"rendered":"https:\/\/guialimeira.com.br\/2024\/05\/28\/francisco-goncalves-de-lima-recebera-o-titulo-de-cidadao-limeirense\/"},"modified":"2024-05-28T10:10:43","modified_gmt":"2024-05-28T13:10:43","slug":"francisco-goncalves-de-lima-recebera-o-titulo-de-cidadao-limeirense","status":"publish","type":"post","link":"https:\/\/guialimeira.com.br\/news\/francisco-goncalves-de-lima-recebera-o-titulo-de-cidadao-limeirense\/","title":{"rendered":"Francisco Gon\u00e7alves de Lima receber\u00e1 o T\u00edtulo de Cidad\u00e3o Limeirense"},"content":{"rendered":"<p> <br \/>\n<\/p>\n<div>\n<p>Nesta segunda-feira, 27 de maio, durante a sess\u00e3o ordin\u00e1ria, foi aprovado o <a href=\"http:\/\/consulta.limeira.sp.leg.br\/Documentos\/Documento\/340431\" rel=\"noopener\">Projeto de Decreto Legislativo N\u00b0 5\/2024<\/a>, de autoria do vereador Elias Barbosa (PRTB), que concede o T\u00edtulo de Cidad\u00e3o Limeirense \u00e0 Francisco Gon\u00e7alves de Lima pelos relevantes servi\u00e7os prestados \u00e0 popula\u00e7\u00e3o do munic\u00edpio.<\/p>\n<p>O homenageado chegou na cidade de Limeira com 13 anos, no ano de 1970, junto com os pais e irm\u00e3os. De 1982 a 2016, trabalhou como professor de educa\u00e7\u00e3o f\u00edsica em escolas p\u00fablicas e privadas e como t\u00e9cnico desportivo do munic\u00edpio, desempenhando diversas fun\u00e7\u00f5es na Secretaria Municipal de Esporte.<\/p>\n<p>Francisco \u00e9 casado e pai de quatro filhos: Tiago da Silveira Lima, Mateus da Silveira Lima, Felipe da Silveira Lima e Mariana da Silveira Lima, todos limeirenses, e tamb\u00e9m tem quatro netos.<\/p>\n<p>\u201cAtrav\u00e9s de seu trabalho, Francisco demonstrou valores como dedica\u00e7\u00e3o, integridade e paix\u00e3o pela cidade, influenciando positivamente gera\u00e7\u00f5es e contribuindo para a forma\u00e7\u00e3o de um legado de esporte, educa\u00e7\u00e3o e cidadania\u201d, justificou o vereador.<\/p>\n<\/p><\/div>\n<p><br \/>\n<br \/><a href=\"https:\/\/www.limeira.sp.leg.br\/noticias\/view\/2024-05-28_francisco-goncalves-de-lima-recebera-o-titulo-de-cidadao-limeirense\" rel=\"noopener\">Informa\u00e7\u00f5es CML<\/a><\/p>\n","protected":false},"excerpt":{"rendered":"<p>Nesta segunda-feira, 27 de maio, durante a sess\u00e3o ordin\u00e1ria, foi aprovado o Projeto de Decreto Legislativo N\u00b0 5\/2024, de autoria do vereador Elias Barbosa (PRTB), que concede o T\u00edtulo de Cidad\u00e3o Limeirense \u00e0 Francisco Gon\u00e7alves de Lima pelos relevantes servi\u00e7os prestados \u00e0 popula\u00e7\u00e3o do munic\u00edpio. O homenageado chegou na cidade de Limeira com 13 anos, [&hellip;]<\/p>\n","protected":false},"author":1,"featured_media":0,"comment_status":"open","ping_status":"open","sticky":false,"template":"","format":"standard","meta":{"_jetpack_newsletter_access":"","_jetpack_dont_email_post_to_subs":false,"_jetpack_newsletter_tier_id":0,"_jetpack_memberships_contains_paywalled_content":false,"_mbp_banners":[],"_jetpack_feature_clip_id":0,"_jetpack_memberships_contains_paid_content":false,"footnotes":"","jetpack_publicize_message":"","jetpack_publicize_feature_enabled":true,"jetpack_social_post_already_shared":true,"jetpack_social_options":{"image_generator_settings":{"template":"highway","default_image_id":0,"font":"","enabled":false},"version":2},"jetpack_post_was_ever_published":false},"categories":[19],"tags":[],"class_list":["post-6685","post","type-post","status-publish","format-standard","category-politica"],"jetpack_publicize_connections":[],"jetpack-related-posts":[],"jetpack_shortlink":"https:\/\/wp.me\/p7Eq1F-1JP","jetpack_sharing_enabled":true,"jetpack_featured_media_url":"","_links":{"self":[{"href":"https:\/\/guialimeira.com.br\/news\/wp-json\/wp\/v2\/posts\/6685","targetHints":{"allow":["GET"]}}],"collection":[{"href":"https:\/\/guialimeira.com.br\/news\/wp-json\/wp\/v2\/posts"}],"about":[{"href":"https:\/\/guialimeira.com.br\/news\/wp-json\/wp\/v2\/types\/post"}],"author":[{"embeddable":true,"href":"https:\/\/guialimeira.com.br\/news\/wp-json\/wp\/v2\/users\/1"}],"replies":[{"embeddable":true,"href":"https:\/\/guialimeira.com.br\/news\/wp-json\/wp\/v2\/comments?post=6685"}],"version-history":[{"count":0,"href":"https:\/\/guialimeira.com.br\/news\/wp-json\/wp\/v2\/posts\/6685\/revisions"}],"wp:attachment":[{"href":"https:\/\/guialimeira.com.br\/news\/wp-json\/wp\/v2\/media?parent=6685"}],"wp:term":[{"taxonomy":"category","embeddable":true,"href":"https:\/\/guialimeira.com.br\/news\/wp-json\/wp\/v2\/categories?post=6685"},{"taxonomy":"post_tag","embeddable":true,"href":"https:\/\/guialimeira.com.br\/news\/wp-json\/wp\/v2\/tags?post=6685"}],"curies":[{"name":"wp","href":"https:\/\/api.w.org\/{rel}","templated":true}]}}