{"id":66847,"date":"2026-05-26T15:20:58","date_gmt":"2026-05-26T18:20:58","guid":{"rendered":"https:\/\/guialimeira.com.br\/felipe-penedo-e-ze-da-farmacia-protocolam-projeto-que-foca-na-seguranca-das-escolas\/"},"modified":"2026-05-26T15:20:58","modified_gmt":"2026-05-26T18:20:58","slug":"felipe-penedo-e-ze-da-farmacia-protocolam-projeto-que-foca-na-seguranca-das-escolas","status":"publish","type":"post","link":"https:\/\/guialimeira.com.br\/news\/felipe-penedo-e-ze-da-farmacia-protocolam-projeto-que-foca-na-seguranca-das-escolas\/","title":{"rendered":"Felipe Penedo e Z\u00e9 da Farm\u00e1cia protocolam projeto que foca na seguran\u00e7a das escolas"},"content":{"rendered":"<p>Felipe Penedo e Z\u00e9 da Farm\u00e1cia protocolam projeto que foca na seguran\u00e7a das escolas<\/p>\n<p>Os vereadores Felipe Penedo (PL) e Z\u00e9 da Farm\u00e1cia (Solidariedade) protocolaram, no dia 22 de maio, o Projeto de Lei N\u00ba 71\/2026, que institui o programa municipal Escola Segura e Preparada, voltado ao fortalecimento das a\u00e7\u00f5es de preven\u00e7\u00e3o, seguran\u00e7a e resposta a emerg\u00eancias nas unidades da rede municipal de ensino. Segundo os parlamentares, a proposta busca ampliar a prote\u00e7\u00e3o de alunos, professores, servidores e toda a comunidade escolar por meio da implanta\u00e7\u00e3o de protocolos preventivos, treinamentos peri\u00f3dicos, simulados de evacua\u00e7\u00e3o, forma\u00e7\u00e3o de brigadas escolares e integra\u00e7\u00e3o entre as escolas e os \u00f3rg\u00e3os de emerg\u00eancia e seguran\u00e7a p\u00fablica.<\/p>\n<p>O projeto estabelece medidas voltadas \u00e0 preven\u00e7\u00e3o e ao preparo das unidades escolares diante de situa\u00e7\u00f5es como inc\u00eandios, enchentes, acidentes, eventos clim\u00e1ticos extremos e outras ocorr\u00eancias emergenciais, fortalecendo a cultura da preven\u00e7\u00e3o dentro do ambiente escolar. Entre as a\u00e7\u00f5es previstas est\u00e3o planos de evacua\u00e7\u00e3o atualizados, sinaliza\u00e7\u00e3o de rotas de fuga, treinamentos de primeiros socorros, simulados semestrais, al\u00e9m de a\u00e7\u00f5es educativas voltadas aos estudantes.<\/p>\n<p>A proposta tamb\u00e9m prev\u00ea a cria\u00e7\u00e3o do \u201cSelo Escola Segura\u201d, identifica\u00e7\u00e3o institucional que poder\u00e1 disponibilizar informa\u00e7\u00f5es preventivas e protocolos b\u00e1sicos de seguran\u00e7a por meio de QR Code acess\u00edvel \u00e0 comunidade escolar.<\/p>\n<p>Segundo os parlamentares, investir em preven\u00e7\u00e3o \u00e9 fundamental para minimizar riscos e garantir respostas r\u00e1pidas e organizadas em situa\u00e7\u00f5es emergenciais. \u201cO ambiente escolar precisa estar preparado para agir diante de qualquer situa\u00e7\u00e3o de risco. A preven\u00e7\u00e3o salva vidas e oferece mais seguran\u00e7a para alunos, profissionais da educa\u00e7\u00e3o e fam\u00edlias\u201d, destacaram os vereadores.<\/p>\n<p>Os autores ressaltaram que o inc\u00eandio registrado no dia 1\u00ba de maio, na Escola Municipal de Ensino Infantil e Fundamental (Emeief) Prada, refor\u00e7ou a import\u00e2ncia do debate sobre preven\u00e7\u00e3o e prepara\u00e7\u00e3o das unidades escolares, tema que, segundo eles, vem ganhando cada vez mais relev\u00e2ncia diante do aumento de eventos extremos e da necessidade de fortalecimento das pol\u00edticas de seguran\u00e7a no ambiente educacional.<\/p>\n<p>O projeto prev\u00ea implanta\u00e7\u00e3o gradual das medidas, respeitando crit\u00e9rios t\u00e9cnicos e disponibilidade or\u00e7ament\u00e1ria do Munic\u00edpio.<\/p>\n<p>Do Gabinete Parlamentar &#8211; Vereador Felipe Penedo (PL)<\/p>\n<p>*Fotos do Gabinete Parlamentar<\/p>\n<p>As mat\u00e9rias de origem dos Gabinetes Parlamentares s\u00e3o de inteira\u00a0 responsabilidade dos parlamentares e de suas assessorias. S\u00e3o devidamente assinadas e n\u00e3o refletem, necessariamente, a opini\u00e3o institucional da C\u00e2mara Municipal de Limeira.<\/p>\n<hr>\n<p><em>Fonte: <a href=\"https:\/\/www.limeira.sp.leg.br\/noticias\/view\/2026-05-26_felipe-penedo-e-ze-da-farmacia-protocolam-projeto-que-foca-na-seguranca-das-escolas\" target=\"_blank\" rel=\"noopener\">C\u00e2mara Municipal de Limeira<\/a><\/em><\/p>\n","protected":false},"excerpt":{"rendered":"<p>Felipe Penedo e Z\u00e9 da Farm\u00e1cia protocolam projeto que foca na seguran\u00e7a das escolas<\/p>\n<p>Os vereadores Felipe Penedo (PL) e Z\u00e9 da Farm\u00e1cia (Solidariedade) protocolaram, no dia 22 de maio, o Projeto de Lei N\u00ba 71\/2026, que institui o programa municipal Escola Segura e Preparada, voltado ao fortalecimento <\/p>\n","protected":false},"author":4,"featured_media":66846,"comment_status":"","ping_status":"open","sticky":false,"template":"","format":"standard","meta":{"_jetpack_newsletter_access":"","_jetpack_dont_email_post_to_subs":false,"_jetpack_newsletter_tier_id":0,"_jetpack_memberships_contains_paywalled_content":false,"_mbp_banners":[],"_jetpack_feature_clip_id":0,"_jetpack_memberships_contains_paid_content":false,"footnotes":"","jetpack_publicize_message":"","jetpack_publicize_feature_enabled":true,"jetpack_social_post_already_shared":true,"jetpack_social_options":{"image_generator_settings":{"template":"highway","default_image_id":0,"font":"","enabled":false},"version":2},"jetpack_post_was_ever_published":false},"categories":[19],"tags":[],"class_list":["post-66847","post","type-post","status-publish","format-standard","has-post-thumbnail","category-politica"],"jetpack_publicize_connections":[],"jetpack-related-posts":[],"jetpack_shortlink":"https:\/\/wp.me\/p7Eq1F-hob","jetpack_sharing_enabled":true,"jetpack_featured_media_url":"https:\/\/i0.wp.com\/guialimeira.com.br\/news\/wp-content\/uploads\/2026\/05\/noticia-camara-103.jpg?fit=1280%2C640&ssl=1","_links":{"self":[{"href":"https:\/\/guialimeira.com.br\/news\/wp-json\/wp\/v2\/posts\/66847","targetHints":{"allow":["GET"]}}],"collection":[{"href":"https:\/\/guialimeira.com.br\/news\/wp-json\/wp\/v2\/posts"}],"about":[{"href":"https:\/\/guialimeira.com.br\/news\/wp-json\/wp\/v2\/types\/post"}],"author":[{"embeddable":true,"href":"https:\/\/guialimeira.com.br\/news\/wp-json\/wp\/v2\/users\/4"}],"replies":[{"embeddable":true,"href":"https:\/\/guialimeira.com.br\/news\/wp-json\/wp\/v2\/comments?post=66847"}],"version-history":[{"count":0,"href":"https:\/\/guialimeira.com.br\/news\/wp-json\/wp\/v2\/posts\/66847\/revisions"}],"wp:featuredmedia":[{"embeddable":true,"href":"https:\/\/guialimeira.com.br\/news\/wp-json\/wp\/v2\/media\/66846"}],"wp:attachment":[{"href":"https:\/\/guialimeira.com.br\/news\/wp-json\/wp\/v2\/media?parent=66847"}],"wp:term":[{"taxonomy":"category","embeddable":true,"href":"https:\/\/guialimeira.com.br\/news\/wp-json\/wp\/v2\/categories?post=66847"},{"taxonomy":"post_tag","embeddable":true,"href":"https:\/\/guialimeira.com.br\/news\/wp-json\/wp\/v2\/tags?post=66847"}],"curies":[{"name":"wp","href":"https:\/\/api.w.org\/{rel}","templated":true}]}}