{"id":66842,"date":"2026-05-26T15:10:00","date_gmt":"2026-05-26T18:10:00","guid":{"rendered":"https:\/\/guialimeira.com.br\/telemedicina-entra-em-operacao-e-amplia-acesso-a-saude-em-limeira-veja-como-usar\/"},"modified":"2026-05-26T15:10:00","modified_gmt":"2026-05-26T18:10:00","slug":"telemedicina-entra-em-operacao-e-amplia-acesso-a-saude-em-limeira-veja-como-usar","status":"publish","type":"post","link":"https:\/\/guialimeira.com.br\/news\/telemedicina-entra-em-operacao-e-amplia-acesso-a-saude-em-limeira-veja-como-usar\/","title":{"rendered":"Telemedicina entra em opera\u00e7\u00e3o e amplia acesso \u00e0 sa\u00fade em Limeira; veja como usar"},"content":{"rendered":"<p> <br \/>\n<\/p>\n<div>\n                <main class=\"\">&#13;<br \/>\n                    &#13;<br \/>\n&#13;<br \/>\n&#13;<br \/>\n&#13;<br \/>\n&#13;<br \/>\n&#13;<br \/>\n    <img data-recalc-dims=\"1\" decoding=\"async\" src=\"https:\/\/i0.wp.com\/ecrie.com.br\/sistema\/conteudos\/imagem\/m_137_0_1_26052026150540.jpg?w=696&#038;ssl=1\" alt=\"Telemedicina entra em opera\u00e7\u00e3o e amplia acesso \u00e0 sa\u00fade em Limeira; veja como usar\"\/>&#13;<br \/>\n&#13;<br \/>\n&#13;<\/p>\n<p style=\"text-align: justify;\"><span style=\"font-family: Arial, sans-serif;\"><br \/><\/span><span style=\"font-family: Arial, sans-serif;\">O sistema Agenda F\u00e1cil Sa\u00fade passou a disponibilizar, na segunda-feira (25), o agendamento da Consulta Digital, novo servi\u00e7o de telemedicina da rede municipal de sa\u00fade de Limeira. A iniciativa permite que moradores realizem consultas m\u00e9dicas por meio do celular, sem necessidade de deslocamento at\u00e9 a unidade de sa\u00fade, em atendimentos de rotina e de baixa complexidade. <\/span><\/p>\n<p>&#13;<\/p>\n<p style=\"text-align: justify;\"><span style=\"font-family: Arial, sans-serif;\">Neste primeiro momento, o servi\u00e7o est\u00e1 dispon\u00edvel para pacientes vinculados \u00e0s UBSs do Jardim Vista Alegre, Cecap, Ab\u00edlio Pedro e Jardim Aeroporto. A proposta da Secretaria de Sa\u00fade \u00e9 ampliar gradualmente a ferramenta para outras unidades do munic\u00edpio, incluindo a zona rural.<\/span><\/p>\n<p>&#13;<\/p>\n<p style=\"text-align: justify;\"><span style=\"font-family: Arial, sans-serif;\"><strong>Como funciona<\/strong><\/span><\/p>\n<p>&#13;<\/p>\n<p style=\"text-align: justify;\"><span style=\"font-family: Arial, sans-serif;\">A Consulta Digital pode ser agendada pelo sistema Agenda F\u00e1cil Sa\u00fade, dispon\u00edvel pelo link www.limeira.sp.gov.br\/agendafacil, ou presencialmente na UBS de refer\u00eancia. Para utilizar a plataforma, o paciente deve manter o cadastro atualizado na unidade de sa\u00fade. <\/span><\/p>\n<p>&#13;<\/p>\n<p style=\"text-align: justify;\"><span style=\"font-family: Arial, sans-serif;\">No sistema, o usu\u00e1rio precisa selecionar a op\u00e7\u00e3o \u201cTeleconsulta\u201d, escolher a data e o hor\u00e1rio dispon\u00edveis e confirmar o atendimento. Ap\u00f3s o agendamento, a plataforma envia lembretes autom\u00e1ticos da consulta, medida que evita o absente\u00edsmo. Pouco antes da data marcada, o paciente recebe pelo WhatsApp um link para acessar a sala virtual. Para participar da consulta, \u00e9 necess\u00e1rio ter um celular com c\u00e2mera e conex\u00e3o est\u00e1vel \u00e0 internet.<\/span><\/p>\n<p>&#13;<\/p>\n<p style=\"text-align: justify;\"><span style=\"font-family: Arial, sans-serif;\">Ap\u00f3s o atendimento, receitas m\u00e9dicas, pedidos de exames e encaminhamentos para especialistas s\u00e3o enviados diretamente pelo WhatsApp. Quando houver necessidade de exames ou consultas presenciais, o paciente dever\u00e1 comparecer \u00e0 UBS para continuidade do atendimento.<\/span><\/p>\n<p>&#13;<\/p>\n<p style=\"text-align: justify;\"><span style=\"font-family: Arial, sans-serif;\">A Secretaria de Sa\u00fade informa que a telemedicina ser\u00e1 utilizada para atendimentos como renova\u00e7\u00e3o de receitas, acompanhamento de doen\u00e7as cr\u00f4nicas \u2014 entre elas diabetes e hipertens\u00e3o \u2014 e outras demandas de baixa complexidade. Casos de urg\u00eancia e emerg\u00eancia continuam sendo atendidos nos Prontos Atendimentos e hospitais do munic\u00edpio.<\/span><\/p>\n<p>&#13;<\/p>\n<p style=\"text-align: justify;\"><span style=\"font-family: Arial, sans-serif;\">Segundo o prefeito Murilo F\u00e9lix, entre as principais vantagens da nova modalidade est\u00e3o a praticidade, a redu\u00e7\u00e3o do tempo de deslocamento, maior comodidade para idosos, acamados e pessoas com dificuldade de locomo\u00e7\u00e3o, al\u00e9m da possibilidade de o paciente escolher datas e hor\u00e1rios mais adequados para a consulta. \u201cEssa tecnologia tamb\u00e9m deve contribuir para diminuir o n\u00famero de faltas aos atendimentos agendados\u201d, destacou.<\/span><\/p>\n<p>&#13;<\/p>\n<p style=\"text-align: justify;\">\u00a0<\/p>\n<p>&#13;<br \/>\n&#13;<br \/>\n&#13;<br \/>\n&#13;<\/p>\n<article class=\"conteudo-relacionado no-print\">&#13;<br \/>\n        &#13;<br \/>\n&#13;<br \/>\n        &#13;<br \/>\n    <\/article>\n<p>&#13;<br \/>\n&#13;<br \/>\n                <\/main><\/p><\/div>\n<p><br \/>\n<br \/><a href=\"https:\/\/limeira.sp.gov.br\/telemedicina-entra-em-operacao-e-amplia-acesso-a-saude-em-limeira-veja-como-usar\" rel=\"noopener\">Informa\u00e7\u00f5es da PML <\/a><\/p>\n","protected":false},"excerpt":{"rendered":"<p>&#13; &#13; &#13; &#13; &#13; &#13; &#13; &#13; &#13; &#13; O sistema Agenda F\u00e1cil Sa\u00fade passou a disponibilizar, na segunda-feira (25), o agendamento da Consulta Digital, novo servi\u00e7o de telemedicina da rede municipal de sa\u00fade de Limeira. A iniciativa permite que moradores realizem consultas m\u00e9dicas por meio do celular, sem necessidade de deslocamento at\u00e9 a [&hellip;]<\/p>\n","protected":false},"author":1,"featured_media":66843,"comment_status":"","ping_status":"open","sticky":false,"template":"","format":"standard","meta":{"_jetpack_newsletter_access":"","_jetpack_dont_email_post_to_subs":false,"_jetpack_newsletter_tier_id":0,"_jetpack_memberships_contains_paywalled_content":false,"_mbp_banners":[],"_jetpack_feature_clip_id":0,"_jetpack_memberships_contains_paid_content":false,"footnotes":"","jetpack_publicize_message":"","jetpack_publicize_feature_enabled":true,"jetpack_social_post_already_shared":true,"jetpack_social_options":{"image_generator_settings":{"template":"highway","default_image_id":0,"font":"","enabled":false},"version":2},"jetpack_post_was_ever_published":false},"categories":[16],"tags":[],"class_list":["post-66842","post","type-post","status-publish","format-standard","has-post-thumbnail","category-local"],"jetpack_publicize_connections":[],"jetpack-related-posts":[],"jetpack_shortlink":"https:\/\/wp.me\/p7Eq1F-ho6","jetpack_sharing_enabled":true,"jetpack_featured_media_url":"https:\/\/i0.wp.com\/guialimeira.com.br\/news\/wp-content\/uploads\/2026\/05\/m_137_0_1_26052026150540.jpg?fit=1024%2C680&ssl=1","_links":{"self":[{"href":"https:\/\/guialimeira.com.br\/news\/wp-json\/wp\/v2\/posts\/66842","targetHints":{"allow":["GET"]}}],"collection":[{"href":"https:\/\/guialimeira.com.br\/news\/wp-json\/wp\/v2\/posts"}],"about":[{"href":"https:\/\/guialimeira.com.br\/news\/wp-json\/wp\/v2\/types\/post"}],"author":[{"embeddable":true,"href":"https:\/\/guialimeira.com.br\/news\/wp-json\/wp\/v2\/users\/1"}],"replies":[{"embeddable":true,"href":"https:\/\/guialimeira.com.br\/news\/wp-json\/wp\/v2\/comments?post=66842"}],"version-history":[{"count":0,"href":"https:\/\/guialimeira.com.br\/news\/wp-json\/wp\/v2\/posts\/66842\/revisions"}],"wp:featuredmedia":[{"embeddable":true,"href":"https:\/\/guialimeira.com.br\/news\/wp-json\/wp\/v2\/media\/66843"}],"wp:attachment":[{"href":"https:\/\/guialimeira.com.br\/news\/wp-json\/wp\/v2\/media?parent=66842"}],"wp:term":[{"taxonomy":"category","embeddable":true,"href":"https:\/\/guialimeira.com.br\/news\/wp-json\/wp\/v2\/categories?post=66842"},{"taxonomy":"post_tag","embeddable":true,"href":"https:\/\/guialimeira.com.br\/news\/wp-json\/wp\/v2\/tags?post=66842"}],"curies":[{"name":"wp","href":"https:\/\/api.w.org\/{rel}","templated":true}]}}