{"id":66832,"date":"2026-05-26T14:02:11","date_gmt":"2026-05-26T17:02:11","guid":{"rendered":"https:\/\/guialimeira.com.br\/teatro-vitoria-recebe-concerto-inedito-em-celebracao-aos-94-anos-da-banda-arthur-giambelli\/"},"modified":"2026-05-26T14:02:11","modified_gmt":"2026-05-26T17:02:11","slug":"teatro-vitoria-recebe-concerto-inedito-em-celebracao-aos-94-anos-da-banda-arthur-giambelli","status":"publish","type":"post","link":"https:\/\/guialimeira.com.br\/news\/teatro-vitoria-recebe-concerto-inedito-em-celebracao-aos-94-anos-da-banda-arthur-giambelli\/","title":{"rendered":"Teatro Vit\u00f3ria recebe concerto in\u00e9dito em celebra\u00e7\u00e3o aos 94 anos da Banda Arthur Giambelli"},"content":{"rendered":"<p> <br \/>\n<\/p>\n<div id=\"\">&#13;<br \/>\n                    &#13;<br \/>\n&#13;<br \/>\n&#13;<br \/>\n&#13;<br \/>\n&#13;<br \/>\n&#13;<br \/>\n    <img data-recalc-dims=\"1\" decoding=\"async\" src=\"https:\/\/i0.wp.com\/ecrie.com.br\/sistema\/conteudos\/imagem\/m_137_0_1_23092025085004.jpg?w=696&#038;ssl=1\" alt=\"Teatro Vit\u00f3ria recebe concerto in\u00e9dito em celebra\u00e7\u00e3o aos 94 anos da Banda Arthur Giambelli\"\/>&#13;<br \/>\n&#13;<br \/>\n&#13;<\/p>\n<p>\u00a0<\/p>\n<p>&#13;<\/p>\n<p>A Corpora\u00e7\u00e3o Musical Arthur Giambelli completa 94 anos com uma programa\u00e7\u00e3o comemorativa que une tradi\u00e7\u00e3o e inova\u00e7\u00e3o. No s\u00e1bado, dia 6 de junho, \u00e0s 20h, o Teatro Vit\u00f3ria recebe o concerto &#8220;Giambelli Rock Brasil&#8221;, espet\u00e1culo gratuito e in\u00e9dito que mistura a pot\u00eancia de uma banda de concerto com a energia do rock nacional. A entrada \u00e9 franca e a classifica\u00e7\u00e3o \u00e9 livre.<\/p>\n<p>&#13;<\/p>\n<p>\u00a0<\/p>\n<p>&#13;<\/p>\n<p>O repert\u00f3rio revisita diferentes d\u00e9cadas da m\u00fasica brasileira com arranjos exclusivos, prestando homenagem a Roberto Carlos, Tit\u00e3s, Legi\u00e3o Urbana, Raul Seixas, Lulu Santos, Skank e Jota Quest.\u00a0<\/p>\n<p>&#13;<\/p>\n<p>\u00a0<\/p>\n<p>&#13;<\/p>\n<div>Quatro dias depois, na quarta-feira, 10 de junho, \u00e0s 20h, estreia no canal oficial da corpora\u00e7\u00e3o no YouTube o document\u00e1rio &#8220;Arthur Giambelli \u2014 Alma Sonora de Limeira&#8221;. Com 62 minutos e dire\u00e7\u00e3o de Fabio Salviatti, o filme percorre a hist\u00f3ria da institui\u00e7\u00e3o desde sua funda\u00e7\u00e3o, em 1932, sob o nome de Corpora\u00e7\u00e3o Frente \u00danica, at\u00e9 os dias atuais.<\/div>\n<p>&#13;<\/p>\n<p>A produ\u00e7\u00e3o resgata marcos hist\u00f3ricos da banda, como o pioneirismo ao se tornar a primeira agremia\u00e7\u00e3o civil brasileira a gravar um LP, lan\u00e7ado pela gravadora Odeon, as participa\u00e7\u00f5es em programas de r\u00e1dio e TV nos anos 1960 e a consagra\u00e7\u00e3o no Concurso de Bandas do Quarto Centen\u00e1rio de S\u00e3o Paulo. O document\u00e1rio utiliza intelig\u00eancia artificial para recriar a voz do maestro Valdir Salviatti, que dirigiu a banda por muitos anos e conduz a narra\u00e7\u00e3o do filme.<\/p>\n<p>&#13;<\/p>\n<p>Fundada h\u00e1 quase um s\u00e9culo, a Arthur Giambelli \u00e9 uma das corpora\u00e7\u00f5es musicais mais longevas do Brasil e um patrim\u00f4nio cultural de Limeira. Toda a programa\u00e7\u00e3o comemorativa \u00e9 gratuita e aberta ao p\u00fablico.<\/p>\n<p>&#13;<\/p>\n<p><strong>Servi\u00e7o<\/strong><\/p>\n<p>&#13;<\/p>\n<div>Concerto &#8220;Giambelli Rock Brasil&#8221;\u00a0<br \/>Data: 6 de junho de 2026, s\u00e1bado, \u00e0s 20h\u00a0<br \/>Local: Teatro Vit\u00f3ria \u2014 Pra\u00e7a Toledo Barros, Centro\u00a0<br \/>Entrada gratuita. Classifica\u00e7\u00e3o livre.<\/div>\n<p>&#13;<\/p>\n<p>Document\u00e1rio &#8220;Arthur Giambelli \u2014 Alma Sonora de Limeira&#8221;\u00a0<br \/>Data: 10 de junho de 2026, quarta-feira, \u00e0s 20h\u00a0<br \/>Plataforma: Canal da Corpora\u00e7\u00e3o Musical Arthur Giambelli no YouTube\u00a0<br \/>Classifica\u00e7\u00e3o livre.<\/p>\n<p>&#13;<br \/>\n&#13;<br \/>\n&#13;<br \/>\n&#13;<\/p>\n<article class=\"conteudo-relacionado no-print\">&#13;<br \/>\n        &#13;<br \/>\n&#13;<br \/>\n        &#13;<br \/>\n    <\/article>\n<p>&#13;<br \/>\n&#13;\n                <\/p><\/div>\n<p><br \/>\n<br \/><a href=\"https:\/\/limeira.sp.gov.br\/teatro-vitoria-recebe-concerto-inedito-em-celebracao-aos-94-anos-da-banda-arthur-giambelli\" rel=\"noopener\">Informa\u00e7\u00f5es da PML <\/a><\/p>\n","protected":false},"excerpt":{"rendered":"<p>&#13; &#13; &#13; &#13; &#13; &#13; &#13; &#13; &#13; &#13; \u00a0 &#13; A Corpora\u00e7\u00e3o Musical Arthur Giambelli completa 94 anos com uma programa\u00e7\u00e3o comemorativa que une tradi\u00e7\u00e3o e inova\u00e7\u00e3o. No s\u00e1bado, dia 6 de junho, \u00e0s 20h, o Teatro Vit\u00f3ria recebe o concerto &#8220;Giambelli Rock Brasil&#8221;, espet\u00e1culo gratuito e in\u00e9dito que mistura a pot\u00eancia de [&hellip;]<\/p>\n","protected":false},"author":1,"featured_media":45615,"comment_status":"","ping_status":"open","sticky":false,"template":"","format":"standard","meta":{"_jetpack_newsletter_access":"","_jetpack_dont_email_post_to_subs":false,"_jetpack_newsletter_tier_id":0,"_jetpack_memberships_contains_paywalled_content":false,"_mbp_banners":[],"_jetpack_feature_clip_id":0,"_jetpack_memberships_contains_paid_content":false,"footnotes":"","jetpack_publicize_message":"","jetpack_publicize_feature_enabled":true,"jetpack_social_post_already_shared":true,"jetpack_social_options":{"image_generator_settings":{"template":"highway","default_image_id":0,"font":"","enabled":false},"version":2},"jetpack_post_was_ever_published":false},"categories":[16],"tags":[],"class_list":["post-66832","post","type-post","status-publish","format-standard","has-post-thumbnail","category-local"],"jetpack_publicize_connections":[],"jetpack-related-posts":[],"jetpack_shortlink":"https:\/\/wp.me\/p7Eq1F-hnW","jetpack_sharing_enabled":true,"jetpack_featured_media_url":"https:\/\/i0.wp.com\/guialimeira.com.br\/news\/wp-content\/uploads\/2025\/09\/m_137_0_1_23092025085004.jpg?fit=900%2C600&ssl=1","_links":{"self":[{"href":"https:\/\/guialimeira.com.br\/news\/wp-json\/wp\/v2\/posts\/66832","targetHints":{"allow":["GET"]}}],"collection":[{"href":"https:\/\/guialimeira.com.br\/news\/wp-json\/wp\/v2\/posts"}],"about":[{"href":"https:\/\/guialimeira.com.br\/news\/wp-json\/wp\/v2\/types\/post"}],"author":[{"embeddable":true,"href":"https:\/\/guialimeira.com.br\/news\/wp-json\/wp\/v2\/users\/1"}],"replies":[{"embeddable":true,"href":"https:\/\/guialimeira.com.br\/news\/wp-json\/wp\/v2\/comments?post=66832"}],"version-history":[{"count":0,"href":"https:\/\/guialimeira.com.br\/news\/wp-json\/wp\/v2\/posts\/66832\/revisions"}],"wp:featuredmedia":[{"embeddable":true,"href":"https:\/\/guialimeira.com.br\/news\/wp-json\/wp\/v2\/media\/45615"}],"wp:attachment":[{"href":"https:\/\/guialimeira.com.br\/news\/wp-json\/wp\/v2\/media?parent=66832"}],"wp:term":[{"taxonomy":"category","embeddable":true,"href":"https:\/\/guialimeira.com.br\/news\/wp-json\/wp\/v2\/categories?post=66832"},{"taxonomy":"post_tag","embeddable":true,"href":"https:\/\/guialimeira.com.br\/news\/wp-json\/wp\/v2\/tags?post=66832"}],"curies":[{"name":"wp","href":"https:\/\/api.w.org\/{rel}","templated":true}]}}