{"id":66827,"date":"2026-05-26T13:57:35","date_gmt":"2026-05-26T16:57:35","guid":{"rendered":"https:\/\/guialimeira.com.br\/jovens-de-limeira-criam-solucoes-para-problemas-reais-em-competicao-de-inovacao\/"},"modified":"2026-05-26T13:57:35","modified_gmt":"2026-05-26T16:57:35","slug":"jovens-de-limeira-criam-solucoes-para-problemas-reais-em-competicao-de-inovacao","status":"publish","type":"post","link":"https:\/\/guialimeira.com.br\/news\/jovens-de-limeira-criam-solucoes-para-problemas-reais-em-competicao-de-inovacao\/","title":{"rendered":"Jovens de Limeira criam solu\u00e7\u00f5es para problemas reais em competi\u00e7\u00e3o de inova\u00e7\u00e3o"},"content":{"rendered":"<p> <br \/>\n<\/p>\n<div id=\"\">&#13;<br \/>\n                    &#13;<br \/>\n&#13;<br \/>\n&#13;<br \/>\n&#13;<br \/>\n&#13;<br \/>\n&#13;<br \/>\n    <img data-recalc-dims=\"1\" decoding=\"async\" src=\"https:\/\/i0.wp.com\/ecrie.com.br\/sistema\/conteudos\/imagem\/m_137_0_1_26052026135309.jpeg?w=696&#038;ssl=1\" alt=\"Jovens de Limeira criam solu\u00e7\u00f5es para problemas reais em competi\u00e7\u00e3o de inova\u00e7\u00e3o\"\/>&#13;<br \/>\n&#13;<br \/>\n&#13;<\/p>\n<p>Tr\u00eas projetos desenvolvidos por estudantes do ensino m\u00e9dio de Limeira se destacaram na 8\u00aa edi\u00e7\u00e3o do Resolve A\u00ed, realizada neste s\u00e1bado (23), no Espa\u00e7o Elo, no Shopping P\u00e1tio. A iniciativa, promovida pela F\u00e1brica de Inova\u00e7\u00e3o com o apoio da Prefeitura, da Mahle Metal Leve e do P\u00e1tio Limeira Shopping, prop\u00f5e desafios reais da cidade para que alunos desenvolvam solu\u00e7\u00f5es criativas e tecnol\u00f3gicas.<\/p>\n<p>&#13;<\/p>\n<p>O projeto campe\u00e3o, &#8220;Devolve A\u00ed!&#8221;, prop\u00f5e a cria\u00e7\u00e3o de pontos de coleta distribu\u00eddos pela cidade integrados a uma plataforma digital com biometria e QR Codes para facilitar a devolu\u00e7\u00e3o de objetos perdidos. A solu\u00e7\u00e3o tamb\u00e9m prev\u00ea arrecada\u00e7\u00e3o de roupas e alimentos e suporte ao encaminhamento de animais perdidos.<\/p>\n<p>&#13;<\/p>\n<p>A segunda coloca\u00e7\u00e3o foi do &#8220;DengueScan&#8221;, plataforma com mapa t\u00e9rmico interativo de ocorr\u00eancias, alertas autom\u00e1ticos \u00e0 popula\u00e7\u00e3o e ferramentas para ampliar a participa\u00e7\u00e3o dos moradores no combate aos focos do mosquito. J\u00e1 o terceiro lugar, &#8220;Prefeitura Mais Transparente&#8221;, prop\u00f4s uma plataforma que usa intelig\u00eancia artificial e linguagem simplificada para tornar as informa\u00e7\u00f5es governamentais mais compreens\u00edveis ao cidad\u00e3o.<\/p>\n<p>&#13;<\/p>\n<p>Ao todo, 56 alunos das escolas estaduais &#8220;Professor Gabriel Pozzi&#8221; e &#8220;Irm\u00e3 Maria de Santo Inoc\u00eancio Lima&#8221; participaram da atividade, desenvolvendo oito propostas voltadas a desafios estruturados pelas secretarias municipais de Desenvolvimento Econ\u00f4mico e de Tecnologia e Efici\u00eancia. Os projetos foram avaliados por crit\u00e9rios como inova\u00e7\u00e3o, viabilidade, impacto social e potencial de implementa\u00e7\u00e3o.<\/p>\n<p>&#13;<\/p>\n<p>\u201cNossa gest\u00e3o tem trabalhado para colocar a inova\u00e7\u00e3o no centro da administra\u00e7\u00e3o p\u00fablica, modernizando processos e aproximando o poder p\u00fablico da sociedade. Ver estudantes do ensino m\u00e9dio transformando desafios reais da cidade em propostas concretas mostra que esse caminho \u00e9 o certo e que, quando abrimos espa\u00e7o para a participa\u00e7\u00e3o, a sociedade responde com criatividade e talento&#8221;, afirmou o prefeito Murilo F\u00e9lix.<\/p>\n<p>&#13;<\/p>\n<p>O secret\u00e1rio municipal de Tecnologia e Efici\u00eancia, Roger Willians, integrou a banca avaliadora, representando a administra\u00e7\u00e3o municpal. &#8220;Ficamos impressionados com a qualidade das propostas e com a capacidade dos estudantes de compreender desafios complexos da administra\u00e7\u00e3o p\u00fablica e transform\u00e1-los em solu\u00e7\u00f5es criativas e vi\u00e1veis&#8221;, afirmou.<\/p>\n<p>&#13;<\/p>\n<p>Como desdobramento da iniciativa, a Prefeitura receber\u00e1 todos os projetos desenvolvidos no evento para an\u00e1lise t\u00e9cnica pelas secretarias competentes, que avaliar\u00e3o a viabilidade de implementa\u00e7\u00e3o futura. &#8220;Ver esses jovens trabalhando em equipe, com tanto talento e disposi\u00e7\u00e3o para resolver problemas reais da cidade, foi impressionante\u201d, ressaltou Danilo Marques, diretor de efici\u00eancia da Prefeitura e um dos mentores do projeto.<\/p>\n<p>&#13;<br \/>\n&#13;<br \/>\n&#13;<br \/>\n&#13;<\/p>\n<article class=\"conteudo-relacionado no-print\">&#13;<br \/>\n        &#13;<br \/>\n&#13;<br \/>\n        &#13;<br \/>\n    <\/article>\n<p>&#13;<br \/>\n&#13;\n                <\/p><\/div>\n<p><br \/>\n<br \/><a href=\"https:\/\/limeira.sp.gov.br\/jovens-de-limeira-criam-solucoes-para-problemas-reais-em-competicao-de-inovacao\" rel=\"noopener\">Informa\u00e7\u00f5es da PML <\/a><\/p>\n","protected":false},"excerpt":{"rendered":"<p>&#13; &#13; &#13; &#13; &#13; &#13; &#13; &#13; &#13; &#13; Tr\u00eas projetos desenvolvidos por estudantes do ensino m\u00e9dio de Limeira se destacaram na 8\u00aa edi\u00e7\u00e3o do Resolve A\u00ed, realizada neste s\u00e1bado (23), no Espa\u00e7o Elo, no Shopping P\u00e1tio. A iniciativa, promovida pela F\u00e1brica de Inova\u00e7\u00e3o com o apoio da Prefeitura, da Mahle Metal Leve e [&hellip;]<\/p>\n","protected":false},"author":1,"featured_media":66828,"comment_status":"","ping_status":"open","sticky":false,"template":"","format":"standard","meta":{"_jetpack_newsletter_access":"","_jetpack_dont_email_post_to_subs":false,"_jetpack_newsletter_tier_id":0,"_jetpack_memberships_contains_paywalled_content":false,"_mbp_banners":[],"_jetpack_feature_clip_id":0,"_jetpack_memberships_contains_paid_content":false,"footnotes":"","jetpack_publicize_message":"","jetpack_publicize_feature_enabled":true,"jetpack_social_post_already_shared":true,"jetpack_social_options":{"image_generator_settings":{"template":"highway","default_image_id":0,"font":"","enabled":false},"version":2},"jetpack_post_was_ever_published":false},"categories":[16],"tags":[],"class_list":["post-66827","post","type-post","status-publish","format-standard","has-post-thumbnail","category-local"],"jetpack_publicize_connections":[],"jetpack-related-posts":[],"jetpack_shortlink":"https:\/\/wp.me\/p7Eq1F-hnR","jetpack_sharing_enabled":true,"jetpack_featured_media_url":"https:\/\/i0.wp.com\/guialimeira.com.br\/news\/wp-content\/uploads\/2026\/05\/m_137_0_1_26052026135309.jpeg?fit=960%2C540&ssl=1","_links":{"self":[{"href":"https:\/\/guialimeira.com.br\/news\/wp-json\/wp\/v2\/posts\/66827","targetHints":{"allow":["GET"]}}],"collection":[{"href":"https:\/\/guialimeira.com.br\/news\/wp-json\/wp\/v2\/posts"}],"about":[{"href":"https:\/\/guialimeira.com.br\/news\/wp-json\/wp\/v2\/types\/post"}],"author":[{"embeddable":true,"href":"https:\/\/guialimeira.com.br\/news\/wp-json\/wp\/v2\/users\/1"}],"replies":[{"embeddable":true,"href":"https:\/\/guialimeira.com.br\/news\/wp-json\/wp\/v2\/comments?post=66827"}],"version-history":[{"count":0,"href":"https:\/\/guialimeira.com.br\/news\/wp-json\/wp\/v2\/posts\/66827\/revisions"}],"wp:featuredmedia":[{"embeddable":true,"href":"https:\/\/guialimeira.com.br\/news\/wp-json\/wp\/v2\/media\/66828"}],"wp:attachment":[{"href":"https:\/\/guialimeira.com.br\/news\/wp-json\/wp\/v2\/media?parent=66827"}],"wp:term":[{"taxonomy":"category","embeddable":true,"href":"https:\/\/guialimeira.com.br\/news\/wp-json\/wp\/v2\/categories?post=66827"},{"taxonomy":"post_tag","embeddable":true,"href":"https:\/\/guialimeira.com.br\/news\/wp-json\/wp\/v2\/tags?post=66827"}],"curies":[{"name":"wp","href":"https:\/\/api.w.org\/{rel}","templated":true}]}}