{"id":66802,"date":"2026-05-26T09:45:54","date_gmt":"2026-05-26T12:45:54","guid":{"rendered":"https:\/\/guialimeira.com.br\/bruna-magalhaes-solicita-informacoes-sobre-imoveis-incorporados-ao-patrimonio-municipal\/"},"modified":"2026-05-26T09:45:54","modified_gmt":"2026-05-26T12:45:54","slug":"bruna-magalhaes-solicita-informacoes-sobre-imoveis-incorporados-ao-patrimonio-municipal","status":"publish","type":"post","link":"https:\/\/guialimeira.com.br\/news\/bruna-magalhaes-solicita-informacoes-sobre-imoveis-incorporados-ao-patrimonio-municipal\/","title":{"rendered":"Bruna Magalh\u00e3es solicita informa\u00e7\u00f5es sobre im\u00f3veis incorporados ao patrim\u00f4nio municipal"},"content":{"rendered":"<p>Bruna Magalh\u00e3es solicita informa\u00e7\u00f5es sobre im\u00f3veis incorporados ao patrim\u00f4nio municipal<\/p>\n<p>A vereadora Bruna Magalh\u00e3es (PRTB) protocolou nesta segunda-feira, 25 de maio,\u00a0 o Requerimento N\u00ba 468\/2026 solicitando \u00e0 Prefeitura informa\u00e7\u00f5es detalhadas sobre im\u00f3veis incorporados ao patrim\u00f4nio p\u00fablico municipal em decorr\u00eancia de execu\u00e7\u00f5es fiscais e a destina\u00e7\u00e3o que vem sendo dada a esses bens em Limeira.<\/p>\n<p>A iniciativa, conforme a parlamentar, busca compreender como o munic\u00edpio administra casas, terrenos, lotes e demais im\u00f3veis que passam a integrar o patrim\u00f4nio p\u00fablico ap\u00f3s processos judiciais, especialmente verificando se esses espa\u00e7os est\u00e3o sendo utilizados de forma eficiente e se podem contribuir para pol\u00edticas p\u00fablicas de interesse social.<\/p>\n<p>Segundo a vereadora, a proposta possui car\u00e1ter fiscalizat\u00f3rio e tamb\u00e9m busca abrir caminhos para discuss\u00e3o de solu\u00e7\u00f5es que beneficiem diretamente a popula\u00e7\u00e3o. \u201cMuitas vezes existem im\u00f3veis incorporados ao patrim\u00f4nio p\u00fablico que podem representar oportunidades importantes para pol\u00edticas habitacionais, regulariza\u00e7\u00e3o fundi\u00e1ria, implanta\u00e7\u00e3o de equipamentos p\u00fablicos ou atendimento de fam\u00edlias em situa\u00e7\u00e3o de vulnerabilidade. Precisamos entender quantos s\u00e3o, onde est\u00e3o, qual a situa\u00e7\u00e3o atual e quais possibilidades existem para sua utiliza\u00e7\u00e3o\u201d, destacou Bruna Magalh\u00e3es.<\/p>\n<p>O requerimento solicita informa\u00e7\u00f5es sobre a quantidade de im\u00f3veis incorporados nos \u00faltimos cinco anos, localiza\u00e7\u00e3o, situa\u00e7\u00e3o atual, crit\u00e9rios de utiliza\u00e7\u00e3o, eventual exist\u00eancia de im\u00f3veis ociosos, planejamento para aproveitamento social e estudos sobre pol\u00edticas p\u00fablicas voltadas ao tema. Bruna refor\u00e7ou que a Constitui\u00e7\u00e3o Federal de 1988 estabelece que toda propriedade deve cumprir sua fun\u00e7\u00e3o social e que esse princ\u00edpio tamb\u00e9m deve orientar a administra\u00e7\u00e3o p\u00fablica na gest\u00e3o dos bens pertencentes ao munic\u00edpio.<\/p>\n<p>\u201cO patrim\u00f4nio p\u00fablico precisa ser tratado com responsabilidade, planejamento e compromisso social. O objetivo \u00e9 buscar alternativas que possam transformar espa\u00e7os sem destina\u00e7\u00e3o em oportunidades reais para a popula\u00e7\u00e3o\u201d, afirmou. A parlamentar destacou ainda que as informa\u00e7\u00f5es obtidas poder\u00e3o subsidiar futuras a\u00e7\u00f5es legislativas e contribuir para o aprimoramento das pol\u00edticas p\u00fablicas voltadas \u00e0 habita\u00e7\u00e3o, assist\u00eancia social e desenvolvimento urbano em Limeira.<\/p>\n<p>Do Gabinete Parlamentar &#8211; Vereadora Bruna Magalh\u00e3es (PRTB)<\/p>\n<p>As mat\u00e9rias de origem dos Gabinetes Parlamentares s\u00e3o de inteira\u00a0 responsabilidade dos parlamentares e de suas assessorias. S\u00e3o devidamente assinadas e n\u00e3o refletem, necessariamente, a opini\u00e3o institucional da C\u00e2mara Municipal de Limeira.<\/p>\n<hr>\n<p><em>Fonte: <a href=\"https:\/\/www.limeira.sp.leg.br\/noticias\/view\/2026-05-26_bruna-magalhaes-solicita-informacoes-sobre-imoveis-incorporados-ao-patrimonio-municipal\" target=\"_blank\" rel=\"noopener\">C\u00e2mara Municipal de Limeira<\/a><\/em><\/p>\n","protected":false},"excerpt":{"rendered":"<p>Bruna Magalh\u00e3es solicita informa\u00e7\u00f5es sobre im\u00f3veis incorporados ao patrim\u00f4nio municipal<\/p>\n<p>A vereadora Bruna Magalh\u00e3es (PRTB) protocolou nesta segunda-feira, 25 de maio,\u00a0 o Requerimento N\u00ba 468\/2026 solicitando \u00e0 Prefeitura informa\u00e7\u00f5es detalhadas sobre im\u00f3veis incorporados ao patrim\u00f4nio p\u00fablico municip<\/p>\n","protected":false},"author":4,"featured_media":66801,"comment_status":"","ping_status":"open","sticky":false,"template":"","format":"standard","meta":{"_jetpack_newsletter_access":"","_jetpack_dont_email_post_to_subs":false,"_jetpack_newsletter_tier_id":0,"_jetpack_memberships_contains_paywalled_content":false,"_mbp_banners":[],"_jetpack_feature_clip_id":0,"_jetpack_memberships_contains_paid_content":false,"footnotes":"","jetpack_publicize_message":"","jetpack_publicize_feature_enabled":true,"jetpack_social_post_already_shared":true,"jetpack_social_options":{"image_generator_settings":{"template":"highway","default_image_id":0,"font":"","enabled":false},"version":2},"jetpack_post_was_ever_published":false},"categories":[19],"tags":[],"class_list":["post-66802","post","type-post","status-publish","format-standard","has-post-thumbnail","category-politica"],"jetpack_publicize_connections":[],"jetpack-related-posts":[],"jetpack_shortlink":"https:\/\/wp.me\/p7Eq1F-hns","jetpack_sharing_enabled":true,"jetpack_featured_media_url":"https:\/\/i0.wp.com\/guialimeira.com.br\/news\/wp-content\/uploads\/2026\/05\/noticia-camara-100.jpg?fit=1280%2C640&ssl=1","_links":{"self":[{"href":"https:\/\/guialimeira.com.br\/news\/wp-json\/wp\/v2\/posts\/66802","targetHints":{"allow":["GET"]}}],"collection":[{"href":"https:\/\/guialimeira.com.br\/news\/wp-json\/wp\/v2\/posts"}],"about":[{"href":"https:\/\/guialimeira.com.br\/news\/wp-json\/wp\/v2\/types\/post"}],"author":[{"embeddable":true,"href":"https:\/\/guialimeira.com.br\/news\/wp-json\/wp\/v2\/users\/4"}],"replies":[{"embeddable":true,"href":"https:\/\/guialimeira.com.br\/news\/wp-json\/wp\/v2\/comments?post=66802"}],"version-history":[{"count":0,"href":"https:\/\/guialimeira.com.br\/news\/wp-json\/wp\/v2\/posts\/66802\/revisions"}],"wp:featuredmedia":[{"embeddable":true,"href":"https:\/\/guialimeira.com.br\/news\/wp-json\/wp\/v2\/media\/66801"}],"wp:attachment":[{"href":"https:\/\/guialimeira.com.br\/news\/wp-json\/wp\/v2\/media?parent=66802"}],"wp:term":[{"taxonomy":"category","embeddable":true,"href":"https:\/\/guialimeira.com.br\/news\/wp-json\/wp\/v2\/categories?post=66802"},{"taxonomy":"post_tag","embeddable":true,"href":"https:\/\/guialimeira.com.br\/news\/wp-json\/wp\/v2\/tags?post=66802"}],"curies":[{"name":"wp","href":"https:\/\/api.w.org\/{rel}","templated":true}]}}