{"id":668,"date":"2024-04-01T18:09:45","date_gmt":"2024-04-01T21:09:45","guid":{"rendered":"https:\/\/guialimeira.com.br\/2024\/04\/01\/rj-ato-lembra-vitimas-da-repressao-em-frente-a-sede-do-antigo-dops\/"},"modified":"2024-04-01T18:09:45","modified_gmt":"2024-04-01T21:09:45","slug":"rj-ato-lembra-vitimas-da-repressao-em-frente-a-sede-do-antigo-dops","status":"publish","type":"post","link":"https:\/\/guialimeira.com.br\/news\/rj-ato-lembra-vitimas-da-repressao-em-frente-a-sede-do-antigo-dops\/","title":{"rendered":"RJ: Ato lembra v\u00edtimas da repress\u00e3o em frente \u00e0 sede do antigo Dops"},"content":{"rendered":"<p> <br \/>\n<\/p>\n<div>\n<p>Para marcar os 60 anos do golpe militar e reafirmar o compromisso com a mem\u00f3ria, verdade e justi\u00e7a, diversas organiza\u00e7\u00f5es, partidos pol\u00edticos, movimentos sociais e entidades da sociedade civil reuniram-se nesta segunda-feira (1\u00ba) em um ato em mem\u00f3ria das v\u00edtimas da ditadura e em defesa da democracia no centro do Rio de Janeiro.<img data-recalc-dims=\"1\" decoding=\"async\" src=\"https:\/\/i0.wp.com\/agenciabrasil.ebc.com.br\/ebc.png?w=696&#038;ssl=1\" style=\"width:1px; height:1px; display:inline;\"\/><img data-recalc-dims=\"1\" decoding=\"async\" src=\"https:\/\/i0.wp.com\/agenciabrasil.ebc.com.br\/ebc.gif?w=696&#038;ssl=1\" style=\"width:1px; height:1px; display:inline;\"\/><\/p>\n<p>Sob o lema Sem anistia para os golpistas de 1964 e do 8 de janeiro!, os organizadores do ato refor\u00e7aram a necessidade de responsabilizar os agentes que cometeram crimes contra a humanidade durante o regime autorit\u00e1rio. Outras demandas s\u00e3o a imediata reinstala\u00e7\u00e3o da Comiss\u00e3o Especial sobre Mortos e Desaparecidos Pol\u00edticos e a transforma\u00e7\u00e3o do pr\u00e9dio do antigo Departamento de Ordem Pol\u00edtica e Social (Dops) em um espa\u00e7o de mem\u00f3ria, como forma de preservar a hist\u00f3ria e alertar as gera\u00e7\u00f5es futuras sobre os horrores do passado.<\/p>\n<p>No evento, houve uma concentra\u00e7\u00e3o no antigo pr\u00e9dio do Dops, local emblem\u00e1tico da repress\u00e3o pol\u00edtica no per\u00edodo da ditadura, e uma caminhada at\u00e9 a Faculdade Nacional de Direito, na Rua Moncorvo Filho, n\u2070 8, centro.<\/p>\n<p>\u201cQuando se recupera a mem\u00f3ria e se mostra o que foi a ditadura, as barbaridades que ela fez, tudo o que ela cerceou de liberdade, tudo o que ela excluiu, matou e torturou, surge a possibilidade de gerar uma consci\u00eancia mais solidamente democr\u00e1tica. Precisamos dizer \u00e0s novas gera\u00e7\u00f5es o que foi aquilo para que elas resistam a qualquer tentativa de retrocesso como esse\u201d, afirmou a deputada Jandira Feghali (PCdoB-RJ).<\/p>\n<p>Jandira destacou que o ato foi uma homenagem a quem lutou pela sociedade. \u201cEstamos aqui hoje n\u00e3o \u00e9 por acaso. Porque teve quem lutou, quem morreu, quem resistiu. \u00c9 uma homenagem a essas pessoas e a seus familiares, que querem ter um luto em paz e ainda n\u00e3o conseguiram, porque o Estado ainda n\u00e3o deu todas as respostas.\u201d<\/p>\n<p>Outro objetivo do evento foi denunciar a persist\u00eancia da viol\u00eancia policial e do genoc\u00eddio negro nas favelas. Os manifestantes tamb\u00e9m exigiram a abertura de todos os arquivos da ditadura, especialmente os militares, como forma de garantir o acesso \u00e0 verdade e \u00e0 justi\u00e7a para as v\u00edtimas e seus familiares.<\/p>\n<p>Membro da diretoria colegiada do Grupo Tortura Nunca Mais, Rafael Maul ressaltou que o ato foi importante por garantir a mem\u00f3ria da viol\u00eancia de Estado e das formas de resist\u00eancia na ditadura. \u201cA ditadura aprimorou v\u00e1rias tecnologias da viol\u00eancia de Estado que a gente tem desde o per\u00edodo escravista no Brasil. Esse lugar [em] que estamos [o Dops] \u00e9 importante para estarmos de frente porque \u00e9 uma pris\u00e3o pol\u00edtica da ditadura.\u201d<\/p>\n<\/p><\/div>\n<p><br \/>\n<br \/><a href=\"https:\/\/agenciabrasil.ebc.com.br\/direitos-humanos\/noticia\/2024-04\/ato-relembra-vitimas-da-repressao-em-frente-ao-predio-que-abrigou-dops\" rel=\"noopener\">Ag\u00eancia Brasil<\/a><\/p>\n","protected":false},"excerpt":{"rendered":"<p>Para marcar os 60 anos do golpe militar e reafirmar o compromisso com a mem\u00f3ria, verdade e justi\u00e7a, diversas organiza\u00e7\u00f5es, partidos pol\u00edticos, movimentos sociais e entidades da sociedade civil reuniram-se nesta segunda-feira (1\u00ba) em um ato em mem\u00f3ria das v\u00edtimas da ditadura e em defesa da democracia no centro do Rio de Janeiro. Sob o [&hellip;]<\/p>\n","protected":false},"author":1,"featured_media":669,"comment_status":"open","ping_status":"open","sticky":false,"template":"","format":"standard","meta":{"_jetpack_newsletter_access":"","_jetpack_dont_email_post_to_subs":false,"_jetpack_newsletter_tier_id":0,"_jetpack_memberships_contains_paywalled_content":false,"_mbp_banners":[],"_jetpack_feature_clip_id":0,"_jetpack_memberships_contains_paid_content":false,"footnotes":"","jetpack_publicize_message":"","jetpack_publicize_feature_enabled":true,"jetpack_social_post_already_shared":true,"jetpack_social_options":{"image_generator_settings":{"template":"highway","default_image_id":0,"font":"","enabled":false},"version":2},"jetpack_post_was_ever_published":false},"categories":[22],"tags":[],"class_list":["post-668","post","type-post","status-publish","format-standard","has-post-thumbnail","category-nacional"],"jetpack_publicize_connections":[],"jetpack-related-posts":[],"jetpack_shortlink":"https:\/\/wp.me\/p7Eq1F-aM","jetpack_sharing_enabled":true,"jetpack_featured_media_url":"https:\/\/i0.wp.com\/guialimeira.com.br\/news\/wp-content\/uploads\/2024\/04\/965356-27062015-_abr3993.jpg?fit=1600%2C800&ssl=1","_links":{"self":[{"href":"https:\/\/guialimeira.com.br\/news\/wp-json\/wp\/v2\/posts\/668","targetHints":{"allow":["GET"]}}],"collection":[{"href":"https:\/\/guialimeira.com.br\/news\/wp-json\/wp\/v2\/posts"}],"about":[{"href":"https:\/\/guialimeira.com.br\/news\/wp-json\/wp\/v2\/types\/post"}],"author":[{"embeddable":true,"href":"https:\/\/guialimeira.com.br\/news\/wp-json\/wp\/v2\/users\/1"}],"replies":[{"embeddable":true,"href":"https:\/\/guialimeira.com.br\/news\/wp-json\/wp\/v2\/comments?post=668"}],"version-history":[{"count":0,"href":"https:\/\/guialimeira.com.br\/news\/wp-json\/wp\/v2\/posts\/668\/revisions"}],"wp:featuredmedia":[{"embeddable":true,"href":"https:\/\/guialimeira.com.br\/news\/wp-json\/wp\/v2\/media\/669"}],"wp:attachment":[{"href":"https:\/\/guialimeira.com.br\/news\/wp-json\/wp\/v2\/media?parent=668"}],"wp:term":[{"taxonomy":"category","embeddable":true,"href":"https:\/\/guialimeira.com.br\/news\/wp-json\/wp\/v2\/categories?post=668"},{"taxonomy":"post_tag","embeddable":true,"href":"https:\/\/guialimeira.com.br\/news\/wp-json\/wp\/v2\/tags?post=668"}],"curies":[{"name":"wp","href":"https:\/\/api.w.org\/{rel}","templated":true}]}}