{"id":66798,"date":"2026-05-26T09:25:12","date_gmt":"2026-05-26T12:25:12","guid":{"rendered":"https:\/\/guialimeira.com.br\/prefeitura-leva-vacinacao-itinerante-a-praca-das-nacoes-unidas\/"},"modified":"2026-05-26T09:25:12","modified_gmt":"2026-05-26T12:25:12","slug":"prefeitura-leva-vacinacao-itinerante-a-praca-das-nacoes-unidas","status":"publish","type":"post","link":"https:\/\/guialimeira.com.br\/news\/prefeitura-leva-vacinacao-itinerante-a-praca-das-nacoes-unidas\/","title":{"rendered":"Prefeitura leva vacina\u00e7\u00e3o itinerante \u00e0 Pra\u00e7a das Na\u00e7\u00f5es Unidas"},"content":{"rendered":"<p> <br \/>\n<\/p>\n<div id=\"\">&#13;<br \/>\n                    &#13;<br \/>\n&#13;<br \/>\n&#13;<br \/>\n&#13;<br \/>\n&#13;<br \/>\n&#13;<br \/>\n    <img data-recalc-dims=\"1\" decoding=\"async\" src=\"https:\/\/i0.wp.com\/ecrie.com.br\/sistema\/conteudos\/imagem\/m_137_0_1_06042026114852.jpeg?w=696&#038;ssl=1\" alt=\"Prefeitura leva vacina\u00e7\u00e3o itinerante \u00e0 Pra\u00e7a das Na\u00e7\u00f5es Unidas\"\/>&#13;<br \/>\n&#13;<br \/>\n&#13;<\/p>\n<p>\u00a0<\/p>\n<p>&#13;<\/p>\n<p style=\"text-align: justify;\"><span style=\"font-family: Arial, sans-serif;\"><span style=\"font-size: medium;\">A Prefeitura de Limeira realiza, em 6 de junho (s\u00e1bado), uma a\u00e7\u00e3o de vacina\u00e7\u00e3o itinerante na Pra\u00e7a Rosa Rosada Granzotto, conhecida como Pra\u00e7a das Na\u00e7\u00f5es Unidas, no Jd. Nereide\/Boa Vista. O atendimento acontece das 8h \u00e0s 13h e disponibiliza dez vacinas do calend\u00e1rio oficial de imuniza\u00e7\u00e3o, sem necessidade de agendamento.<\/span><\/span><\/p>\n<p>&#13;<\/p>\n<p style=\"text-align: justify;\"><span style=\"font-family: Arial, sans-serif;\"><span style=\"font-size: medium;\">A iniciativa atende a pedido dos pr\u00f3prios moradores da regi\u00e3o, que solicitaram a amplia\u00e7\u00e3o das a\u00e7\u00f5es de vacina\u00e7\u00e3o em pontos de f\u00e1cil acesso e com maior circula\u00e7\u00e3o de pessoas no bairro. Pessoas de bairros vizinhos tamb\u00e9m podem comparecer ao local. <\/span><\/span><\/p>\n<p>&#13;<\/p>\n<p style=\"text-align: justify;\"><strong><span style=\"font-family: Arial, sans-serif;\"><span style=\"font-size: medium;\">Vacinas dispon\u00edveis<\/span><\/span><\/strong><\/p>\n<p>&#13;<\/p>\n<p style=\"text-align: justify;\"><span style=\"font-family: Arial, sans-serif;\"><span style=\"font-size: medium;\">Durante a a\u00e7\u00e3o, a popula\u00e7\u00e3o poder\u00e1 atualizar a carteira vacinal com os seguintes imunizantes: dupla adulto (t\u00e9tano e difteria), hepatite B, febre amarela, meningite (ACWY), HPV, covid-19, dengue (adolescentes), dengue (adultos) e gripe. J\u00e1 as gestantes ter\u00e3o acesso \u00e0 vacina contra a bronquiolite.<\/span><\/span><\/p>\n<p>&#13;<\/p>\n<p style=\"text-align: justify;\"><strong><span style=\"font-family: Arial, sans-serif;\"><span style=\"font-size: medium;\">Atualiza\u00e7\u00e3o em dia<\/span><\/span><\/strong><\/p>\n<p>&#13;<\/p>\n<p style=\"text-align: justify;\"><span style=\"font-family: Arial, sans-serif;\"><span style=\"font-size: medium;\">A Secretaria de Sa\u00fade refor\u00e7a a import\u00e2ncia de manter a carteira vacinal atualizada como medida de preven\u00e7\u00e3o individual e coletiva. Para receber as vacinas, \u00e9 preciso apresentar documento de identifica\u00e7\u00e3o com foto, Cart\u00e3o SUS e Cart\u00e3o de Vacina\u00e7\u00e3o. Menores de idade devem estar acompanhados dos pais ou respons\u00e1veis.<\/span><\/span><\/p>\n<p>&#13;<\/p>\n<p style=\"text-align: justify;\">\u00a0<\/p>\n<p>&#13;<\/p>\n<p style=\"text-align: justify;\"><span style=\"font-family: Arial, sans-serif;\"><span style=\"font-size: medium;\"><u><strong>Confira a indica\u00e7\u00e3o das vacinas<\/strong><\/u>:<\/span><\/span><\/p>\n<p>&#13;<\/p>\n<p style=\"text-align: justify;\">\u00a0<\/p>\n<p>&#13;<\/p>\n<p style=\"text-align: justify;\"><span style=\"font-family: Arial, sans-serif;\"><span style=\"font-size: medium;\"><strong>GRIPE<\/strong><\/span><\/span><\/p>\n<p>&#13;<\/p>\n<p style=\"text-align: justify;\"><span style=\"font-family: Arial, sans-serif;\"><span style=\"font-size: medium;\">Crian\u00e7as de 6 meses a menores de 6 anos, gestantes, pu\u00e9rperas, idosos (60+) e grupos priorit\u00e1rios (trabalhadores de sa\u00fade, pessoas com defici\u00eancia permanente, funcion\u00e1rios do Sistema de Priva\u00e7\u00e3o de Liberdade, pessoas com comorbidades, professores, pessoas em situa\u00e7\u00e3o de rua, integrantes das For\u00e7as de Seguran\u00e7a e Salvamento, caminhoneiros, trabalhadores de transporte coletivo rodovi\u00e1rio de passageiros urbano e de longo curso, trabalhadores dos Correios, etc).<\/span><\/span><\/p>\n<p>&#13;<\/p>\n<p style=\"text-align: justify;\">\u00a0<\/p>\n<p>&#13;<\/p>\n<p style=\"text-align: justify;\"><span style=\"font-family: Arial, sans-serif;\"><span style=\"font-size: medium;\"><strong>DENGUE<\/strong><\/span><\/span><\/p>\n<p>&#13;<\/p>\n<p style=\"text-align: justify;\"><span style=\"font-family: Arial, sans-serif;\"><span style=\"font-size: medium;\">&#8211; Para crian\u00e7as e adolescentes de 10 a 14 anos;<\/span><\/span><\/p>\n<p>&#13;<\/p>\n<p style=\"text-align: justify;\">\u00a0<\/p>\n<p>&#13;<\/p>\n<p style=\"text-align: justify;\"><span style=\"font-family: Arial, sans-serif;\"><span style=\"font-size: medium;\"><strong>DENGUE ADULTOS<\/strong><\/span><\/span><\/p>\n<p>&#13;<\/p>\n<p style=\"text-align: justify;\"><span style=\"font-family: Arial, sans-serif;\"><span style=\"font-size: medium;\">&#8211; Para profissionais da \u00e1rea de sa\u00fade (de 15 a 59 anos) das redes p\u00fablica e privada: m\u00e9dicos, enfermeiros, psic\u00f3logos, terapeutas ocupacionais, dentistas, veterin\u00e1rios, biom\u00e9dicos, entre outros. Importante: \u00e9 necess\u00e1rio comprovar a atua\u00e7\u00e3o na \u00e1rea, com apresenta\u00e7\u00e3o da carteira de trabalho ou carteira do conselho de classe;<\/span><\/span><\/p>\n<p>&#13;<\/p>\n<p style=\"text-align: justify;\"><span style=\"font-family: Arial, sans-serif;\"><span style=\"font-size: medium;\">&#8211; Para adultos de 59 anos a 59 anos, 11 meses e 29 dias.<\/span><\/span><\/p>\n<p>&#13;<\/p>\n<p style=\"text-align: justify;\"><span style=\"font-family: Arial, sans-serif;\"><span style=\"font-size: medium;\">&#8211; O imunizante n\u00e3o \u00e9 indicado para idosos com 60 anos ou mais, conforme previsto em bula e regulamentado pela Ag\u00eancia Nacional de Vigil\u00e2ncia Sanit\u00e1ria (Anvisa).<\/span><\/span><\/p>\n<p>&#13;<\/p>\n<p style=\"text-align: justify;\">\u00a0<\/p>\n<p>&#13;<\/p>\n<p style=\"text-align: justify;\"><span style=\"font-family: Arial, sans-serif;\"><span style=\"font-size: medium;\"><strong>DUPLA ADULTO (DIFTERIA E T\u00c9TANO)<\/strong><\/span><\/span><\/p>\n<p>&#13;<\/p>\n<p style=\"text-align: justify;\"><span style=\"font-family: Arial, sans-serif;\"><span style=\"font-size: medium;\">&#8211; Pessoas n\u00e3o vacinadas contra difteria e t\u00e9tano na primeira inf\u00e2ncia;<\/span><\/span><\/p>\n<p>&#13;<\/p>\n<p style=\"text-align: justify;\"><span style=\"font-family: Arial, sans-serif;\"><span style=\"font-size: medium;\">&#8211; A partir dos 7 anos, caso n\u00e3o tenham sido vacinadas anteriormente.<\/span><\/span><\/p>\n<p>&#13;<\/p>\n<p style=\"text-align: justify;\">\u00a0<\/p>\n<p>&#13;<\/p>\n<p style=\"text-align: justify;\"><span style=\"font-family: Arial, sans-serif;\"><span style=\"font-size: medium;\"><strong>COVID-19<\/strong><\/span><\/span><\/p>\n<p>&#13;<\/p>\n<p style=\"text-align: justify;\"><span style=\"font-family: Arial, sans-serif;\"><span style=\"font-size: medium;\">Atualmente, a vacina contra covid-19 \u00e9 voltada a gestantes, pessoas imunocomprometidas e idosos (60 anos ou mais), que devem ser vacinados a cada seis meses. Crian\u00e7as de 6 meses a 4 anos, 11 meses e 29 dias devem receber duas doses da vacina, com intervalo de quatro semanas entre elas. Pessoas de 5 a 59 anos, sem comorbidades e j\u00e1 vacinadas anteriormente, n\u00e3o precisam receber novas doses. Nessa faixa et\u00e1ria, o imunizante \u00e9 destinado apenas aos grupos especiais, que devem receber uma dose anualmente. S\u00e3o eles: pessoas vivendo em institui\u00e7\u00f5es de longa perman\u00eancia, ind\u00edgenas, ribeirinhos, quilombolas, pu\u00e9rperas, trabalhadores da sa\u00fade, pessoas com defici\u00eancia permanente, pessoas com comorbidades, pessoas privadas de liberdade, funcion\u00e1rios do sistema de priva\u00e7\u00e3o de liberdade, adolescentes e jovens cumprindo medidas socioeducativas, pessoas em situa\u00e7\u00e3o de rua e trabalhadores dos Correios.<\/span><\/span><\/p>\n<p>&#13;<\/p>\n<p style=\"text-align: justify;\">\u00a0<\/p>\n<p>&#13;<\/p>\n<p style=\"text-align: justify;\"><span style=\"font-family: Arial, sans-serif;\"><span style=\"font-size: medium;\"><strong>FEBRE AMARELA<\/strong><\/span><\/span><\/p>\n<p>&#13;<\/p>\n<p style=\"text-align: justify;\"><span style=\"font-family: Arial, sans-serif;\"><span style=\"font-size: medium;\">&#8211; Crian\u00e7as a partir de 9 meses de idade que ainda n\u00e3o foram vacinadas e aquelas que n\u00e3o completaram o esquema vacinal de duas doses.<\/span><\/span><\/p>\n<p>&#13;<\/p>\n<p style=\"text-align: justify;\"><span style=\"font-family: Arial, sans-serif;\"><span style=\"font-size: medium;\">&#8211; Pessoas que receberam apenas uma dose antes de completar 5 anos de idade dever\u00e3o tomar a dose adicional, independentemente da idade.<\/span><\/span><\/p>\n<p>&#13;<\/p>\n<p style=\"text-align: justify;\"><span style=\"font-family: Arial, sans-serif;\"><span style=\"font-size: medium;\">&#8211; Pessoas de qualquer idade que n\u00e3o sabem se j\u00e1 foram vacinadas.<\/span><\/span><\/p>\n<p>&#13;<\/p>\n<p style=\"text-align: justify;\"><span style=\"font-family: Arial, sans-serif;\"><span style=\"font-size: medium;\">&#8211; Pessoas com 60 anos ou mais devem apresentar recomenda\u00e7\u00e3o m\u00e9dica por escrito para receber a vacina.<\/span><\/span><\/p>\n<p>&#13;<\/p>\n<p style=\"text-align: justify;\">\u00a0<\/p>\n<p>&#13;<\/p>\n<p style=\"text-align: justify;\"><span style=\"font-family: Arial, sans-serif;\"><span style=\"font-size: medium;\"><strong>HEPATITE B<\/strong><\/span><\/span><\/p>\n<p>&#13;<\/p>\n<p style=\"text-align: justify;\"><span style=\"font-family: Arial, sans-serif;\"><span style=\"font-size: medium;\">&#8211; Crian\u00e7as: a vacina deve ser aplicada ainda na maternidade, preferencialmente nas primeiras 12 horas de vida. Em seguida, aos 2, 4 e 6 meses.<\/span><\/span><\/p>\n<p>&#13;<\/p>\n<p style=\"text-align: justify;\"><span style=\"font-family: Arial, sans-serif;\"><span style=\"font-size: medium;\">Observa\u00e7\u00e3o: A vacina contra a hepatite B integra a vacina pentavalente.<\/span><\/span><\/p>\n<p>&#13;<\/p>\n<p style=\"text-align: justify;\"><span style=\"font-family: Arial, sans-serif;\"><span style=\"font-size: medium;\">&#8211; Adultos n\u00e3o vacinados: devem tomar tr\u00eas doses, com intervalo de 2 meses ap\u00f3s a primeira e 4 meses ap\u00f3s a segunda.<\/span><\/span><\/p>\n<p>&#13;<\/p>\n<p style=\"text-align: justify;\">\u00a0<\/p>\n<p>&#13;<\/p>\n<p style=\"text-align: justify;\"><span style=\"font-family: Arial, sans-serif;\"><span style=\"font-size: medium;\"><strong>MENINGITE (ACWY)<\/strong><\/span><\/span><\/p>\n<p>&#13;<\/p>\n<p style=\"text-align: justify;\"><span style=\"font-family: Arial, sans-serif;\"><span style=\"font-size: medium;\">&#8211; Crian\u00e7as de 12 meses e adolescentes de 11 a 14 anos.<\/span><\/span><\/p>\n<p>&#13;<\/p>\n<p style=\"text-align: justify;\">\u00a0<\/p>\n<p>&#13;<\/p>\n<p style=\"text-align: justify;\"><span style=\"font-family: Arial, sans-serif;\"><span style=\"font-size: medium;\"><strong>HPV<\/strong><\/span><\/span><\/p>\n<p>&#13;<\/p>\n<p style=\"text-align: justify;\"><span style=\"font-family: Arial, sans-serif;\"><span style=\"font-size: medium;\">&#8211; Meninas e Meninos de 9 a 19 anos.<\/span><\/span><\/p>\n<p>&#13;<\/p>\n<p style=\"text-align: justify;\"><span style=\"font-family: Arial, sans-serif;\"><span style=\"font-size: medium;\">&#8211; Pessoas com HIV.<\/span><\/span><\/p>\n<p>&#13;<\/p>\n<p style=\"text-align: justify;\"><span style=\"font-family: Arial, sans-serif;\"><span style=\"font-size: medium;\">&#8211; Pessoas transplantadas entre 9 e 45 anos.<\/span><\/span><\/p>\n<p>&#13;<\/p>\n<p style=\"text-align: justify;\">\u00a0<\/p>\n<p>&#13;<\/p>\n<p style=\"text-align: justify;\"><span style=\"font-family: Arial, sans-serif;\"><span style=\"font-size: medium;\"><strong>BRONQUIOLITE<\/strong><\/span><\/span><\/p>\n<p>&#13;<\/p>\n<p style=\"text-align: justify;\"><span style=\"font-family: Arial, sans-serif;\"><span style=\"font-size: medium;\">&#8211; Para gestantes.<\/span><\/span><\/p>\n<p>&#13;<\/p>\n<p style=\"text-align: justify;\">\u00a0<\/p>\n<p>&#13;<\/p>\n<p style=\"text-align: justify;\">\u00a0<\/p>\n<p>&#13;<\/p>\n<p style=\"text-align: justify;\">\u00a0<\/p>\n<p>&#13;<br \/>\n&#13;<br \/>\n&#13;<br \/>\n&#13;<\/p>\n<article class=\"conteudo-relacionado no-print\">&#13;<br \/>\n        &#13;<br \/>\n&#13;<br \/>\n        &#13;<br \/>\n    <\/article>\n<p>&#13;<br \/>\n&#13;\n                <\/p><\/div>\n<p><br \/>\n<br \/><a href=\"https:\/\/limeira.sp.gov.br\/prefeitura-leva-vacinacao-itinerante-a-praca-das-nacoes-unidas\" rel=\"noopener\">Informa\u00e7\u00f5es da PML <\/a><\/p>\n","protected":false},"excerpt":{"rendered":"<p>&#13; &#13; &#13; &#13; &#13; &#13; &#13; &#13; &#13; &#13; \u00a0 &#13; A Prefeitura de Limeira realiza, em 6 de junho (s\u00e1bado), uma a\u00e7\u00e3o de vacina\u00e7\u00e3o itinerante na Pra\u00e7a Rosa Rosada Granzotto, conhecida como Pra\u00e7a das Na\u00e7\u00f5es Unidas, no Jd. Nereide\/Boa Vista. O atendimento acontece das 8h \u00e0s 13h e disponibiliza dez vacinas do calend\u00e1rio [&hellip;]<\/p>\n","protected":false},"author":1,"featured_media":60577,"comment_status":"","ping_status":"open","sticky":false,"template":"","format":"standard","meta":{"_jetpack_newsletter_access":"","_jetpack_dont_email_post_to_subs":false,"_jetpack_newsletter_tier_id":0,"_jetpack_memberships_contains_paywalled_content":false,"_mbp_banners":[],"_jetpack_feature_clip_id":0,"_jetpack_memberships_contains_paid_content":false,"footnotes":"","jetpack_publicize_message":"","jetpack_publicize_feature_enabled":true,"jetpack_social_post_already_shared":true,"jetpack_social_options":{"image_generator_settings":{"template":"highway","default_image_id":0,"font":"","enabled":false},"version":2},"jetpack_post_was_ever_published":false},"categories":[16],"tags":[],"class_list":["post-66798","post","type-post","status-publish","format-standard","has-post-thumbnail","category-local"],"jetpack_publicize_connections":[],"jetpack-related-posts":[],"jetpack_shortlink":"https:\/\/wp.me\/p7Eq1F-hno","jetpack_sharing_enabled":true,"jetpack_featured_media_url":"https:\/\/i0.wp.com\/guialimeira.com.br\/news\/wp-content\/uploads\/2026\/04\/m_137_0_1_06042026114852.jpeg?fit=1007%2C566&ssl=1","_links":{"self":[{"href":"https:\/\/guialimeira.com.br\/news\/wp-json\/wp\/v2\/posts\/66798","targetHints":{"allow":["GET"]}}],"collection":[{"href":"https:\/\/guialimeira.com.br\/news\/wp-json\/wp\/v2\/posts"}],"about":[{"href":"https:\/\/guialimeira.com.br\/news\/wp-json\/wp\/v2\/types\/post"}],"author":[{"embeddable":true,"href":"https:\/\/guialimeira.com.br\/news\/wp-json\/wp\/v2\/users\/1"}],"replies":[{"embeddable":true,"href":"https:\/\/guialimeira.com.br\/news\/wp-json\/wp\/v2\/comments?post=66798"}],"version-history":[{"count":0,"href":"https:\/\/guialimeira.com.br\/news\/wp-json\/wp\/v2\/posts\/66798\/revisions"}],"wp:featuredmedia":[{"embeddable":true,"href":"https:\/\/guialimeira.com.br\/news\/wp-json\/wp\/v2\/media\/60577"}],"wp:attachment":[{"href":"https:\/\/guialimeira.com.br\/news\/wp-json\/wp\/v2\/media?parent=66798"}],"wp:term":[{"taxonomy":"category","embeddable":true,"href":"https:\/\/guialimeira.com.br\/news\/wp-json\/wp\/v2\/categories?post=66798"},{"taxonomy":"post_tag","embeddable":true,"href":"https:\/\/guialimeira.com.br\/news\/wp-json\/wp\/v2\/tags?post=66798"}],"curies":[{"name":"wp","href":"https:\/\/api.w.org\/{rel}","templated":true}]}}