{"id":66797,"date":"2026-05-26T09:15:57","date_gmt":"2026-05-26T12:15:57","guid":{"rendered":"https:\/\/guialimeira.com.br\/camara-aprova-criacao-de-selo-pet-seguro-para-pet-shops-com-sistema-de-monitoramento\/"},"modified":"2026-05-26T09:15:57","modified_gmt":"2026-05-26T12:15:57","slug":"camara-aprova-criacao-de-selo-pet-seguro-para-pet-shops-com-sistema-de-monitoramento","status":"publish","type":"post","link":"https:\/\/guialimeira.com.br\/news\/camara-aprova-criacao-de-selo-pet-seguro-para-pet-shops-com-sistema-de-monitoramento\/","title":{"rendered":"C\u00e2mara aprova cria\u00e7\u00e3o de selo \u201cPet Seguro\u201d para pet shops com sistema de monitoramento"},"content":{"rendered":"<p>C\u00e2mara aprova cria\u00e7\u00e3o de selo \u201cPet Seguro\u201d para pet shops com sistema de monitoramento<\/p>\n<p>Com o objetivo de reconhecer os estabelecimentos comerciais que prestam servi\u00e7os de banho, tosa, hospedagem, atendimento veterin\u00e1rio e demais cuidados destinados a animais dom\u00e9sticos, denominados pet shops, que possuam sistema de monitoramento, a C\u00e2mara Municipal de Limeira aprovou o Projeto de Lei N\u00ba 52\/2026, na sess\u00e3o ordin\u00e1ria desta segunda-feira, 25 de maio. A proposta de autoria dos vereadores Nilton Santos (Republicanos) e Tatiane Lopes (Avante), institui o Selo \u201cPet Seguro\u201d no \u00e2mbito do Munic\u00edpio de Limeira.<\/p>\n<p>Para a obten\u00e7\u00e3o do selo, que ter\u00e1 validade de dois anos, os estabelecimentos dever\u00e3o manter c\u00e2meras de vigil\u00e2ncia instaladas nas \u00e1reas destinadas aos servi\u00e7os de banho e tosa, \u00e0 hospedagem de animais e de atendimento veterin\u00e1rio, respeitadas as normas de privacidade e sigilo profissional aplic\u00e1veis.<\/p>\n<p>As imagens captadas dever\u00e3o ser armazenadas pelo per\u00edodo m\u00ednimo de dez dias e \u00e9 vedada a manipula\u00e7\u00e3o indevida, divulga\u00e7\u00e3o ou compartilhamento de imagens sem autoriza\u00e7\u00e3o do respons\u00e1vel legal pelo animal, a menos que haja determina\u00e7\u00e3o judicial ou requisi\u00e7\u00e3o de autoridade competente.<\/p>\n<p>Conforme a medida, caso haja den\u00fancia ou suspeita de maus-tratos, neglig\u00eancia ou viola\u00e7\u00e3o ao bem-estar do animal, as imagens dever\u00e3o ser disponibilizadas imediatamente aos \u00f3rg\u00e3os municipais competentes para averigua\u00e7\u00e3o.<\/p>\n<p>Na justificativa os autores informam que o objetivo da proposta \u00e9 ampliar a seguran\u00e7a, transpar\u00eancia e prote\u00e7\u00e3o dos animais dom\u00e9sticos nesses estabelecimentos e incentivar o cumprimento das normas j\u00e1 existentes, reconhecendo aqueles que j\u00e1 adotam boas pr\u00e1ticas de seguran\u00e7a e transpar\u00eancia.<\/p>\n<p>\u201cA instala\u00e7\u00e3o e manuten\u00e7\u00e3o de c\u00e2meras de vigil\u00e2ncia possibilitam o monitoramento cont\u00ednuo dos servi\u00e7os prestados, inibem pr\u00e1ticas abusivas, auxiliam na apura\u00e7\u00e3o de eventuais irregularidades e proporcionam maior tranquilidade aos tutores\u201d, destacam Nilton e Tatiane.<\/p>\n<p>O projeto aprovado segue para aprecia\u00e7\u00e3o do prefeito Murilo F\u00e9lix (Podemos) para san\u00e7\u00e3o ou veto. Se sancionado, ser\u00e1 promulgado e publicado no Jornal Oficial do Munic\u00edpio e ap\u00f3s 90 dias passa a ser lei.<\/p>\n<hr>\n<p><em>Fonte: <a href=\"https:\/\/www.limeira.sp.leg.br\/noticias\/view\/2026-05-26_camara-aprova-criacao-de-selo-pet-seguro-para-pet-shops-com-sistema-de-monitoramento\" target=\"_blank\" rel=\"noopener\">C\u00e2mara Municipal de Limeira<\/a><\/em><\/p>\n","protected":false},"excerpt":{"rendered":"<p>C\u00e2mara aprova cria\u00e7\u00e3o de selo \u201cPet Seguro\u201d para pet shops com sistema de monitoramento<\/p>\n<p>Com o objetivo de reconhecer os estabelecimentos comerciais que prestam servi\u00e7os de banho, tosa, hospedagem, atendimento veterin\u00e1rio e demais cuidados destinados a animais dom\u00e9sticos, denominados pet shops, que p<\/p>\n","protected":false},"author":4,"featured_media":66796,"comment_status":"","ping_status":"open","sticky":false,"template":"","format":"standard","meta":{"_jetpack_newsletter_access":"","_jetpack_dont_email_post_to_subs":false,"_jetpack_newsletter_tier_id":0,"_jetpack_memberships_contains_paywalled_content":false,"_mbp_banners":[],"_jetpack_feature_clip_id":0,"_jetpack_memberships_contains_paid_content":false,"footnotes":"","jetpack_publicize_message":"","jetpack_publicize_feature_enabled":true,"jetpack_social_post_already_shared":true,"jetpack_social_options":{"image_generator_settings":{"template":"highway","default_image_id":0,"font":"","enabled":false},"version":2},"jetpack_post_was_ever_published":false},"categories":[19],"tags":[],"class_list":["post-66797","post","type-post","status-publish","format-standard","has-post-thumbnail","category-politica"],"jetpack_publicize_connections":[],"jetpack-related-posts":[],"jetpack_shortlink":"https:\/\/wp.me\/p7Eq1F-hnn","jetpack_sharing_enabled":true,"jetpack_featured_media_url":"https:\/\/i0.wp.com\/guialimeira.com.br\/news\/wp-content\/uploads\/2026\/05\/noticia-camara-99.jpg?fit=1280%2C640&ssl=1","_links":{"self":[{"href":"https:\/\/guialimeira.com.br\/news\/wp-json\/wp\/v2\/posts\/66797","targetHints":{"allow":["GET"]}}],"collection":[{"href":"https:\/\/guialimeira.com.br\/news\/wp-json\/wp\/v2\/posts"}],"about":[{"href":"https:\/\/guialimeira.com.br\/news\/wp-json\/wp\/v2\/types\/post"}],"author":[{"embeddable":true,"href":"https:\/\/guialimeira.com.br\/news\/wp-json\/wp\/v2\/users\/4"}],"replies":[{"embeddable":true,"href":"https:\/\/guialimeira.com.br\/news\/wp-json\/wp\/v2\/comments?post=66797"}],"version-history":[{"count":0,"href":"https:\/\/guialimeira.com.br\/news\/wp-json\/wp\/v2\/posts\/66797\/revisions"}],"wp:featuredmedia":[{"embeddable":true,"href":"https:\/\/guialimeira.com.br\/news\/wp-json\/wp\/v2\/media\/66796"}],"wp:attachment":[{"href":"https:\/\/guialimeira.com.br\/news\/wp-json\/wp\/v2\/media?parent=66797"}],"wp:term":[{"taxonomy":"category","embeddable":true,"href":"https:\/\/guialimeira.com.br\/news\/wp-json\/wp\/v2\/categories?post=66797"},{"taxonomy":"post_tag","embeddable":true,"href":"https:\/\/guialimeira.com.br\/news\/wp-json\/wp\/v2\/tags?post=66797"}],"curies":[{"name":"wp","href":"https:\/\/api.w.org\/{rel}","templated":true}]}}