{"id":66794,"date":"2026-05-26T09:14:09","date_gmt":"2026-05-26T12:14:09","guid":{"rendered":"https:\/\/guialimeira.com.br\/forum-discute-mortalidade-infantil-em-limeira-saiba-como-se-inscrever\/"},"modified":"2026-05-26T09:14:09","modified_gmt":"2026-05-26T12:14:09","slug":"forum-discute-mortalidade-infantil-em-limeira-saiba-como-se-inscrever","status":"publish","type":"post","link":"https:\/\/guialimeira.com.br\/news\/forum-discute-mortalidade-infantil-em-limeira-saiba-como-se-inscrever\/","title":{"rendered":"F\u00f3rum discute mortalidade infantil em Limeira; saiba como se inscrever"},"content":{"rendered":"<p> <br \/>\n<\/p>\n<div id=\"\">&#13;<br \/>\n                    &#13;<br \/>\n&#13;<br \/>\n&#13;<br \/>\n&#13;<br \/>\n&#13;<br \/>\n&#13;<br \/>\n    <img data-recalc-dims=\"1\" decoding=\"async\" src=\"https:\/\/i0.wp.com\/ecrie.com.br\/sistema\/conteudos\/imagem\/m_137_0_1_26052026090903.jpg?w=696&#038;ssl=1\" alt=\"F\u00f3rum discute mortalidade infantil em Limeira; saiba como se inscrever\"\/>&#13;<br \/>\n&#13;<br \/>\n&#13;<\/p>\n<p style=\"text-align: justify;\">\u00a0<\/p>\n<p>&#13;<\/p>\n<p style=\"text-align: justify;\"><span style=\"font-family: Arial, sans-serif;\"><span style=\"font-size: medium;\">A Prefeitura de Limeira realiza, no dia 9 de junho, o 1\u00ba F\u00f3rum Municipal de Mortalidade Infantil, no Teatro Nair Bello. O encontro reunir\u00e1 profissionais de diferentes \u00e1reas da rede de aten\u00e7\u00e3o \u00e0 sa\u00fade materno-infantil para discutir causas, analisar dados e construir estrat\u00e9gias coletivas de enfrentamento ao problema. As inscri\u00e7\u00f5es j\u00e1 est\u00e3o abertas, seguem at\u00e9 8 de junho, e podem ser feitas pelo link bit.ly\/4toCKfT. Haver\u00e1 emiss\u00e3o de certificado aos participantes.<\/span><\/span><\/p>\n<p>&#13;<\/p>\n<p style=\"text-align: justify;\"><strong><span style=\"font-family: Arial, sans-serif;\"><span style=\"font-size: medium;\">Programa\u00e7\u00e3o<\/span><\/span><\/strong><\/p>\n<p>&#13;<\/p>\n<p style=\"text-align: justify;\"><span style=\"font-family: Arial, sans-serif;\"><span style=\"font-size: medium;\">Organizado pela Secretaria de Sa\u00fade, o f\u00f3rum contar\u00e1 com palestras de profissionais da rede municipal e convidados. Os temas incluem dados epidemiol\u00f3gicos, atua\u00e7\u00e3o do Comit\u00ea de Mortalidade, evitabilidade dos \u00f3bitos infantis, s\u00edfilis cong\u00eanita, boas pr\u00e1ticas na aten\u00e7\u00e3o b\u00e1sica e estrat\u00e9gias para um pr\u00e9-natal seguro e de qualidade.<\/span><\/span><\/p>\n<p>&#13;<\/p>\n<p style=\"text-align: justify;\"><span style=\"font-family: Arial, sans-serif;\"><span style=\"font-size: medium;\">O evento reunir\u00e1 profissionais que atuam no pr\u00e9-natal, no acompanhamento de gesta\u00e7\u00f5es de alto risco, na equipe hospitalar, na aten\u00e7\u00e3o b\u00e1sica, al\u00e9m de enfermeiros, nutricionistas e representantes de planos de sa\u00fade. Tamb\u00e9m participar\u00e3o o Comit\u00ea Municipal de Mortalidade Infantil, a Promotoria da Inf\u00e2ncia e Juventude e o Observat\u00f3rio Social.<\/span><\/span><\/p>\n<p>&#13;<\/p>\n<p style=\"text-align: justify;\"><span style=\"font-family: Arial, sans-serif;\"><span style=\"font-size: medium;\">Ao fim do encontro, ser\u00e1 elaborado um plano municipal de combate \u00e0 mortalidade infantil, com a\u00e7\u00f5es espec\u00edficas e protocolos definidos para os setores p\u00fablico e privado.<\/span><\/span><\/p>\n<p>&#13;<\/p>\n<p style=\"text-align: justify;\"><strong><span style=\"font-family: Arial, sans-serif;\"><span style=\"font-size: medium;\">Cen\u00e1rio nacional e local<\/span><\/span><\/strong><\/p>\n<p>&#13;<\/p>\n<p style=\"text-align: justify;\"><span style=\"font-family: Arial, sans-serif;\"><span style=\"font-size: medium;\">No Brasil, a taxa de mortalidade infantil \u2014 indicador que mede o n\u00famero de crian\u00e7as que morrem antes de completar um ano de vida para cada mil nascidos vivos \u2014 era de 12,3 em 2024, segundo o IBGE. O n\u00famero representa uma queda expressiva em rela\u00e7\u00e3o a 1991, quando o \u00edndice chegava a 45,1, mas ainda reflete milhares de mortes por causas evit\u00e1veis.<\/span><\/span><\/p>\n<p>&#13;<\/p>\n<p style=\"text-align: justify;\"><span style=\"font-family: Arial, sans-serif;\"><span style=\"font-size: medium;\">Em Limeira, os dados da Secretaria de Sa\u00fade mostram varia\u00e7\u00e3o nos \u00faltimos anos: a taxa passou de 8,6 em 2023 para 10,3 em 2024 e 11,6 em 2025. No per\u00edodo de janeiro a abril, por\u00e9m, o \u00edndice recuou de 12,6, registrado em 2025, para 9 em 2026. O Minist\u00e9rio da Sa\u00fade n\u00e3o estabelece uma meta espec\u00edfica, mas orienta pela redu\u00e7\u00e3o gradativa dos \u00edndices, preferencialmente para um d\u00edgito.<\/span><\/span><\/p>\n<p>&#13;<\/p>\n<p style=\"text-align: justify;\"><span style=\"font-family: Arial, sans-serif;\"><span style=\"font-size: medium;\">O secret\u00e1rio de Sa\u00fade, Alexandre Ferrari, explica que a mortalidade infantil \u00e9 um indicador acompanhado pela Organiza\u00e7\u00e3o Mundial de Sa\u00fade, pela Organiza\u00e7\u00e3o Pan-Americana de Sa\u00fade e pelo Minist\u00e9rio da Sa\u00fade, e que suas causas s\u00e3o m\u00faltiplas \u2014 envolvendo desde o acompanhamento da gestante at\u00e9 o primeiro ano de vida da crian\u00e7a.<\/span><\/span><\/p>\n<p>&#13;<\/p>\n<p style=\"text-align: justify;\"><strong><span style=\"font-family: Arial, sans-serif;\"><span style=\"font-size: medium;\">A\u00e7\u00f5es em andamento<\/span><\/span><\/strong><\/p>\n<p>&#13;<\/p>\n<p style=\"text-align: justify;\"><span style=\"font-family: Arial, sans-serif;\"><span style=\"font-size: medium;\">O munic\u00edpio j\u00e1 desenvolve uma s\u00e9rie de medidas para reduzir a mortalidade infantil. Entre elas est\u00e3o o incentivo ao aleitamento materno, a vacina\u00e7\u00e3o nas maternidades nas primeiras horas de vida, a triagem neonatal para diagn\u00f3stico precoce de doen\u00e7as e a amplia\u00e7\u00e3o do acesso \u00e0 vacina\u00e7\u00e3o, com plant\u00f5es e a\u00e7\u00f5es fora das unidades de sa\u00fade.<\/span><\/span><\/p>\n<p>&#13;<\/p>\n<p style=\"text-align: justify;\"><span style=\"font-family: Arial, sans-serif;\"><span style=\"font-size: medium;\">A rede municipal tamb\u00e9m passou a oferecer a vacina contra o V\u00edrus Sincicial Respirat\u00f3rio (VSR) para gestantes e o imunizante Nirsevimabe para rec\u00e9m-nascidos prematuros com menos de seis meses e crian\u00e7as com comorbidades com menos de dois anos.<\/span><\/span><\/p>\n<p>&#13;<\/p>\n<p style=\"text-align: justify;\"><strong><span style=\"font-family: Arial, sans-serif;\"><span style=\"font-size: medium;\"><u>C<\/u><\/span><\/span><\/strong><strong><span style=\"color: #333333;\"><span style=\"font-family: Arial, sans-serif;\"><span style=\"font-size: medium;\"><u>onfira a p<\/u><\/span><\/span><\/span><\/strong><strong><span style=\"font-family: Arial, sans-serif;\"><span style=\"font-size: medium;\"><u>rograma\u00e7\u00e3o:<\/u><\/span><\/span><\/strong><\/p>\n<p>&#13;<\/p>\n<p style=\"text-align: justify;\"><strong><span style=\"font-family: Arial, sans-serif;\"><span style=\"font-size: medium;\">8h \u00e0s 8h30<\/span><\/span><\/strong><span style=\"font-family: Arial, sans-serif;\"><span style=\"font-size: medium;\"> \u2013 Credenciamento<\/span><\/span><\/p>\n<p>&#13;<\/p>\n<p style=\"text-align: justify;\"><span style=\"font-family: Arial, sans-serif;\"><span style=\"font-size: medium;\"><br \/><\/span><\/span><strong><span style=\"font-family: Arial, sans-serif;\"><span style=\"font-size: medium;\">8h30 \u00e0s 9h<\/span><\/span><\/strong><span style=\"font-family: Arial, sans-serif;\"><span style=\"font-size: medium;\"> \u2013 Mesa de abertura<\/span><\/span><\/p>\n<p>&#13;<\/p>\n<p style=\"text-align: justify;\"><strong><span style=\"font-family: Arial, sans-serif;\"><span style=\"font-size: medium;\">9h<\/span><\/span><\/strong><span style=\"font-family: Arial, sans-serif;\"><span style=\"font-size: medium;\"> \u2013 Dados Epidemiol\u00f3gicos e Comit\u00ea <\/span><\/span><span style=\"font-family: Arial, sans-serif;\"><span style=\"font-size: medium;\">Municipal <\/span><\/span><span style=\"font-family: Arial, sans-serif;\"><span style=\"font-size: medium;\">de Mortalidade <\/span><\/span><span style=\"font-family: Arial, sans-serif;\"><span style=\"font-size: medium;\">Infantil<\/span><\/span><span style=\"font-family: Arial, sans-serif;\"><span style=\"font-size: medium;\"><br \/>Palestrante: Am\u00e9lia Maria Pereira da Silva, enfermeira coordenadora da Divis\u00e3o de Vigil\u00e2ncia Epidemiol\u00f3gica<\/span><\/span><\/p>\n<p>&#13;<\/p>\n<p style=\"text-align: justify;\"><strong><span style=\"font-family: Arial, sans-serif;\"><span style=\"font-size: medium;\">9h40<\/span><\/span><\/strong><span style=\"font-family: Arial, sans-serif;\"><span style=\"font-size: medium;\"> \u2013 Rede Alyne<br \/>Palestrante: Flavio Teixeira Silva, enfermeiro respons\u00e1vel pelo complexo materno da Santa Casa<\/span><\/span><\/p>\n<p>&#13;<\/p>\n<p style=\"text-align: justify;\"><strong><span style=\"font-family: Arial, sans-serif;\"><span style=\"font-size: medium;\">10h20<\/span><\/span><\/strong><span style=\"font-family: Arial, sans-serif;\"><span style=\"font-size: medium;\"> \u2013 Evitabilidade<br \/>Palestrante: Luciana Cristina Diniz Ferreira Godoy, assessora t\u00e9cnica de Sa\u00fade P\u00fablica e interlocutora regional dos Sistemas de Informa\u00e7\u00e3o sobre Mortalidade e Nascidos Vivos do GVS\/GVE XX Piracicaba<\/span><\/span><\/p>\n<p>&#13;<\/p>\n<p style=\"text-align: justify;\"><strong><span style=\"font-family: Arial, sans-serif;\"><span style=\"font-size: medium;\">11h<\/span><\/span><\/strong><span style=\"font-family: Arial, sans-serif;\"><span style=\"font-size: medium;\"> \u2013 S\u00edfilis Cong\u00eanita<br \/>Palestrante: Carolina Matteussi Lino, enfermeira, mestra e doutora em Sa\u00fade Coletiva pela Unicamp<\/span><\/span><\/p>\n<p>&#13;<\/p>\n<p style=\"text-align: justify;\"><strong><span style=\"font-family: Arial, sans-serif;\"><span style=\"font-size: medium;\">13h30<\/span><\/span><\/strong><span style=\"font-family: Arial, sans-serif;\"><span style=\"font-size: medium;\"> \u2013 Boas Pr\u00e1ticas na Aten\u00e7\u00e3o B\u00e1sica para Fortalecimento da Sa\u00fade Materno-Infantil<br \/>Palestrante: Denise Ferro, enfermeira e diretora da Aten\u00e7\u00e3o B\u00e1sica<\/span><\/span><\/p>\n<p>&#13;<\/p>\n<p style=\"text-align: justify;\"><strong><span style=\"font-family: Arial, sans-serif;\"><span style=\"font-size: medium;\">14h10<\/span><\/span><\/strong><span style=\"font-family: Arial, sans-serif;\"><span style=\"font-size: medium;\"> \u2013 Pr\u00e9-Natal de Qualidade: Estrat\u00e9gias para um cuidado seguro<br \/>Palestrante: Mateus Fortucci, ginecologista e obstetra da Secretaria de Sa\u00fade<\/span><\/span><\/p>\n<p>&#13;<\/p>\n<p style=\"text-align: justify;\"><strong><span style=\"font-family: Arial, sans-serif;\"><span style=\"font-size: medium;\">15h<\/span><\/span><\/strong><span style=\"font-family: Arial, sans-serif;\"><span style=\"font-size: medium;\"> \u2013 <\/span><\/span><span style=\"font-family: Arial, sans-serif;\"><span style=\"font-size: medium;\">Gravidez de alto risco<\/span><\/span><\/p>\n<p>&#13;<\/p>\n<p style=\"text-align: justify;\"><span style=\"font-family: Arial, sans-serif;\">Palestrante: Eliz\u00e2ngela A. Pereira Bueno, enfermeira respons\u00e1vel pelo Centro Apoio em Sa\u00fade da Mulher (CASM)<\/span><\/p>\n<p>&#13;<\/p>\n<p style=\"text-align: justify;\"><span style=\"font-family: Arial, sans-serif;\"><strong>15h30 &#8211;<\/strong> Mesa Redonda\/Discuss\u00e3o de casos<\/span><\/p>\n<p>&#13;<\/p>\n<p>\u00a0<\/p>\n<p>&#13;<br \/>\n&#13;<br \/>\n&#13;<br \/>\n&#13;<\/p>\n<article class=\"conteudo-relacionado no-print\">&#13;<br \/>\n        &#13;<br \/>\n&#13;<br \/>\n        &#13;<br \/>\n    <\/article>\n<p>&#13;<br \/>\n&#13;\n                <\/p><\/div>\n<p><br \/>\n<br \/><a href=\"https:\/\/limeira.sp.gov.br\/forum-discute-mortalidade-infantil-em-limeira-saiba-como-se-inscrever\" rel=\"noopener\">Informa\u00e7\u00f5es da PML <\/a><\/p>\n","protected":false},"excerpt":{"rendered":"<p>&#13; &#13; &#13; &#13; &#13; &#13; &#13; &#13; &#13; &#13; \u00a0 &#13; A Prefeitura de Limeira realiza, no dia 9 de junho, o 1\u00ba F\u00f3rum Municipal de Mortalidade Infantil, no Teatro Nair Bello. O encontro reunir\u00e1 profissionais de diferentes \u00e1reas da rede de aten\u00e7\u00e3o \u00e0 sa\u00fade materno-infantil para discutir causas, analisar dados e construir estrat\u00e9gias [&hellip;]<\/p>\n","protected":false},"author":1,"featured_media":66795,"comment_status":"","ping_status":"open","sticky":false,"template":"","format":"standard","meta":{"_jetpack_newsletter_access":"","_jetpack_dont_email_post_to_subs":false,"_jetpack_newsletter_tier_id":0,"_jetpack_memberships_contains_paywalled_content":false,"_mbp_banners":[],"_jetpack_feature_clip_id":0,"_jetpack_memberships_contains_paid_content":false,"footnotes":"","jetpack_publicize_message":"","jetpack_publicize_feature_enabled":true,"jetpack_social_post_already_shared":true,"jetpack_social_options":{"image_generator_settings":{"template":"highway","default_image_id":0,"font":"","enabled":false},"version":2},"jetpack_post_was_ever_published":false},"categories":[16],"tags":[],"class_list":["post-66794","post","type-post","status-publish","format-standard","has-post-thumbnail","category-local"],"jetpack_publicize_connections":[],"jetpack-related-posts":[],"jetpack_shortlink":"https:\/\/wp.me\/p7Eq1F-hnk","jetpack_sharing_enabled":true,"jetpack_featured_media_url":"https:\/\/i0.wp.com\/guialimeira.com.br\/news\/wp-content\/uploads\/2026\/05\/m_137_0_1_26052026090903.jpg?fit=1024%2C768&ssl=1","_links":{"self":[{"href":"https:\/\/guialimeira.com.br\/news\/wp-json\/wp\/v2\/posts\/66794","targetHints":{"allow":["GET"]}}],"collection":[{"href":"https:\/\/guialimeira.com.br\/news\/wp-json\/wp\/v2\/posts"}],"about":[{"href":"https:\/\/guialimeira.com.br\/news\/wp-json\/wp\/v2\/types\/post"}],"author":[{"embeddable":true,"href":"https:\/\/guialimeira.com.br\/news\/wp-json\/wp\/v2\/users\/1"}],"replies":[{"embeddable":true,"href":"https:\/\/guialimeira.com.br\/news\/wp-json\/wp\/v2\/comments?post=66794"}],"version-history":[{"count":0,"href":"https:\/\/guialimeira.com.br\/news\/wp-json\/wp\/v2\/posts\/66794\/revisions"}],"wp:featuredmedia":[{"embeddable":true,"href":"https:\/\/guialimeira.com.br\/news\/wp-json\/wp\/v2\/media\/66795"}],"wp:attachment":[{"href":"https:\/\/guialimeira.com.br\/news\/wp-json\/wp\/v2\/media?parent=66794"}],"wp:term":[{"taxonomy":"category","embeddable":true,"href":"https:\/\/guialimeira.com.br\/news\/wp-json\/wp\/v2\/categories?post=66794"},{"taxonomy":"post_tag","embeddable":true,"href":"https:\/\/guialimeira.com.br\/news\/wp-json\/wp\/v2\/tags?post=66794"}],"curies":[{"name":"wp","href":"https:\/\/api.w.org\/{rel}","templated":true}]}}