{"id":66790,"date":"2026-05-26T09:00:49","date_gmt":"2026-05-26T12:00:49","guid":{"rendered":"https:\/\/guialimeira.com.br\/natal-solidario-cartinhas-de-esperanca-programa-aprovado-visa-inclusao-social-voltada-a-criancas-e-adolescentes\/"},"modified":"2026-05-26T09:00:49","modified_gmt":"2026-05-26T12:00:49","slug":"natal-solidario-cartinhas-de-esperanca-programa-aprovado-visa-inclusao-social-voltada-a-criancas-e-adolescentes","status":"publish","type":"post","link":"https:\/\/guialimeira.com.br\/news\/natal-solidario-cartinhas-de-esperanca-programa-aprovado-visa-inclusao-social-voltada-a-criancas-e-adolescentes\/","title":{"rendered":"Natal Solid\u00e1rio \u2013 Cartinhas de Esperan\u00e7a: programa aprovado visa inclus\u00e3o social voltada a crian\u00e7as e adolescentes"},"content":{"rendered":"<p>Natal Solid\u00e1rio \u2013 Cartinhas de Esperan\u00e7a: programa aprovado visa inclus\u00e3o social voltada a crian\u00e7as e adolescentes<\/p>\n<p>Criar um canal humanizado para que crian\u00e7as e adolescentes possam expressar desejos por meio de cartinhas, resgatando uma tradi\u00e7\u00e3o culturalmente conhecida e carregada de significado afetivo. \u00c9 o que prev\u00ea o Projeto de Lei N\u00ba 60\/2026, da vereadora Lu Bogo (PL), aprovado na sess\u00e3o ordin\u00e1ria desta segunda-feira, 25 de maio, que institui, no \u00e2mbito do Munic\u00edpio de Limeira, o Programa \u201cNatal Solid\u00e1rio \u2013 Cartinhas de Esperan\u00e7a\u201d, destinado a crian\u00e7as e adolescentes durante o per\u00edodo natalino.<\/p>\n<p>A proposta, conforme o texto legislativo, surgiu do vereador junior Felipe Matheus da Silva Firmino e tem como objetivo possibilitar que crian\u00e7as e adolescentes expressem, por meio de cartinhas, os desejos de Natal; estimular a participa\u00e7\u00e3o da sociedade civil, empresas, entidades e da Prefeitura em a\u00e7\u00f5es solid\u00e1rias; promover o fortalecimento de valores como empatia, solidariedade e cidadania, al\u00e9m de contribuir para a valoriza\u00e7\u00e3o da inf\u00e2ncia e da adolesc\u00eancia, respeitando a dignidade e individualidade.<\/p>\n<p>Cartinhas de Esperan\u00e7a<\/p>\n<p>Para a realiza\u00e7\u00e3o do programa, o Executivo deve coletar cartinhas escritas por crian\u00e7as e adolescentes, contendo os pedidos de presentes, disponibilizar as cartinhas para ado\u00e7\u00e3o por cidad\u00e3os, empresas, entidades ou institui\u00e7\u00f5es interessadas, bem como a arrecada\u00e7\u00e3o, organiza\u00e7\u00e3o e entrega dos presentes durante o per\u00edodo natalino.<\/p>\n<p>\u201cRessalte-se que o projeto respeita integralmente o Estatuto da Crian\u00e7a e do Adolescente (ECA), bem como a legisla\u00e7\u00e3o relacionada \u00e0 prote\u00e7\u00e3o de dados pessoais, garantindo que todas as a\u00e7\u00f5es sejam realizadas de forma \u00e9tica, segura e respons\u00e1vel&#8221;, destacou a autora na justificativa do projeto. A participa\u00e7\u00e3o ser\u00e1 gratuita, volunt\u00e1ria e n\u00e3o condicionada a qualquer contrapartida por parte das crian\u00e7as, adolescentes e fam\u00edlias.<\/p>\n<p>Segundo a proposta, a Prefeitura tamb\u00e9m poder\u00e1 firmar parcerias com escolas p\u00fablicas e privadas, entidades assistenciais e organiza\u00e7\u00f5es da sociedade civil, empresas e comerciantes locais e conselhos municipais, com o objetivo de ampliar o alcance do Programa.<\/p>\n<hr>\n<p><em>Fonte: <a href=\"https:\/\/www.limeira.sp.leg.br\/noticias\/view\/2026-05-26_natal-solidario--cartinhas-de-esperanca-programa-aprovado-visa-inclusao-social-voltada-a-criancas-e-adolescentes\" target=\"_blank\" rel=\"noopener\">C\u00e2mara Municipal de Limeira<\/a><\/em><\/p>\n","protected":false},"excerpt":{"rendered":"<p>Natal Solid\u00e1rio \u2013 Cartinhas de Esperan\u00e7a: programa aprovado visa inclus\u00e3o social voltada a crian\u00e7as e adolescentes<\/p>\n<p>Criar um canal humanizado para que crian\u00e7as e adolescentes possam expressar desejos por meio de cartinhas, resgatando uma tradi\u00e7\u00e3o culturalmente conhecida e carregada de significado af<\/p>\n","protected":false},"author":4,"featured_media":66789,"comment_status":"","ping_status":"open","sticky":false,"template":"","format":"standard","meta":{"_jetpack_newsletter_access":"","_jetpack_dont_email_post_to_subs":false,"_jetpack_newsletter_tier_id":0,"_jetpack_memberships_contains_paywalled_content":false,"_mbp_banners":[],"_jetpack_feature_clip_id":0,"_jetpack_memberships_contains_paid_content":false,"footnotes":"","jetpack_publicize_message":"","jetpack_publicize_feature_enabled":true,"jetpack_social_post_already_shared":true,"jetpack_social_options":{"image_generator_settings":{"template":"highway","default_image_id":0,"font":"","enabled":false},"version":2},"jetpack_post_was_ever_published":false},"categories":[19],"tags":[],"class_list":["post-66790","post","type-post","status-publish","format-standard","has-post-thumbnail","category-politica"],"jetpack_publicize_connections":[],"jetpack-related-posts":[],"jetpack_shortlink":"https:\/\/wp.me\/p7Eq1F-hng","jetpack_sharing_enabled":true,"jetpack_featured_media_url":"https:\/\/i0.wp.com\/guialimeira.com.br\/news\/wp-content\/uploads\/2026\/05\/noticia-camara-97.jpg?fit=1280%2C640&ssl=1","_links":{"self":[{"href":"https:\/\/guialimeira.com.br\/news\/wp-json\/wp\/v2\/posts\/66790","targetHints":{"allow":["GET"]}}],"collection":[{"href":"https:\/\/guialimeira.com.br\/news\/wp-json\/wp\/v2\/posts"}],"about":[{"href":"https:\/\/guialimeira.com.br\/news\/wp-json\/wp\/v2\/types\/post"}],"author":[{"embeddable":true,"href":"https:\/\/guialimeira.com.br\/news\/wp-json\/wp\/v2\/users\/4"}],"replies":[{"embeddable":true,"href":"https:\/\/guialimeira.com.br\/news\/wp-json\/wp\/v2\/comments?post=66790"}],"version-history":[{"count":0,"href":"https:\/\/guialimeira.com.br\/news\/wp-json\/wp\/v2\/posts\/66790\/revisions"}],"wp:featuredmedia":[{"embeddable":true,"href":"https:\/\/guialimeira.com.br\/news\/wp-json\/wp\/v2\/media\/66789"}],"wp:attachment":[{"href":"https:\/\/guialimeira.com.br\/news\/wp-json\/wp\/v2\/media?parent=66790"}],"wp:term":[{"taxonomy":"category","embeddable":true,"href":"https:\/\/guialimeira.com.br\/news\/wp-json\/wp\/v2\/categories?post=66790"},{"taxonomy":"post_tag","embeddable":true,"href":"https:\/\/guialimeira.com.br\/news\/wp-json\/wp\/v2\/tags?post=66790"}],"curies":[{"name":"wp","href":"https:\/\/api.w.org\/{rel}","templated":true}]}}