{"id":66782,"date":"2026-05-26T08:18:21","date_gmt":"2026-05-26T11:18:21","guid":{"rendered":"https:\/\/guialimeira.com.br\/vitoria-duarte-e-eleita-rainha-da-13a-festa-da-laranja-de-limeira\/"},"modified":"2026-05-26T08:18:21","modified_gmt":"2026-05-26T11:18:21","slug":"vitoria-duarte-e-eleita-rainha-da-13a-festa-da-laranja-de-limeira","status":"publish","type":"post","link":"https:\/\/guialimeira.com.br\/news\/vitoria-duarte-e-eleita-rainha-da-13a-festa-da-laranja-de-limeira\/","title":{"rendered":"Vit\u00f3ria Duarte \u00e9 eleita rainha da 13\u00aa Festa da Laranja de Limeira"},"content":{"rendered":"<p> <br \/>\n<\/p>\n<div data-id=\"626ab9d\" data-element_type=\"widget\" data-e-type=\"widget\" data-widget_type=\"theme-post-content.default\">\n<figure class=\"wp-block-image size-large\"><img data-recalc-dims=\"1\" data-lazyloaded=\"1\" fetchpriority=\"high\" decoding=\"async\" width=\"696\" height=\"522\" src=\"https:\/\/i0.wp.com\/dinamuscomunicacao.com.br\/wp-content\/uploads\/2025\/05\/corte-1024x768.jpg?resize=696%2C522&#038;ssl=1\" alt=\"\" class=\"wp-image-4434\" srcset=\"https:\/\/dinamuscomunicacao.com.br\/wp-content\/uploads\/2025\/05\/corte-1024x768.jpg 1024w, https:\/\/dinamuscomunicacao.com.br\/wp-content\/uploads\/2025\/05\/corte-300x225.jpg 300w, https:\/\/dinamuscomunicacao.com.br\/wp-content\/uploads\/2025\/05\/corte-768x576.jpg 768w, https:\/\/dinamuscomunicacao.com.br\/wp-content\/uploads\/2025\/05\/corte-285x214.jpg 285w, https:\/\/dinamuscomunicacao.com.br\/wp-content\/uploads\/2025\/05\/corte.jpg 1159w\" data-sizes=\"(max-width: 1024px) 100vw, 1024px\"\/><figcaption class=\"wp-element-caption\">Corte da Festa da Laranja 2025.<\/figcaption><\/figure>\n<p class=\"wp-block-paragraph\">A realeza da Festa da Laranja de Limeira 2025 foi eleita na \u00faltima sexta-feira, 16 de maio, em evento no P\u00e1tio Limeira Shopping. A fisioterapeuta e modelo Vit\u00f3ria Duarte, de 25 anos, foi eleita a rainha da 13\u00aa edi\u00e7\u00e3o do evento que ser\u00e1 realizada de 21 a 24 de agosto, no Parque Cidade.<\/p>\n<p class=\"wp-block-paragraph\">Vit\u00f3ria fez parte da corte da Festa da Laranja em 2023, quando foi eleita miss simpatia, e resolveu disputar uma vaga na corte da festa novamente. \u201cEra um sonho ser a rainha da festa e eu me dediquei muito. Estou feliz demais\u201d, descreveu Vit\u00f3ria, que recebeu a faixa e a coroa das m\u00e3os de Gabrielly Karoliny, rainha da Festa da Laranja 2023.<\/p>\n<p class=\"wp-block-paragraph\">Como 1\u00aa princesa foi eleita Thais Lopes, administradora de empresa, de 30 anos. A maquiadora Leticia Danichelly, de 27 anos, ficou com o t\u00edtulo de 2\u00aa princesa. A nova madrinha \u00e9 Loren Fernanda da Silva, de 25 anos, que atua com recursos humanos. A miss simpatia 2025 \u00e9 Evelyn Monique Gomes, microempres\u00e1ria, de 27 anos.<\/p>\n<p class=\"wp-block-paragraph\">A partir de agora, as cinco passam a auxiliar na divulga\u00e7\u00e3o da festa por meio da participa\u00e7\u00e3o em evento. \u201cEsse \u00e9 o concurso mais antigo e mais tradicional de Limeira. Elas representam todas as mulheres limeirenses e a partir de agora receber\u00e3o o reconhecimento do p\u00fablico\u201d, disse Fabio D\u2019Andrea, organizador do evento.<\/p>\n<p class=\"wp-block-paragraph\">O corpo de jurados foi formado por Karina Penteado, empres\u00e1ria do ramo de moda feminina, Nelson Shiraga, fot\u00f3grafo, Juliana Gon\u00e7alves, que atua com marketing, Alexandra Dalfr\u00e9, terapeuta, Laura Amadio, rainha do Limeira Rodeo Music 2025, Edson C\u00e2mara, produtor de eventos, e pelos jornalistas Denise Ragazzo e Amauri Honorato. As notas foram dadas com base na beleza, desenvoltura e pela qualidade de respostas de perguntas surpresas feitas pelo apresentador Daves dos Santos, locutor oficial da festa.<\/p>\n<p class=\"wp-block-paragraph\">As eleitas ir\u00e3o comemorar as conquistas dos t\u00edtulos no Baile da Rainha da Festa da Laranja 2025, evento que ser\u00e1 realizado como parte da programa\u00e7\u00e3o do 1\u00ba Festeja Limeira, em 25 de maio no Multi Espa\u00e7o Na\u00e7\u00f5es.<\/p>\n<p class=\"wp-block-paragraph\">O 1\u00ba Festeja Limeira mesclar\u00e1 sertanejo, pagode e funk. Dentre as atra\u00e7\u00f5es est\u00e3o Henrique e Diego, Eduardo e Rafael, Grupo Di Prop\u00f3sito, Grupo Solu\u00e7\u00e3o e o ator Marcello Melo Jr atuando como DJ. A primeira edi\u00e7\u00e3o do Festeja contar\u00e1 pista, \u00e1rea vip, camarote private e pra\u00e7a de alimenta\u00e7\u00e3o organizada pelo Print Food. A organiza\u00e7\u00e3o \u00e9 da JS Eventos.<\/p>\n<p class=\"wp-block-paragraph\">Os ingressos para o 1\u00ba Festeja Limeira podem ser comprados pelo site Sympla ou presencialmente na Z.Man, Ch\u00e3o de Terra, Naju Store, Janela 24h. Em Iracem\u00e1polis, os ingressos est\u00e3o dispon\u00edveis na loja Inspire By Quero Jeans. Em Cordeir\u00f3polis, na Cal\u00e7ados S\u00e3o Jo\u00e3o.<\/p>\n<p class=\"wp-block-paragraph\"><strong>Corte da Festa da Laranja 2025<\/strong><\/p>\n<p>Rainha: Vit\u00f3ria Duarte, 25 anos, fisioterapeuta e modelo<\/p>\n<p class=\"wp-block-paragraph\"><strong>1\u00aa Princesa: <\/strong>Thais Lopes, 30 anos, administradora de empresas<\/p>\n<p class=\"wp-block-paragraph\"><strong>3\u00aa Princesa: <\/strong>Leticia Danichelly, 27 anos, maquiadora<strong><br \/>Madrinha: <\/strong>Loren Fernanda da Silva, 25 anos, recursos humanos<strong><br \/>Miss Simpatia: <\/strong>Evelyn Monique Gomes, 27 anos, microempres\u00e1ria<\/p>\n<\/div>\n<p><br \/>\n<br \/><a href=\"https:\/\/dinamuscomunicacao.com.br\/ficha-para-contrato-vitoria-duarte-e-eleita-rainha-da-13a-festa-da-laranja-de-limeira\/#comment-167\" rel=\"noopener\"> Informa\u00e7\u00f5es: D\u00ednamus Comunica\u00e7\u00e3o <\/a><\/p>\n","protected":false},"excerpt":{"rendered":"<p>Corte da Festa da Laranja 2025. A realeza da Festa da Laranja de Limeira 2025 foi eleita na \u00faltima sexta-feira, 16 de maio, em evento no P\u00e1tio Limeira Shopping. A fisioterapeuta e modelo Vit\u00f3ria Duarte, de 25 anos, foi eleita a rainha da 13\u00aa edi\u00e7\u00e3o do evento que ser\u00e1 realizada de 21 a 24 de [&hellip;]<\/p>\n","protected":false},"author":1,"featured_media":33460,"comment_status":"","ping_status":"open","sticky":false,"template":"","format":"standard","meta":{"_jetpack_newsletter_access":"","_jetpack_dont_email_post_to_subs":false,"_jetpack_newsletter_tier_id":0,"_jetpack_memberships_contains_paywalled_content":false,"_mbp_banners":[],"_jetpack_feature_clip_id":0,"_jetpack_memberships_contains_paid_content":false,"footnotes":"","jetpack_publicize_message":"","jetpack_publicize_feature_enabled":true,"jetpack_social_post_already_shared":true,"jetpack_social_options":{"image_generator_settings":{"template":"highway","default_image_id":0,"font":"","enabled":false},"version":2},"jetpack_post_was_ever_published":false},"categories":[16],"tags":[],"class_list":["post-66782","post","type-post","status-publish","format-standard","has-post-thumbnail","category-local"],"jetpack_publicize_connections":[],"jetpack-related-posts":[],"jetpack_shortlink":"https:\/\/wp.me\/p7Eq1F-hn8","jetpack_sharing_enabled":true,"jetpack_featured_media_url":"https:\/\/i0.wp.com\/guialimeira.com.br\/news\/wp-content\/uploads\/2025\/05\/corte.jpg?fit=1159%2C869&ssl=1","_links":{"self":[{"href":"https:\/\/guialimeira.com.br\/news\/wp-json\/wp\/v2\/posts\/66782","targetHints":{"allow":["GET"]}}],"collection":[{"href":"https:\/\/guialimeira.com.br\/news\/wp-json\/wp\/v2\/posts"}],"about":[{"href":"https:\/\/guialimeira.com.br\/news\/wp-json\/wp\/v2\/types\/post"}],"author":[{"embeddable":true,"href":"https:\/\/guialimeira.com.br\/news\/wp-json\/wp\/v2\/users\/1"}],"replies":[{"embeddable":true,"href":"https:\/\/guialimeira.com.br\/news\/wp-json\/wp\/v2\/comments?post=66782"}],"version-history":[{"count":0,"href":"https:\/\/guialimeira.com.br\/news\/wp-json\/wp\/v2\/posts\/66782\/revisions"}],"wp:featuredmedia":[{"embeddable":true,"href":"https:\/\/guialimeira.com.br\/news\/wp-json\/wp\/v2\/media\/33460"}],"wp:attachment":[{"href":"https:\/\/guialimeira.com.br\/news\/wp-json\/wp\/v2\/media?parent=66782"}],"wp:term":[{"taxonomy":"category","embeddable":true,"href":"https:\/\/guialimeira.com.br\/news\/wp-json\/wp\/v2\/categories?post=66782"},{"taxonomy":"post_tag","embeddable":true,"href":"https:\/\/guialimeira.com.br\/news\/wp-json\/wp\/v2\/tags?post=66782"}],"curies":[{"name":"wp","href":"https:\/\/api.w.org\/{rel}","templated":true}]}}