{"id":6675,"date":"2024-05-28T08:21:59","date_gmt":"2024-05-28T11:21:59","guid":{"rendered":"https:\/\/guialimeira.com.br\/2024\/05\/28\/maio-amarelo-sp-emite-mais-de-8-mil-identificacoes-veiculares-para-autistas\/"},"modified":"2024-05-28T08:21:59","modified_gmt":"2024-05-28T11:21:59","slug":"maio-amarelo-sp-emite-mais-de-8-mil-identificacoes-veiculares-para-autistas","status":"publish","type":"post","link":"https:\/\/guialimeira.com.br\/news\/maio-amarelo-sp-emite-mais-de-8-mil-identificacoes-veiculares-para-autistas\/","title":{"rendered":"Maio Amarelo: SP emite mais de 8 mil identifica\u00e7\u00f5es veiculares para autistas"},"content":{"rendered":"<p> <br \/>\n<\/p>\n<div id=\"\">&#13;<br \/>\n                                <!-- Title -->&#13;<br \/>\n                                &#13;<br \/>\n&#13;<br \/>\n                                <!-- Excerpt -->&#13;<\/p>\n<p class=\"excerpt\">A\u00e7\u00e3o conjunta entre secretarias do Governo de SP promove acolhimento e ajuda a identificar pessoa autista no ve\u00edculo<\/p>\n<p>&#13;<br \/>\n&#13;<br \/>\n                                &#13;\n                            <\/p><\/div>\n<div id=\"\">&#13;<\/p>\n<figure id=\"attachment_5891997\" style=\"width: 100%;max-width: 1024px\" class=\"wp-caption alignnone\"><img data-recalc-dims=\"1\" decoding=\"async\" loading=\"lazy\" class=\"wp-image-5891997 size-large\" src=\"https:\/\/i0.wp.com\/www.saopaulo.sp.gov.br\/wp-content\/uploads\/2024\/05\/WhatsApp-Image-2024-05-27-at-09.06.01-1024x757.jpeg?resize=696%2C515&#038;ssl=1\" alt=\"\" width=\"696\" height=\"515\" srcset=\"https:\/\/www.saopaulo.sp.gov.br\/wp-content\/uploads\/2024\/05\/WhatsApp-Image-2024-05-27-at-09.06.01-1024x757.jpeg 1024w, https:\/\/www.saopaulo.sp.gov.br\/wp-content\/uploads\/2024\/05\/WhatsApp-Image-2024-05-27-at-09.06.01-300x222.jpeg 300w, https:\/\/www.saopaulo.sp.gov.br\/wp-content\/uploads\/2024\/05\/WhatsApp-Image-2024-05-27-at-09.06.01-768x568.jpeg 768w, https:\/\/www.saopaulo.sp.gov.br\/wp-content\/uploads\/2024\/05\/WhatsApp-Image-2024-05-27-at-09.06.01-1536x1136.jpeg 1536w, https:\/\/www.saopaulo.sp.gov.br\/wp-content\/uploads\/2024\/05\/WhatsApp-Image-2024-05-27-at-09.06.01.jpeg 1600w\" sizes=\"auto, (max-width: 1024px) 100vw, 1024px\"\/><figcaption class=\"wp-caption-text\">Identifica\u00e7\u00e3o Veicular TEA (Transtorno do Espectro Autista)<\/figcaption><\/figure>\n<p>Neste m\u00eas de conscientiza\u00e7\u00e3o sobre a seguran\u00e7a no tr\u00e2nsito, o estado de S\u00e3o Paulo alcan\u00e7ou a emiss\u00e3o de 8.538 Identifica\u00e7\u00f5es Veiculares TEA (Transtorno do Espectro Autista). O<a href=\"https:\/\/www.saopaulo.sp.gov.br\/spnoticias\/ultimas-noticias\/sp-emite-mais-de-duas-mil-identificacoes-veiculares-tea-em-uma-semana\/\" rel=\"noopener\"> projeto foi lan\u00e7ado em abril,<\/a> durante a 1\u00aa Jornada Estadual de Conscientiza\u00e7\u00e3o sobre o Autismo, promovida pela Secretaria de Estado dos Direitos da Pessoa com Defici\u00eancia (SEDPcD) em colabora\u00e7\u00e3o entre a Secretaria de Estado de Gest\u00e3o e Governo Digital (SGGD) e o Detran-SP, com o apoio da Prodesp.<\/p>\n<p>A iniciativa tem o objetivo de conscientizar os demais motoristas de que naquele ve\u00edculo h\u00e1 uma pessoa com TEA, solicitando que sejam gentis e que n\u00e3o buzinem, O intuito \u00e9 evitar crises relacionadas \u00e0 sensibilidade auditiva, sintoma frequente em pessoas com TEA.<\/p>\n<p>\u201cA Identifica\u00e7\u00e3o Veicular TEA refor\u00e7a o comprometimento do Governo de S\u00e3o Paulo com a causa, promovendo uma sociedade mais acolhedora, que compreende e respeita a diversidade em todas as suas formas\u201d, destaca o secret\u00e1rio dos Direitos da Pessoa com Defici\u00eancia, Marcos da Costa.<\/p>\n<p>A Identifica\u00e7\u00e3o Veicular \u00e9 concedida mediante vincula\u00e7\u00e3o \u00e0 Carteira de Identifica\u00e7\u00e3o da Pessoa com Transtorno do Espectro Autista (CipTEA), que j\u00e1 soma mais de 50 mil emiss\u00f5es em todo o estado. Ao atrelar a identifica\u00e7\u00e3o ao ve\u00edculo, \u00e9 gerado um QR Code que atesta a veracidade do documento. O adesivo tamb\u00e9m cont\u00e9m a frase: \u201cPessoa com autismo a bordo. Seja gentil, n\u00e3o buzine.\u201d<\/p>\n<h3><strong>Maio Amarelo<\/strong><\/h3>\n<p><a href=\"https:\/\/www.saopaulo.sp.gov.br\/tag\/maio-amarelo\/\" rel=\"noopener\">Maio Amarelo<\/a> \u00e9 o m\u00eas de conscientiza\u00e7\u00e3o sobre o tr\u00e2nsito em todo o mundo. O objetivo \u00e9 discutir e desenvolver estrat\u00e9gias para a seguran\u00e7a vi\u00e1ria, al\u00e9m de promover a constru\u00e7\u00e3o de vias e espa\u00e7os mais seguros e sustent\u00e1veis ambientalmente. A participa\u00e7\u00e3o de diferentes secretarias e diversos setores da sociedade contribui para a efic\u00e1cia das campanhas, pois facilita a\u00e7\u00f5es coordenadas, destaca a import\u00e2ncia da seguran\u00e7a no tr\u00e2nsito e amplia a dissemina\u00e7\u00e3o de campanhas educativas.<\/p>\n<h3>Confira abaixo o passo a passo para emitir o Selo de Identifica\u00e7\u00e3o Veicular:<\/h3>\n<p><strong>Para quem j\u00e1 possui a CipTEA:<\/strong><\/p>\n<p>1) Acesse seu cadastro com o login GOV.BR;<br \/>2) Clique em \u201ccadastrar ve\u00edculo\u201d<br \/>3) Informe o n\u00famero da placa e o Renavam de seu ve\u00edculo e clique em \u201ccadastrar ve\u00edculo\u201d;<br \/>4) Clique no \u201ccarrinho\u201d abaixo da imagem da carteirinha e imprima seu adesivo.<\/p>\n<p><strong>Para novos benefici\u00e1rios CipTEA:<\/strong><\/p>\n<p>1) Acesse o site\u00a0<a href=\"https:\/\/ciptea.sp.gov.br\/\" rel=\"noopener\">https:\/\/ciptea.sp.gov.br\/<\/a>\u00a0com o login GOV.BR e clique em cadastrar novo benefici\u00e1rio;<br \/>2) Preencha os dados pessoais e endere\u00e7o da pessoa diagnosticada com TEA;<br \/>3) Preencha as informa\u00e7\u00f5es do CID, nome e CRM do m\u00e9dico, data do documento e anexe o arquivo do relat\u00f3rio m\u00e9dico em png ou jpg;<br \/>4) Preencha os dados do cuidador\/respons\u00e1vel;<br \/>5) Informe o n\u00famero da placa e o Renavam de seu ve\u00edculo;<br \/>6) Leia e d\u00ea ci\u00eancia ao Termo de Aceite;<br \/>7) Aguarde a an\u00e1lise e aprova\u00e7\u00e3o da CipTEA (at\u00e9 20 dias \u00fateis);<br \/>8) Ap\u00f3s aprova\u00e7\u00e3o, fa\u00e7a o download de sua identifica\u00e7\u00e3o veicular.<\/p>\n<p>Siga o canal \u201cGoverno de S\u00e3o Paulo\u201d no WhatsApp:<br \/><a href=\"https:\/\/bit.ly\/govspnozap\" target=\"_blank\" rel=\"noopener noreferrer\">https:\/\/bit.ly\/govspnozap<\/a><\/p>\n<\/p><\/div>\n<p><br \/>\n<br \/><a href=\"https:\/\/www.saopaulo.sp.gov.br\/spnoticias\/ultimas-noticias\/maio-amarelo-sp-emite-mais-de-8-mil-identificacoes-veiculares-para-autistas\/\" rel=\"noopener\">Informa\u00e7\u00f5es GOV.SP<\/a><\/p>\n","protected":false},"excerpt":{"rendered":"<p>&#13; &#13; &#13; &#13; &#13; A\u00e7\u00e3o conjunta entre secretarias do Governo de SP promove acolhimento e ajuda a identificar pessoa autista no ve\u00edculo &#13; &#13; &#13; &#13; Identifica\u00e7\u00e3o Veicular TEA (Transtorno do Espectro Autista) Neste m\u00eas de conscientiza\u00e7\u00e3o sobre a seguran\u00e7a no tr\u00e2nsito, o estado de S\u00e3o Paulo alcan\u00e7ou a emiss\u00e3o de 8.538 Identifica\u00e7\u00f5es Veiculares [&hellip;]<\/p>\n","protected":false},"author":1,"featured_media":6676,"comment_status":"open","ping_status":"open","sticky":false,"template":"","format":"standard","meta":{"_jetpack_newsletter_access":"","_jetpack_dont_email_post_to_subs":false,"_jetpack_newsletter_tier_id":0,"_jetpack_memberships_contains_paywalled_content":false,"_mbp_banners":[],"_jetpack_feature_clip_id":0,"_jetpack_memberships_contains_paid_content":false,"footnotes":"","jetpack_publicize_message":"","jetpack_publicize_feature_enabled":true,"jetpack_social_post_already_shared":true,"jetpack_social_options":{"image_generator_settings":{"template":"highway","default_image_id":0,"font":"","enabled":false},"version":2},"jetpack_post_was_ever_published":false},"categories":[21],"tags":[],"class_list":["post-6675","post","type-post","status-publish","format-standard","has-post-thumbnail","category-sp-news"],"jetpack_publicize_connections":[],"jetpack-related-posts":[],"jetpack_shortlink":"https:\/\/wp.me\/p7Eq1F-1JF","jetpack_sharing_enabled":true,"jetpack_featured_media_url":"https:\/\/i0.wp.com\/guialimeira.com.br\/news\/wp-content\/uploads\/2024\/05\/Maio-Amarelo-SP-emite-mais-de-8-mil-identificacoes-veiculares.jpeg?fit=1024%2C757&ssl=1","_links":{"self":[{"href":"https:\/\/guialimeira.com.br\/news\/wp-json\/wp\/v2\/posts\/6675","targetHints":{"allow":["GET"]}}],"collection":[{"href":"https:\/\/guialimeira.com.br\/news\/wp-json\/wp\/v2\/posts"}],"about":[{"href":"https:\/\/guialimeira.com.br\/news\/wp-json\/wp\/v2\/types\/post"}],"author":[{"embeddable":true,"href":"https:\/\/guialimeira.com.br\/news\/wp-json\/wp\/v2\/users\/1"}],"replies":[{"embeddable":true,"href":"https:\/\/guialimeira.com.br\/news\/wp-json\/wp\/v2\/comments?post=6675"}],"version-history":[{"count":0,"href":"https:\/\/guialimeira.com.br\/news\/wp-json\/wp\/v2\/posts\/6675\/revisions"}],"wp:featuredmedia":[{"embeddable":true,"href":"https:\/\/guialimeira.com.br\/news\/wp-json\/wp\/v2\/media\/6676"}],"wp:attachment":[{"href":"https:\/\/guialimeira.com.br\/news\/wp-json\/wp\/v2\/media?parent=6675"}],"wp:term":[{"taxonomy":"category","embeddable":true,"href":"https:\/\/guialimeira.com.br\/news\/wp-json\/wp\/v2\/categories?post=6675"},{"taxonomy":"post_tag","embeddable":true,"href":"https:\/\/guialimeira.com.br\/news\/wp-json\/wp\/v2\/tags?post=6675"}],"curies":[{"name":"wp","href":"https:\/\/api.w.org\/{rel}","templated":true}]}}