{"id":66742,"date":"2026-05-25T21:00:53","date_gmt":"2026-05-26T00:00:53","guid":{"rendered":"https:\/\/guialimeira.com.br\/seis-projetos-sao-aprovados-em-sessao-ordinaria-na-camara-de-limeira\/"},"modified":"2026-05-25T21:00:53","modified_gmt":"2026-05-26T00:00:53","slug":"seis-projetos-sao-aprovados-em-sessao-ordinaria-na-camara-de-limeira","status":"publish","type":"post","link":"https:\/\/guialimeira.com.br\/news\/seis-projetos-sao-aprovados-em-sessao-ordinaria-na-camara-de-limeira\/","title":{"rendered":"Seis projetos s\u00e3o aprovados em sess\u00e3o ordin\u00e1ria na C\u00e2mara de Limeira"},"content":{"rendered":"<p>Seis projetos s\u00e3o aprovados em sess\u00e3o ordin\u00e1ria na C\u00e2mara de Limeira<\/p>\n<p>Na sess\u00e3o ordin\u00e1ria desta segunda-feira, 25 de maio, a C\u00e2mara Municipal de Limeira aprovou seis projetos, quatro pautados na Ordem do Dia e dois em Regime de Urg\u00eancia Especial. Al\u00e9m disso, os vereadores discutiram e encaminharam 16 requerimentos \u00e0 Prefeitura durante o Expediente, parte da sess\u00e3o em que os documentos protocolados na Casa s\u00e3o lidos. Os trabalhos foram transmitidos ao vivo e podem ser conferidos neste link.<\/p>\n<p>J\u00e1 a Tribuna Livre, momento de participa\u00e7\u00e3o popular durante a sess\u00e3o ordin\u00e1ria, na qual cidad\u00e3os fazem uso da palavra para apresentar demandas e discutir tem\u00e1ticas de interesse social, foram abordados os seguintes assuntos: redu\u00e7\u00e3o da jornada de trabalho e fim da escala 6&#215;1; alternativas para o desenvolvimento urbano, de lazer e qualidade de vida; e a repercuss\u00e3o de uma fala sobre pessoas que n\u00e3o s\u00e3o eleitas no seu local de nascimento.<\/p>\n<p>Tribuna Livre<\/p>\n<p>Inaugurando a participa\u00e7\u00e3o popular da noite, Priscilla Bagli discorreu sobre alternativas para o desenvolvimento urbano, de lazer e qualidade de vida. Ela prop\u00f4s uma reflex\u00e3o sobre o descompasso entre a grandeza de Limeira e o que \u00e9 efetivamente entregue \u00e0 popula\u00e7\u00e3o. Citou dados do IBGE e fez um comparativo com a cidade de Americana, que possui menos habitantes e menor extens\u00e3o territorial e ainda assim IDM (\u00cdndice de Desenvolvimento Municipal) e or\u00e7amento maiores que Limeira.<\/p>\n<p>Destacou ainda que o acesso ao lazer, \u00e0 atividade f\u00edsica e a espa\u00e7os de conviv\u00eancia atuam de forma preventiva na sa\u00fade f\u00edsica e mental e que o custo da preven\u00e7\u00e3o \u00e9 menor do que o do tratamento, e fez sugest\u00f5es de poss\u00edveis solu\u00e7\u00f5es \u00e0 falta de lazer em Limeira, como a revitaliza\u00e7\u00e3o do Centro, com \u00e1reas para a pr\u00e1tica de atividade f\u00edsica e tamb\u00e9m a promo\u00e7\u00e3o de feiras de artesanato, comida e cultura. Link para o v\u00eddeo.<\/p>\n<p>Em seguida, Artur Bueno de Camargo comentou o tema que est\u00e1 em destaque atualmente: o projeto de emenda constitucional que estabelece a redu\u00e7\u00e3o da jornada de trabalho e fim da escala 6X1. \u201cA \u00faltima redu\u00e7\u00e3o de jornada que tivemos foi em 1988, quando t\u00ednhamos 48h semanais e passou para 44h. Portanto, j\u00e1 se passaram 38 anos e n\u00f3s n\u00e3o tivemos nenhuma redu\u00e7\u00e3o\u201d, relatou, destacando que toda a tecnologia, mecaniza\u00e7\u00e3o e industrializa\u00e7\u00e3o desenvolvidas nos \u00faltimos anos n\u00e3o beneficiaram o trabalhador.<\/p>\n<p>\u201cN\u00e3o tenho nenhuma d\u00favida de que a aprova\u00e7\u00e3o desta lei vai contribuir muito com a sociedade, principalmente para as mulheres, que t\u00eam dupla jornada, tripla jornada. \u00c9 preciso que haja melhores condi\u00e7\u00f5es e que as pessoas tenham tempo. A vida n\u00e3o pode ser s\u00f3 trabalho\u201d, afirmou Arthur. Ele concluiu a fala pedindo o apoio dos vereadores, junto aos deputados e senadores de seus partidos, para aprovar a proposta que tramita no Congresso Nacional. Link para o v\u00eddeo.<\/p>\n<p>O \u00faltimo orador foi Marcos Vinicius Silva, que repercutiu argumentos contra a quest\u00e3o que foi levantada sobre as pessoas que s\u00e3o eleitas nos locais onde n\u00e3o nasceram em uma sess\u00e3o da C\u00e2mara h\u00e1 cerca de tr\u00eas meses, de acordo com ele. Na ocasi\u00e3o, ele disse, houve uma refer\u00eancia \u00e0 ministra Guajajara como \u201c\u00edndia\u201d. Ele destacou que o termo correto deveria ter sido ind\u00edgena.<\/p>\n<p>Marcos tamb\u00e9m se solidarizou com os vereadores da Casa que n\u00e3o nasceram em Limeira e disse que a democracia permite que a pessoa escolha a cidade na qual deseja viver. Por fim, pediu que todos prestem mais aten\u00e7\u00e3o nas pautas que realmente interferem na vida da popula\u00e7\u00e3o. Link para o v\u00eddeo.<\/p>\n<p>Para participar da Tribuna Livre da C\u00e2mara, basta acessar o site do Legislativo e na aba \u201csess\u00e3o\u201d escolher \u201cSolicita\u00e7\u00e3o de Uso da Tribuna\u201d (link), depois o interessado deve preencher o formul\u00e1rio e aguardar a data agendada para a sua participa\u00e7\u00e3o.<\/p>\n<p>Confira como foi a vota\u00e7\u00e3o:<\/p>\n<p>Aprovado &#8211; Projeto de Lei N\u00ba 155\/2025, do vereador Costa Junior (Podemos), disp\u00f5e sobre a promo\u00e7\u00e3o do uso de materiais oriundos da reutiliza\u00e7\u00e3o da constru\u00e7\u00e3o civil para a manuten\u00e7\u00e3o de estradas rurais no Munic\u00edpio de Limeira.<\/p>\n<p>Aprovado &#8211; Projeto de Lei N\u00ba 44\/2026, dos vereadores Everton Ferreira (PSD), Felipe Penedo (PL) e Waguinho da Santa Luzia (PP), disp\u00f5e sobre a utiliza\u00e7\u00e3o de espa\u00e7os p\u00fablicos para atividade econ\u00f4mica.<\/p>\n<p>Aprovado &#8211; Projeto de Lei N\u00ba 52\/2026, dos vereadores Nilton Santos (Republicanos) e Tatiane Lopes (Avante), institui o Selo \u201cPet Seguro\u201d no \u00e2mbito do Munic\u00edpio de Limeira, destinado aos estabelecimentos pet shops que adotem medidas de monitoramento e seguran\u00e7a para prote\u00e7\u00e3o dos animais.<\/p>\n<p>Aprovado &#8211; Projeto de Lei N\u00ba 60\/2026, da vereadora Lu Bogo (PL), institui, no \u00e2mbito do Munic\u00edpio de Limeira, o Programa \u201cNatal Solid\u00e1rio \u2013 Cartinhas de Esperan\u00e7a\u201d, destinado a crian\u00e7as e adolescentes.<\/p>\n<p>Urg\u00eancia especial<\/p>\n<p>Aprovado &#8211; Projeto de Lei N\u00ba 72\/2026, da Prefeitura, autoriza o Poder Executivo a contratar opera\u00e7\u00e3o de cr\u00e9dito junto \u00e0 Caixa Econ\u00f4mica Federal, no \u00e2mbito do Programa de Financiamento \u00e0 Infraestrutura e ao Saneamento (Finisa), na modalidade aplica\u00e7\u00e3o em despesas de capital e a oferecer garantias.<\/p>\n<p>Aprovado &#8211; Projeto de Lei N\u00ba 62\/2026, da Prefeitura, autoriza o repasse de recursos financeiros \u00e0s Associa\u00e7\u00f5es de Pais e Mestres (APM\u2019s), para a contrata\u00e7\u00e3o de servi\u00e7os e aquisitivo de equipamentos e itens necess\u00e1rios \u00e0 obten\u00e7\u00e3o e renova\u00e7\u00e3o do Auto de Vistoria do Corpo de Bombeiros (AVCB) dos pr\u00e9dios escolares da rede municipal de ensino.<\/p>\n<hr>\n<p><em>Fonte: <a href=\"https:\/\/www.limeira.sp.leg.br\/noticias\/view\/2026-05-25_seis-projetos-sao-aprovados-em-sessao-ordinaria-na-camara-de-limeira\" target=\"_blank\" rel=\"noopener\">C\u00e2mara Municipal de Limeira<\/a><\/em><\/p>\n","protected":false},"excerpt":{"rendered":"<p>Seis projetos s\u00e3o aprovados em sess\u00e3o ordin\u00e1ria na C\u00e2mara de Limeira<\/p>\n<p>Na sess\u00e3o ordin\u00e1ria desta segunda-feira, 25 de maio, a C\u00e2mara Municipal de Limeira aprovou seis projetos, quatro pautados na Ordem do Dia e dois em Regime de Urg\u00eancia Especial. Al\u00e9m disso, os vereadores discutiram e encaminharam 1<\/p>\n","protected":false},"author":4,"featured_media":66741,"comment_status":"","ping_status":"open","sticky":false,"template":"","format":"standard","meta":{"_jetpack_newsletter_access":"","_jetpack_dont_email_post_to_subs":false,"_jetpack_newsletter_tier_id":0,"_jetpack_memberships_contains_paywalled_content":false,"_mbp_banners":[],"_jetpack_feature_clip_id":0,"_jetpack_memberships_contains_paid_content":false,"footnotes":"","jetpack_publicize_message":"","jetpack_publicize_feature_enabled":true,"jetpack_social_post_already_shared":true,"jetpack_social_options":{"image_generator_settings":{"template":"highway","default_image_id":0,"font":"","enabled":false},"version":2},"jetpack_post_was_ever_published":false},"categories":[19],"tags":[],"class_list":["post-66742","post","type-post","status-publish","format-standard","has-post-thumbnail","category-politica"],"jetpack_publicize_connections":[],"jetpack-related-posts":[],"jetpack_shortlink":"https:\/\/wp.me\/p7Eq1F-hmu","jetpack_sharing_enabled":true,"jetpack_featured_media_url":"https:\/\/i0.wp.com\/guialimeira.com.br\/news\/wp-content\/uploads\/2026\/05\/noticia-camara-95.jpg?fit=1280%2C640&ssl=1","_links":{"self":[{"href":"https:\/\/guialimeira.com.br\/news\/wp-json\/wp\/v2\/posts\/66742","targetHints":{"allow":["GET"]}}],"collection":[{"href":"https:\/\/guialimeira.com.br\/news\/wp-json\/wp\/v2\/posts"}],"about":[{"href":"https:\/\/guialimeira.com.br\/news\/wp-json\/wp\/v2\/types\/post"}],"author":[{"embeddable":true,"href":"https:\/\/guialimeira.com.br\/news\/wp-json\/wp\/v2\/users\/4"}],"replies":[{"embeddable":true,"href":"https:\/\/guialimeira.com.br\/news\/wp-json\/wp\/v2\/comments?post=66742"}],"version-history":[{"count":0,"href":"https:\/\/guialimeira.com.br\/news\/wp-json\/wp\/v2\/posts\/66742\/revisions"}],"wp:featuredmedia":[{"embeddable":true,"href":"https:\/\/guialimeira.com.br\/news\/wp-json\/wp\/v2\/media\/66741"}],"wp:attachment":[{"href":"https:\/\/guialimeira.com.br\/news\/wp-json\/wp\/v2\/media?parent=66742"}],"wp:term":[{"taxonomy":"category","embeddable":true,"href":"https:\/\/guialimeira.com.br\/news\/wp-json\/wp\/v2\/categories?post=66742"},{"taxonomy":"post_tag","embeddable":true,"href":"https:\/\/guialimeira.com.br\/news\/wp-json\/wp\/v2\/tags?post=66742"}],"curies":[{"name":"wp","href":"https:\/\/api.w.org\/{rel}","templated":true}]}}