{"id":66720,"date":"2026-05-25T17:30:43","date_gmt":"2026-05-25T20:30:43","guid":{"rendered":"https:\/\/guialimeira.com.br\/16a-festa-italiana-reune-3-mil-visitantes-em-limeira\/"},"modified":"2026-05-25T17:30:43","modified_gmt":"2026-05-25T20:30:43","slug":"16a-festa-italiana-reune-3-mil-visitantes-em-limeira","status":"publish","type":"post","link":"https:\/\/guialimeira.com.br\/news\/16a-festa-italiana-reune-3-mil-visitantes-em-limeira\/","title":{"rendered":"16\u00aa Festa Italiana re\u00fane 3 mil visitantes em Limeira"},"content":{"rendered":"<p> <br \/>\n<\/p>\n<div id=\"\">&#13;<br \/>\n                    &#13;<br \/>\n&#13;<br \/>\n&#13;<br \/>\n&#13;<br \/>\n&#13;<br \/>\n&#13;<br \/>\n    <img data-recalc-dims=\"1\" decoding=\"async\" src=\"https:\/\/i0.wp.com\/ecrie.com.br\/sistema\/conteudos\/imagem\/m_137_0_1_25052026172512.jpg?w=696&#038;ssl=1\" alt=\"16\u00aa Festa Italiana re\u00fane 3 mil visitantes em Limeira\"\/>&#13;<br \/>\n&#13;<br \/>\n&#13;<\/p>\n<p style=\"text-align: justify;\">A 16\u00aa Festa Italiana de Limeira reuniu cerca de 3 mil visitantes no \u00faltimo final de semana e confirmou seu lugar entre os principais eventos do calend\u00e1rio cultural do munic\u00edpio. Realizado pela Prefeitura de Limeira, no bairro do Tatu, o evento celebrou as tradi\u00e7\u00f5es da imigra\u00e7\u00e3o italiana com uma programa\u00e7\u00e3o que uniu m\u00fasica, gastronomia e muita dan\u00e7a.<\/p>\n<p>&#13;<\/p>\n<p style=\"text-align: justify;\">A programa\u00e7\u00e3o teve como destaque do s\u00e1bado (23) o show de Tony Angeli, que emocionou o p\u00fablico com cl\u00e1ssicos da m\u00fasica italiana. No domingo (24), a tradicional Missa Italiana, celebrada em latim pelo padre Alexandre Boratti Favretto, refor\u00e7ou o car\u00e1ter cultural e religioso do evento. Grupos de dan\u00e7as da Escola Tenente Aviador e Grupo de Dan\u00e7a Santa Ol\u00edmpia, refer\u00eancia na preserva\u00e7\u00e3o das tradi\u00e7\u00f5es folcl\u00f3ricas europeias, tamb\u00e9m animaram o p\u00fablico.<\/p>\n<p>&#13;<\/p>\n<p style=\"text-align: justify;\">Para o prefeito Murilo F\u00e9lix, o resultado vai al\u00e9m dos n\u00fameros. &#8220;A Festa Italiana j\u00e1 faz parte da cultura de Limeira. Ver pessoas celebrando nossas ra\u00edzes \u00e9 a prova de que esse evento une gera\u00e7\u00f5es e fortalece a identidade da cidade&#8221;, afirmou.<\/p>\n<p>&#13;<\/p>\n<p style=\"text-align: justify;\"><strong>Gastronomia t\u00edpica conquista o p\u00fablico<\/strong><\/p>\n<p>&#13;<\/p>\n<p style=\"text-align: justify;\">A gastronomia foi um dos grandes atrativos da festa, com sabores tradicionais como massas, risotos, fogazza, polenta e espetinhos, al\u00e9m de quitutes regionais como pamonha e curau, e uma variedade de bebidas a pre\u00e7os acess\u00edveis.<\/p>\n<p>&#13;<\/p>\n<p style=\"text-align: justify;\">Presen\u00e7a constante no evento, a professora Maria Teresa Fernandes, 42 anos, destacou o car\u00e1ter familiar da festa. &#8220;\u00c9 um evento que re\u00fane boa comida e um ambiente muito acolhedor. Eu e minha fam\u00edlia fazemos quest\u00e3o de vir todos os anos , j\u00e1 virou uma tradi\u00e7\u00e3o para n\u00f3s&#8221;, afirmou.<\/p>\n<p>&#13;<\/p>\n<p style=\"text-align: justify;\"><strong>Estrutura refor\u00e7ada garante conforto e supera expectativas no evento<\/strong><\/p>\n<p>&#13;<\/p>\n<p style=\"text-align: justify;\">Com quase 200 pessoas mobilizadas entre equipes t\u00e9cnicas, operacionais e de apoio, a organiza\u00e7\u00e3o entregou uma estrutura \u00e0 altura do evento. O resultado foi aprovado pelo p\u00fablico, que curtiu a programa\u00e7\u00e3o com conforto e tranquilidade, inclusive nos momentos de chuva.<\/p>\n<p>&#13;<\/p>\n<p style=\"text-align: justify;\">A reestrutura\u00e7\u00e3o do espa\u00e7o foi um dos destaques da edi\u00e7\u00e3o, j\u00e1 que neste ano a festa foi transferida para a parte superior do local, ampliando a capacidade de recep\u00e7\u00e3o do p\u00fablico. &#8220;A festa superou as expectativas. Nos preparamos para receber o maior n\u00famero de pessoas e isso aconteceu. Estamos muito felizes e j\u00e1 nos preparando com uma estrutura melhor e maior para dar ainda mais conforto a quem prestigia a festa&#8221;, afirmou o secret\u00e1rio de Turismo e Eventos, Thiago Martins.<\/p>\n<p>&#13;<\/p>\n<p style=\"text-align: justify;\">A Festa Italiana \u00e9 realizada anualmente pela Prefeitura de Limeira, por meio da Secretaria de Turismo e Eventos, com o objetivo de preservar e celebrar a heran\u00e7a da imigra\u00e7\u00e3o italiana no munic\u00edpio. A iniciativa est\u00e1 alinhada ao Objetivo de Desenvolvimento Sustent\u00e1vel (ODS) 11 da Agenda 2030 da ONU, voltado \u00e0 promo\u00e7\u00e3o de cidades e comunidades mais sustent\u00e1veis, inclusivas e resilientes.<\/p>\n<p>&#13;<br \/>\n&#13;<br \/>\n&#13;<br \/>\n&#13;<\/p>\n<article class=\"conteudo-relacionado no-print\">&#13;<br \/>\n        &#13;<br \/>\n&#13;<br \/>\n        &#13;<br \/>\n    <\/article>\n<p>&#13;<br \/>\n&#13;\n                <\/p><\/div>\n<p><br \/>\n<br \/><a href=\"https:\/\/limeira.sp.gov.br\/16-festa-italiana-reune-3-mil-visitantes-em-limeira\" rel=\"noopener\">Informa\u00e7\u00f5es da PML <\/a><\/p>\n","protected":false},"excerpt":{"rendered":"<p>&#13; &#13; &#13; &#13; &#13; &#13; &#13; &#13; &#13; &#13; A 16\u00aa Festa Italiana de Limeira reuniu cerca de 3 mil visitantes no \u00faltimo final de semana e confirmou seu lugar entre os principais eventos do calend\u00e1rio cultural do munic\u00edpio. Realizado pela Prefeitura de Limeira, no bairro do Tatu, o evento celebrou as tradi\u00e7\u00f5es da [&hellip;]<\/p>\n","protected":false},"author":1,"featured_media":66721,"comment_status":"","ping_status":"open","sticky":false,"template":"","format":"standard","meta":{"_jetpack_newsletter_access":"","_jetpack_dont_email_post_to_subs":false,"_jetpack_newsletter_tier_id":0,"_jetpack_memberships_contains_paywalled_content":false,"_mbp_banners":[],"_jetpack_feature_clip_id":0,"_jetpack_memberships_contains_paid_content":false,"footnotes":"","jetpack_publicize_message":"","jetpack_publicize_feature_enabled":true,"jetpack_social_post_already_shared":true,"jetpack_social_options":{"image_generator_settings":{"template":"highway","default_image_id":0,"font":"","enabled":false},"version":2},"jetpack_post_was_ever_published":false},"categories":[16],"tags":[],"class_list":["post-66720","post","type-post","status-publish","format-standard","has-post-thumbnail","category-local"],"jetpack_publicize_connections":[],"jetpack-related-posts":[],"jetpack_shortlink":"https:\/\/wp.me\/p7Eq1F-hm8","jetpack_sharing_enabled":true,"jetpack_featured_media_url":"https:\/\/i0.wp.com\/guialimeira.com.br\/news\/wp-content\/uploads\/2026\/05\/m_137_0_1_25052026172512.jpg?fit=1024%2C681&ssl=1","_links":{"self":[{"href":"https:\/\/guialimeira.com.br\/news\/wp-json\/wp\/v2\/posts\/66720","targetHints":{"allow":["GET"]}}],"collection":[{"href":"https:\/\/guialimeira.com.br\/news\/wp-json\/wp\/v2\/posts"}],"about":[{"href":"https:\/\/guialimeira.com.br\/news\/wp-json\/wp\/v2\/types\/post"}],"author":[{"embeddable":true,"href":"https:\/\/guialimeira.com.br\/news\/wp-json\/wp\/v2\/users\/1"}],"replies":[{"embeddable":true,"href":"https:\/\/guialimeira.com.br\/news\/wp-json\/wp\/v2\/comments?post=66720"}],"version-history":[{"count":0,"href":"https:\/\/guialimeira.com.br\/news\/wp-json\/wp\/v2\/posts\/66720\/revisions"}],"wp:featuredmedia":[{"embeddable":true,"href":"https:\/\/guialimeira.com.br\/news\/wp-json\/wp\/v2\/media\/66721"}],"wp:attachment":[{"href":"https:\/\/guialimeira.com.br\/news\/wp-json\/wp\/v2\/media?parent=66720"}],"wp:term":[{"taxonomy":"category","embeddable":true,"href":"https:\/\/guialimeira.com.br\/news\/wp-json\/wp\/v2\/categories?post=66720"},{"taxonomy":"post_tag","embeddable":true,"href":"https:\/\/guialimeira.com.br\/news\/wp-json\/wp\/v2\/tags?post=66720"}],"curies":[{"name":"wp","href":"https:\/\/api.w.org\/{rel}","templated":true}]}}