{"id":66717,"date":"2026-05-25T16:47:05","date_gmt":"2026-05-25T19:47:05","guid":{"rendered":"https:\/\/guialimeira.com.br\/audiencia-publica-saude-faz-prestacao-de-contas-do-1o-quadrimestre-em-limeira\/"},"modified":"2026-05-25T16:47:05","modified_gmt":"2026-05-25T19:47:05","slug":"audiencia-publica-saude-faz-prestacao-de-contas-do-1o-quadrimestre-em-limeira","status":"publish","type":"post","link":"https:\/\/guialimeira.com.br\/news\/audiencia-publica-saude-faz-prestacao-de-contas-do-1o-quadrimestre-em-limeira\/","title":{"rendered":"Audi\u00eancia p\u00fablica: Sa\u00fade faz presta\u00e7\u00e3o de contas do 1\u00ba Quadrimestre em Limeira"},"content":{"rendered":"<p> <br \/>\n<br \/><img data-recalc-dims=\"1\" decoding=\"async\" src=\"https:\/\/i0.wp.com\/ecrie.com.br\/sistema\/conteudos\/imagem\/m_137_0_1_25052026164516.jpg?w=696&#038;ssl=1\" \/><\/p>\n<div>\n<h3 data-reticencias=\"34\">2\u00ba F\u00f3rum de Sa\u00fade Mental re\u00fane 400 participantes e refor\u00e7a protagonismo dos atendidos em Limeira<\/h3>\n<p class=\"descricao\" data-reticencias=\"44 [...]\">&#13;<br \/>\n                                    Programa\u00e7\u00e3o contou com palestras, apresenta\u00e7\u00f5es culturais, sarau e participa\u00e7\u00e3o em ato da luta antimanicomial&#13;\n                                <\/p>\n<\/p><\/div>\n<p><br \/>\n<br \/><a href=\"https:\/\/limeira.sp.gov.br\/audiencia-publica-saude-faz-prestacao-de-contas-do-1-quadrimestre-em-limeira\" rel=\"noopener\">Informa\u00e7\u00f5es da PML <\/a><\/p>\n","protected":false},"excerpt":{"rendered":"<p>2\u00ba F\u00f3rum de Sa\u00fade Mental re\u00fane 400 participantes e refor\u00e7a protagonismo dos atendidos em Limeira &#13; Programa\u00e7\u00e3o contou com palestras, apresenta\u00e7\u00f5es culturais, sarau e participa\u00e7\u00e3o em ato da luta antimanicomial&#13; Informa\u00e7\u00f5es da PML<\/p>\n","protected":false},"author":1,"featured_media":66718,"comment_status":"","ping_status":"open","sticky":false,"template":"","format":"standard","meta":{"_jetpack_newsletter_access":"","_jetpack_dont_email_post_to_subs":false,"_jetpack_newsletter_tier_id":0,"_jetpack_memberships_contains_paywalled_content":false,"_mbp_banners":[],"_jetpack_feature_clip_id":0,"_jetpack_memberships_contains_paid_content":false,"footnotes":"","jetpack_publicize_message":"","jetpack_publicize_feature_enabled":true,"jetpack_social_post_already_shared":true,"jetpack_social_options":{"image_generator_settings":{"template":"highway","default_image_id":0,"font":"","enabled":false},"version":2},"jetpack_post_was_ever_published":false},"categories":[16],"tags":[],"class_list":["post-66717","post","type-post","status-publish","format-standard","has-post-thumbnail","category-local"],"jetpack_publicize_connections":[],"jetpack-related-posts":[],"jetpack_shortlink":"https:\/\/wp.me\/p7Eq1F-hm5","jetpack_sharing_enabled":true,"jetpack_featured_media_url":"https:\/\/i0.wp.com\/guialimeira.com.br\/news\/wp-content\/uploads\/2026\/05\/m_137_0_1_25052026164516.jpg?fit=1024%2C682&ssl=1","_links":{"self":[{"href":"https:\/\/guialimeira.com.br\/news\/wp-json\/wp\/v2\/posts\/66717","targetHints":{"allow":["GET"]}}],"collection":[{"href":"https:\/\/guialimeira.com.br\/news\/wp-json\/wp\/v2\/posts"}],"about":[{"href":"https:\/\/guialimeira.com.br\/news\/wp-json\/wp\/v2\/types\/post"}],"author":[{"embeddable":true,"href":"https:\/\/guialimeira.com.br\/news\/wp-json\/wp\/v2\/users\/1"}],"replies":[{"embeddable":true,"href":"https:\/\/guialimeira.com.br\/news\/wp-json\/wp\/v2\/comments?post=66717"}],"version-history":[{"count":0,"href":"https:\/\/guialimeira.com.br\/news\/wp-json\/wp\/v2\/posts\/66717\/revisions"}],"wp:featuredmedia":[{"embeddable":true,"href":"https:\/\/guialimeira.com.br\/news\/wp-json\/wp\/v2\/media\/66718"}],"wp:attachment":[{"href":"https:\/\/guialimeira.com.br\/news\/wp-json\/wp\/v2\/media?parent=66717"}],"wp:term":[{"taxonomy":"category","embeddable":true,"href":"https:\/\/guialimeira.com.br\/news\/wp-json\/wp\/v2\/categories?post=66717"},{"taxonomy":"post_tag","embeddable":true,"href":"https:\/\/guialimeira.com.br\/news\/wp-json\/wp\/v2\/tags?post=66717"}],"curies":[{"name":"wp","href":"https:\/\/api.w.org\/{rel}","templated":true}]}}