{"id":66712,"date":"2026-05-25T16:12:29","date_gmt":"2026-05-25T19:12:29","guid":{"rendered":"https:\/\/guialimeira.com.br\/2o-forum-de-saude-mental-reune-400-participantes-e-reforca-protagonismo-dos-atendidos-em-limeira\/"},"modified":"2026-05-25T16:12:29","modified_gmt":"2026-05-25T19:12:29","slug":"2o-forum-de-saude-mental-reune-400-participantes-e-reforca-protagonismo-dos-atendidos-em-limeira","status":"publish","type":"post","link":"https:\/\/guialimeira.com.br\/news\/2o-forum-de-saude-mental-reune-400-participantes-e-reforca-protagonismo-dos-atendidos-em-limeira\/","title":{"rendered":"2\u00ba F\u00f3rum de Sa\u00fade Mental re\u00fane 400 participantes e refor\u00e7a protagonismo dos atendidos em Limeira"},"content":{"rendered":"<p> <br \/>\n<\/p>\n<div id=\"\">&#13;<br \/>\n                    &#13;<br \/>\n&#13;<br \/>\n&#13;<br \/>\n&#13;<br \/>\n&#13;<br \/>\n&#13;<br \/>\n    <img data-recalc-dims=\"1\" decoding=\"async\" src=\"https:\/\/i0.wp.com\/ecrie.com.br\/sistema\/conteudos\/imagem\/m_137_0_3_19052026165736.jpg?w=696&#038;ssl=1\" alt=\"2\u00ba F\u00f3rum de Sa\u00fade Mental re\u00fane 400 participantes e refor\u00e7a protagonismo dos atendidos em Limeira\"\/>&#13;<br \/>\n&#13;<br \/>\n&#13;<\/p>\n<p>\u00a0<\/p>\n<p>&#13;<\/p>\n<p style=\"text-align: justify;\">O 2\u00ba F\u00f3rum de Sa\u00fade Mental de Limeira \u2013 Al\u00e9m dos Muros foi encerrado na sexta-feira (22), ap\u00f3s uma semana de atividades voltadas ao fortalecimento da Rede de Aten\u00e7\u00e3o Psicossocial (Raps) e \u00e0 valoriza\u00e7\u00e3o do cuidado em liberdade. A programa\u00e7\u00e3o reuniu cerca de 400 participantes nos dois dias de debates realizados no Teatro Vit\u00f3ria, entre pessoas atendidas pelos servi\u00e7os de sa\u00fade mental, profissionais da \u00e1rea, estudantes e representantes da sociedade civil.<\/p>\n<p>&#13;<\/p>\n<p style=\"text-align: justify;\">Promovido pelos servi\u00e7os da Raps de Limeira \u2014 Caps AD, Caps IJ, Caps 2 e Centro de Terapias Integradas \u2014 em parceria com o F\u00f3rum Limeirense da Luta Antimanicomial, o evento contou com palestras, apresenta\u00e7\u00f5es culturais, sarau de poesia e atividades esportivas, ampliando o debate sobre sa\u00fade mental para al\u00e9m dos espa\u00e7os tradicionais de cuidado.<\/p>\n<p>&#13;<\/p>\n<p style=\"text-align: justify;\">As atividades come\u00e7aram na segunda-feira (18), quando integrantes do Caps AD e do Caps 2 viajaram a S\u00e3o Paulo para participar da marcha pelo Dia Nacional da Luta Antimanicomial. Na mesma noite, o Teatro Vit\u00f3ria recebeu a abertura oficial do f\u00f3rum, com palestras sobre cuidado em liberdade, territ\u00f3rio e fortalecimento da Raps.<\/p>\n<p>&#13;<\/p>\n<p style=\"text-align: justify;\">Na ter\u00e7a-feira (19), a programa\u00e7\u00e3o abordou temas como redu\u00e7\u00e3o de danos, sa\u00fade mental na aten\u00e7\u00e3o prim\u00e1ria, moradia e protagonismo de usu\u00e1rios e familiares. Um dos destaques foi a participa\u00e7\u00e3o direta das pessoas atendidas pelos servi\u00e7os na condu\u00e7\u00e3o do evento. Todo o cerimonial do dia ficou sob responsabilidade de atendidos dos Caps 2 e AD, como forma de incentivar a autonomia e a participa\u00e7\u00e3o social.<\/p>\n<p>&#13;<\/p>\n<p style=\"text-align: justify;\">O encontro tamb\u00e9m teve apresenta\u00e7\u00f5es de violino, viol\u00e3o, pintura ao vivo e outras interven\u00e7\u00f5es art\u00edsticas realizadas pelos pr\u00f3prios usu\u00e1rios, al\u00e9m de exposi\u00e7\u00e3o de quadros e itens produzidos nas oficinas de gera\u00e7\u00e3o de renda.<\/p>\n<p>&#13;<\/p>\n<p style=\"text-align: justify;\">Na quarta-feira (20), a programa\u00e7\u00e3o seguiu com um sarau cultural na Esta\u00e7\u00e3o Ferrovi\u00e1ria, reunindo m\u00fasica, poesia e manifesta\u00e7\u00f5es ligadas \u00e0 luta antimanicomial. O encerramento ocorreu na sexta-feira (22), com a participa\u00e7\u00e3o de adolescentes atendidos pelo Caps IJ nos jogos de futebol do InterCaps, em Campinas. A equipe limeirense conquistou o terceiro lugar, ficando com o bronze.<\/p>\n<p>&#13;<\/p>\n<p style=\"text-align: justify;\">Segundo a articuladora de Sa\u00fade Mental, Aline Bonetti, o f\u00f3rum refor\u00e7ou a necessidade de ampliar os espa\u00e7os de participa\u00e7\u00e3o dos usu\u00e1rios da rede e demonstrou que a desinstitucionaliza\u00e7\u00e3o vai al\u00e9m dos servi\u00e7os de sa\u00fade, envolvendo tamb\u00e9m cultura, trabalho, gest\u00e3o e ocupa\u00e7\u00e3o dos espa\u00e7os da cidade.<\/p>\n<p>&#13;<br \/>\n&#13;<br \/>\n&#13;<br \/>\n&#13;<br \/>\n&#13;<\/p>\n<article class=\"conteudo-relacionado no-print\">&#13;<br \/>\n        &#13;<br \/>\n&#13;<br \/>\n        &#13;<br \/>\n    <\/article>\n<p>&#13;<br \/>\n&#13;\n                <\/p><\/div>\n<p><br \/>\n<br \/><a href=\"https:\/\/limeira.sp.gov.br\/2-forum-de-saude-mental-reune-400-participantes-e-reforca-protagonismo-dos-atendidos-em-limeira\" rel=\"noopener\">Informa\u00e7\u00f5es da PML <\/a><\/p>\n","protected":false},"excerpt":{"rendered":"<p>&#13; &#13; &#13; &#13; &#13; &#13; &#13; &#13; &#13; &#13; \u00a0 &#13; O 2\u00ba F\u00f3rum de Sa\u00fade Mental de Limeira \u2013 Al\u00e9m dos Muros foi encerrado na sexta-feira (22), ap\u00f3s uma semana de atividades voltadas ao fortalecimento da Rede de Aten\u00e7\u00e3o Psicossocial (Raps) e \u00e0 valoriza\u00e7\u00e3o do cuidado em liberdade. A programa\u00e7\u00e3o reuniu cerca de [&hellip;]<\/p>\n","protected":false},"author":1,"featured_media":66713,"comment_status":"","ping_status":"open","sticky":false,"template":"","format":"standard","meta":{"_jetpack_newsletter_access":"","_jetpack_dont_email_post_to_subs":false,"_jetpack_newsletter_tier_id":0,"_jetpack_memberships_contains_paywalled_content":false,"_mbp_banners":[],"_jetpack_feature_clip_id":0,"_jetpack_memberships_contains_paid_content":false,"footnotes":"","jetpack_publicize_message":"","jetpack_publicize_feature_enabled":true,"jetpack_social_post_already_shared":true,"jetpack_social_options":{"image_generator_settings":{"template":"highway","default_image_id":0,"font":"","enabled":false},"version":2},"jetpack_post_was_ever_published":false},"categories":[16],"tags":[],"class_list":["post-66712","post","type-post","status-publish","format-standard","has-post-thumbnail","category-local"],"jetpack_publicize_connections":[],"jetpack-related-posts":[],"jetpack_shortlink":"https:\/\/wp.me\/p7Eq1F-hm0","jetpack_sharing_enabled":true,"jetpack_featured_media_url":"https:\/\/i0.wp.com\/guialimeira.com.br\/news\/wp-content\/uploads\/2026\/05\/m_137_0_3_19052026165736.jpg?fit=1024%2C682&ssl=1","_links":{"self":[{"href":"https:\/\/guialimeira.com.br\/news\/wp-json\/wp\/v2\/posts\/66712","targetHints":{"allow":["GET"]}}],"collection":[{"href":"https:\/\/guialimeira.com.br\/news\/wp-json\/wp\/v2\/posts"}],"about":[{"href":"https:\/\/guialimeira.com.br\/news\/wp-json\/wp\/v2\/types\/post"}],"author":[{"embeddable":true,"href":"https:\/\/guialimeira.com.br\/news\/wp-json\/wp\/v2\/users\/1"}],"replies":[{"embeddable":true,"href":"https:\/\/guialimeira.com.br\/news\/wp-json\/wp\/v2\/comments?post=66712"}],"version-history":[{"count":0,"href":"https:\/\/guialimeira.com.br\/news\/wp-json\/wp\/v2\/posts\/66712\/revisions"}],"wp:featuredmedia":[{"embeddable":true,"href":"https:\/\/guialimeira.com.br\/news\/wp-json\/wp\/v2\/media\/66713"}],"wp:attachment":[{"href":"https:\/\/guialimeira.com.br\/news\/wp-json\/wp\/v2\/media?parent=66712"}],"wp:term":[{"taxonomy":"category","embeddable":true,"href":"https:\/\/guialimeira.com.br\/news\/wp-json\/wp\/v2\/categories?post=66712"},{"taxonomy":"post_tag","embeddable":true,"href":"https:\/\/guialimeira.com.br\/news\/wp-json\/wp\/v2\/tags?post=66712"}],"curies":[{"name":"wp","href":"https:\/\/api.w.org\/{rel}","templated":true}]}}