{"id":6671,"date":"2024-05-28T08:18:42","date_gmt":"2024-05-28T11:18:42","guid":{"rendered":"https:\/\/guialimeira.com.br\/2024\/05\/28\/exploracao-de-petroleo-na-costa-brasileira-e-essencial-diz-magda\/"},"modified":"2024-05-28T08:18:42","modified_gmt":"2024-05-28T11:18:42","slug":"exploracao-de-petroleo-na-costa-brasileira-e-essencial-diz-magda","status":"publish","type":"post","link":"https:\/\/guialimeira.com.br\/news\/exploracao-de-petroleo-na-costa-brasileira-e-essencial-diz-magda\/","title":{"rendered":"Explora\u00e7\u00e3o de petr\u00f3leo na costa brasileira \u00e9 essencial, diz Magda"},"content":{"rendered":"<p> <br \/>\n<\/p>\n<div>\n<p>A nova presidente da Petrobras, Magda Chambriard, defendeu, nessa segunda-feira (27), que o avan\u00e7o das atividades explorat\u00f3rias na costa brasileira, incluindo a Margem Equatorial, \u00e9 essencial para garantir a seguran\u00e7a energ\u00e9tica do pa\u00eds e o abastecimento interno de combust\u00edveis. Em sua primeira entrevista depois de <a href=\"https:\/\/agenciabrasil.ebc.com.br\/geral\/noticia\/2024-05\/magda-chambriard-toma-posse-como-presidente-da-petrobras\" target=\"_blank\" rel=\"noopener\">tomar posse<\/a>, ela comentou a\u00a0situa\u00e7\u00e3o envolvendo o plano de explora\u00e7\u00e3o de petr\u00f3leo na foz do Rio Amazonas, que enfrenta resist\u00eancia no Minist\u00e9rio do Meio Ambiente e Mudan\u00e7a do Clima (MMA).\u00a0<img data-recalc-dims=\"1\" decoding=\"async\" src=\"https:\/\/i0.wp.com\/agenciabrasil.ebc.com.br\/ebc.png?w=696&#038;ssl=1\" style=\"width:1px; height:1px; display:inline;\"\/><img data-recalc-dims=\"1\" decoding=\"async\" src=\"https:\/\/i0.wp.com\/agenciabrasil.ebc.com.br\/ebc.gif?w=696&#038;ssl=1\" style=\"width:1px; height:1px; display:inline;\"\/><\/p>\n<p>Magda mencionou o compromisso assumido pela empresa de zerar as emiss\u00f5es de carbono em 2050, alcan\u00e7ando assim o net zero, express\u00e3o que vem sendo adotada mundialmente. &#8220;O MMA precisa ser mais esclarecido sobre a necessidade do pa\u00eds e da Petrobras de explorar petr\u00f3leo e g\u00e1s at\u00e9 para liderar a transi\u00e7\u00e3o energ\u00e9tica. Tem muito investimento sendo feito na dire\u00e7\u00e3o do net zero: projetos grandiosos de captura de CO2, produ\u00e7\u00e3o de energia renov\u00e1vel e derivados e petr\u00f3leo verdes, esfor\u00e7os na dire\u00e7\u00e3o do hidrog\u00eanio. Vamos investir nessa diversidade de gera\u00e7\u00e3o de energia&#8221;, afirmou.<\/p>\n<p>A Margem Equatorial se estende pelo litoral brasileiro do Rio Grande do Norte ao Amap\u00e1, englobando as bacias hidrogr\u00e1ficas da foz do Rio Amazonas, Par\u00e1-Maranh\u00e3o, Barreirinhas, Cear\u00e1 e Potiguar. \u00c9 uma regi\u00e3o geogr\u00e1fica considerada de grande potencial pelo setor de \u00f3leo e g\u00e1s. No seu Plano Estrat\u00e9gico 2024-2028, a Petrobras previu\u00a0investimentos de US$ 3,1 bilh\u00f5es para pesquisas na Margem Equatorial. A expectativa \u00e9 perfurar 16 po\u00e7os ao longo desses quatro anos.<\/p>\n<p>A explora\u00e7\u00e3o de petr\u00f3leo na foz do Amazonas, no entanto, desperta preocupa\u00e7\u00f5es de grupos ambientalistas, que veem risco de impactos \u00e0 biodiversidade. Em maio do ano passado, o Instituto Brasileiro do Meio Ambiente e dos Recursos Naturais Renov\u00e1veis (Ibama), autarquia vinculada ao MMA, negou o pedido da Petrobras para realizar atividade de perfura\u00e7\u00e3o mar\u00edtima do bloco FZA-M-59.<\/p>\n<p>A Petrobras apresentou pedido de reconsidera\u00e7\u00e3o. No m\u00eas passado, o Ibama considerou que a nova solicita\u00e7\u00e3o n\u00e3o pode ser analisada sem os estudos relativos ao impacto para os povos ind\u00edgenas. A estatal, no entanto, sustenta\u00a0que essa <a href=\"https:\/\/agenciabrasil.ebc.com.br\/geral\/noticia\/2024-05\/foz-do-amazonas-petrobras-contesta-pedido-de-estudo-feito-pelo-ibama\" target=\"_blank\" rel=\"noopener\">exig\u00eancia \u00e9 ilegal<\/a>\u00a0neste momento e que ela deve ser apresentada futuramente, em outra fase do processo de licenciamento.<\/p>\n<p>Magda defendeu a preocupa\u00e7\u00e3o da Petrobras com quest\u00f5es relacionadas \u00e0\u00a0sustentabilidade. &#8220;Estamos ofertando, em termos de cuidados com o meio ambiente, muito mais do que a lei demanda&#8221;, afirmou a presidente da Petrobras. De acordo com ela, a trajet\u00f3ria da empresa \u00e9 prova de sua preocupa\u00e7\u00e3o com a quest\u00e3o ambiental. Como exemplo, lembrou o surgimento do Programa Nacional do \u00c1lcool (Pro\u00e1lcool) na d\u00e9cada de 1970.<\/p>\n<p>&#8220;As cr\u00edticas eram enormes. Diziam que a Petrobras ia perder dinheiro. E a Petrobras liderou isso e fez acontecer. No in\u00edcio desse ano, o etanol era mais econ\u00f4mico que a gasolina em 21 estados brasileiros. Ent\u00e3o, a quest\u00e3o dos renov\u00e1veis vem numa l\u00f3gica negocial associada a um custo de oportunidade em um mundo que est\u00e1 olhando para o net zero. Isso tem um valor intang\u00edvel, tem valor empresarial, atrai financiamentos mais baratos. N\u00f3s temos tradi\u00e7\u00e3o nesse ramo e eu refuto um pouco a ideia de que a energia renov\u00e1vel d\u00e1 preju\u00edzo&#8221;.<\/p>\n<p>No cen\u00e1rio atual, ela mencionou o investimento em biorrefino. Na semana passada, a Petrobras\u00a0cancelou oficialmente o processo de <a href=\"http:\/\/\u00a0https:\/\/agenciabrasil.ebc.com.br\/economia\/noticia\/2024-05\/cade-da-aval-e-petrobras-cancela-privatizacao-de-tbg-e-5-refinarias\" target=\"_blank\" rel=\"noopener\">venda de cinco refinarias<\/a>\u00a0que haviam sido inclu\u00eddas no projeto de desestatiza\u00e7\u00e3o iniciado durante o governo anterior. O direcionamento do parque de refino para atender demandas de produ\u00e7\u00e3o de biocombust\u00edveis foi uma das justificativas apresentadas.<\/p>\n<p>&#8220;Todas as <em>majors<\/em>\u00a0(grandes empresas) de petr\u00f3leo s\u00e3o verticalizadas. Entre as grandes empresas internacionais, desconhe\u00e7o a que abre m\u00e3o de seus mercados. No passado, n\u00e3o sei por que, tendemos a abrir m\u00e3o de participa\u00e7\u00e3o no mercado de refino voluntariamente. Para mim, isso \u00e9 estranho. O refino agrega valor e enquanto agregador de valor nos interessa. Cada caso \u00e9 um caso. Mas se n\u00e3o fosse interessante, a Esso n\u00e3o estava investindo em expans\u00e3o do refino&#8221;, acrescentou Magda.<\/p>\n<p>A presidente da Petrobras tamb\u00e9m mencionou as estimativas de produ\u00e7\u00e3o de estatal, considerando as reservas atuais. &#8220;Vamos chegar a um pico em 2030. N\u00e3o vamos deixar de ser autossuficientes em 2030, por\u00e9m vamos come\u00e7ar a ter dificuldade de repor reservas. considerando o que j\u00e1 est\u00e1 descoberto. Mas n\u00e3o quer dizer que a gente n\u00e3o possa descobrir mais coisas no pr\u00e9-sal&#8221;, disse ela, acrescentando\u00a0que dificilmente ocorrer\u00e3o grandes descobertas. &#8220;Os esfor\u00e7os explorat\u00f3rios precisam ser mantidos, enfrentados, acelerados. \u00c9 um assunto de seguran\u00e7a do pa\u00eds&#8221;, afirmou.<\/p>\n<\/p><\/div>\n<p><br \/>\n<br \/><a href=\"https:\/\/agenciabrasil.ebc.com.br\/economia\/noticia\/2024-05\/exploracao-de-petroleo-na-costa-brasileira-e-essencial-diz-magda\" rel=\"noopener\">Ag\u00eancia Brasil<\/a><\/p>\n","protected":false},"excerpt":{"rendered":"<p>A nova presidente da Petrobras, Magda Chambriard, defendeu, nessa segunda-feira (27), que o avan\u00e7o das atividades explorat\u00f3rias na costa brasileira, incluindo a Margem Equatorial, \u00e9 essencial para garantir a seguran\u00e7a energ\u00e9tica do pa\u00eds e o abastecimento interno de combust\u00edveis. Em sua primeira entrevista depois de tomar posse, ela comentou a\u00a0situa\u00e7\u00e3o envolvendo o plano de explora\u00e7\u00e3o [&hellip;]<\/p>\n","protected":false},"author":1,"featured_media":6672,"comment_status":"open","ping_status":"open","sticky":false,"template":"","format":"standard","meta":{"_jetpack_newsletter_access":"","_jetpack_dont_email_post_to_subs":false,"_jetpack_newsletter_tier_id":0,"_jetpack_memberships_contains_paywalled_content":false,"_mbp_banners":[],"_jetpack_feature_clip_id":0,"_jetpack_memberships_contains_paid_content":false,"footnotes":"","jetpack_publicize_message":"","jetpack_publicize_feature_enabled":true,"jetpack_social_post_already_shared":true,"jetpack_social_options":{"image_generator_settings":{"template":"highway","default_image_id":0,"font":"","enabled":false},"version":2},"jetpack_post_was_ever_published":false},"categories":[24],"tags":[],"class_list":["post-6671","post","type-post","status-publish","format-standard","has-post-thumbnail","category-economia"],"jetpack_publicize_connections":[],"jetpack-related-posts":[],"jetpack_shortlink":"https:\/\/wp.me\/p7Eq1F-1JB","jetpack_sharing_enabled":true,"jetpack_featured_media_url":"https:\/\/i0.wp.com\/guialimeira.com.br\/news\/wp-content\/uploads\/2024\/05\/mg_5380.jpg?fit=1600%2C800&ssl=1","_links":{"self":[{"href":"https:\/\/guialimeira.com.br\/news\/wp-json\/wp\/v2\/posts\/6671","targetHints":{"allow":["GET"]}}],"collection":[{"href":"https:\/\/guialimeira.com.br\/news\/wp-json\/wp\/v2\/posts"}],"about":[{"href":"https:\/\/guialimeira.com.br\/news\/wp-json\/wp\/v2\/types\/post"}],"author":[{"embeddable":true,"href":"https:\/\/guialimeira.com.br\/news\/wp-json\/wp\/v2\/users\/1"}],"replies":[{"embeddable":true,"href":"https:\/\/guialimeira.com.br\/news\/wp-json\/wp\/v2\/comments?post=6671"}],"version-history":[{"count":0,"href":"https:\/\/guialimeira.com.br\/news\/wp-json\/wp\/v2\/posts\/6671\/revisions"}],"wp:featuredmedia":[{"embeddable":true,"href":"https:\/\/guialimeira.com.br\/news\/wp-json\/wp\/v2\/media\/6672"}],"wp:attachment":[{"href":"https:\/\/guialimeira.com.br\/news\/wp-json\/wp\/v2\/media?parent=6671"}],"wp:term":[{"taxonomy":"category","embeddable":true,"href":"https:\/\/guialimeira.com.br\/news\/wp-json\/wp\/v2\/categories?post=6671"},{"taxonomy":"post_tag","embeddable":true,"href":"https:\/\/guialimeira.com.br\/news\/wp-json\/wp\/v2\/tags?post=6671"}],"curies":[{"name":"wp","href":"https:\/\/api.w.org\/{rel}","templated":true}]}}