{"id":66703,"date":"2026-05-25T14:10:55","date_gmt":"2026-05-25T17:10:55","guid":{"rendered":"https:\/\/guialimeira.com.br\/felipe-penedo-solicita-medidas-para-reforcar-seguranca-viaria-na-avenida-lauro-correa-da-silva\/"},"modified":"2026-05-25T14:10:55","modified_gmt":"2026-05-25T17:10:55","slug":"felipe-penedo-solicita-medidas-para-reforcar-seguranca-viaria-na-avenida-lauro-correa-da-silva","status":"publish","type":"post","link":"https:\/\/guialimeira.com.br\/news\/felipe-penedo-solicita-medidas-para-reforcar-seguranca-viaria-na-avenida-lauro-correa-da-silva\/","title":{"rendered":"Felipe Penedo solicita medidas para refor\u00e7ar seguran\u00e7a vi\u00e1ria na Avenida Lauro Corr\u00eaa da Silva"},"content":{"rendered":"<p>Felipe Penedo solicita medidas para refor\u00e7ar seguran\u00e7a vi\u00e1ria na Avenida Lauro Corr\u00eaa da Silva<\/p>\n<p>Atendendo a pedidos de moradores e usu\u00e1rios do transporte coletivo, o vereador Felipe Penedo (PL) protocolou nesta segunda-feira, 25 de maio, a Indica\u00e7\u00e3o N\u00b0 2294\/2026, solicitando \u00e0 Prefeitura estudos t\u00e9cnicos para implanta\u00e7\u00e3o de medidas de seguran\u00e7a vi\u00e1ria na Avenida Lauro Corr\u00eaa da Silva, pr\u00f3ximo ao Condom\u00ednio Residencial Infinite. O objetivo, conforme a proposta, \u00e9 que a secretaria respons\u00e1vel avalie solu\u00e7\u00f5es adequadas \u00e0 din\u00e2mica da via, buscando reduzir o perigo de atropelamentos e melhorar a mobilidade urbana.<\/p>\n<p>Entre as solicita\u00e7\u00f5es apresentadas pelo parlamentar est\u00e3o a implanta\u00e7\u00e3o de redutor de velocidade, faixa elevada para travessia de pedestres, refor\u00e7o na sinaliza\u00e7\u00e3o e instala\u00e7\u00e3o de botoeiras no trecho, que registra grande fluxo de ve\u00edculos e intensa circula\u00e7\u00e3o de pedestres diariamente.<\/p>\n<p>Segundo Felipe Penedo, moradores da regi\u00e3o relataram preocupa\u00e7\u00e3o com a dificuldade para atravessar a avenida, principalmente nos hor\u00e1rios de pico, quando muitos usu\u00e1rios precisam acessar o ponto de \u00f4nibus localizado nas proximidades. \u201cRecebemos relatos constantes de moradores e usu\u00e1rios do transporte coletivo sobre os riscos enfrentados diariamente naquele trecho\u201d, pontuou.<\/p>\n<p>\u201cNosso pedido \u00e9 para que a Prefeitura realize um estudo t\u00e9cnico e avalie medidas que possam garantir mais seguran\u00e7a para pedestres, motoristas e toda a popula\u00e7\u00e3o que circula pela regi\u00e3o\u201d, destacou o vereador.<\/p>\n<p>O vereador ressalta que a iniciativa refor\u00e7a seu trabalho de fiscaliza\u00e7\u00e3o e encaminhamento de demandas realizado pelo seu gabinete junto \u00e0 popula\u00e7\u00e3o limeirense.<\/p>\n<p>Do Gabinete Parlamentar &#8211; Vereador Felipe Penedo (PL)<\/p>\n<p>*Fotos do Gabinete Parlamentar<\/p>\n<p>As mat\u00e9rias de origem dos Gabinetes Parlamentares s\u00e3o de inteira\u00a0 responsabilidade dos parlamentares e de suas assessorias. S\u00e3o devidamente assinadas e n\u00e3o refletem, necessariamente, a opini\u00e3o institucional da C\u00e2mara Municipal de Limeira.<\/p>\n<hr>\n<p><em>Fonte: <a href=\"https:\/\/www.limeira.sp.leg.br\/noticias\/view\/2026-05-25_felipe-penedo-solicita-medidas-para-reforcar-seguranca-viaria-na-avenida-lauro-correa-da-silva\" target=\"_blank\" rel=\"noopener\">C\u00e2mara Municipal de Limeira<\/a><\/em><\/p>\n","protected":false},"excerpt":{"rendered":"<p>Felipe Penedo solicita medidas para refor\u00e7ar seguran\u00e7a vi\u00e1ria na Avenida Lauro Corr\u00eaa da Silva<\/p>\n<p>Atendendo a pedidos de moradores e usu\u00e1rios do transporte coletivo, o vereador Felipe Penedo (PL) protocolou nesta segunda-feira, 25 de maio, a Indica\u00e7\u00e3o N\u00b0 2294\/2026, solicitando \u00e0 Prefeitura estudos t\u00e9c<\/p>\n","protected":false},"author":4,"featured_media":66702,"comment_status":"","ping_status":"open","sticky":false,"template":"","format":"standard","meta":{"_jetpack_newsletter_access":"","_jetpack_dont_email_post_to_subs":false,"_jetpack_newsletter_tier_id":0,"_jetpack_memberships_contains_paywalled_content":false,"_mbp_banners":[],"_jetpack_feature_clip_id":0,"_jetpack_memberships_contains_paid_content":false,"footnotes":"","jetpack_publicize_message":"","jetpack_publicize_feature_enabled":true,"jetpack_social_post_already_shared":true,"jetpack_social_options":{"image_generator_settings":{"template":"highway","default_image_id":0,"font":"","enabled":false},"version":2},"jetpack_post_was_ever_published":false},"categories":[19],"tags":[],"class_list":["post-66703","post","type-post","status-publish","format-standard","has-post-thumbnail","category-politica"],"jetpack_publicize_connections":[],"jetpack-related-posts":[],"jetpack_shortlink":"https:\/\/wp.me\/p7Eq1F-hlR","jetpack_sharing_enabled":true,"jetpack_featured_media_url":"https:\/\/i0.wp.com\/guialimeira.com.br\/news\/wp-content\/uploads\/2026\/05\/noticia-camara-94.jpg?fit=1280%2C640&ssl=1","_links":{"self":[{"href":"https:\/\/guialimeira.com.br\/news\/wp-json\/wp\/v2\/posts\/66703","targetHints":{"allow":["GET"]}}],"collection":[{"href":"https:\/\/guialimeira.com.br\/news\/wp-json\/wp\/v2\/posts"}],"about":[{"href":"https:\/\/guialimeira.com.br\/news\/wp-json\/wp\/v2\/types\/post"}],"author":[{"embeddable":true,"href":"https:\/\/guialimeira.com.br\/news\/wp-json\/wp\/v2\/users\/4"}],"replies":[{"embeddable":true,"href":"https:\/\/guialimeira.com.br\/news\/wp-json\/wp\/v2\/comments?post=66703"}],"version-history":[{"count":0,"href":"https:\/\/guialimeira.com.br\/news\/wp-json\/wp\/v2\/posts\/66703\/revisions"}],"wp:featuredmedia":[{"embeddable":true,"href":"https:\/\/guialimeira.com.br\/news\/wp-json\/wp\/v2\/media\/66702"}],"wp:attachment":[{"href":"https:\/\/guialimeira.com.br\/news\/wp-json\/wp\/v2\/media?parent=66703"}],"wp:term":[{"taxonomy":"category","embeddable":true,"href":"https:\/\/guialimeira.com.br\/news\/wp-json\/wp\/v2\/categories?post=66703"},{"taxonomy":"post_tag","embeddable":true,"href":"https:\/\/guialimeira.com.br\/news\/wp-json\/wp\/v2\/tags?post=66703"}],"curies":[{"name":"wp","href":"https:\/\/api.w.org\/{rel}","templated":true}]}}