{"id":66689,"date":"2026-05-25T12:17:16","date_gmt":"2026-05-25T15:17:16","guid":{"rendered":"https:\/\/guialimeira.com.br\/dia-d-arrecada-1-tonelada-de-doacoes-de-agasalhos-em-limeira\/"},"modified":"2026-05-25T12:17:16","modified_gmt":"2026-05-25T15:17:16","slug":"dia-d-arrecada-1-tonelada-de-doacoes-de-agasalhos-em-limeira","status":"publish","type":"post","link":"https:\/\/guialimeira.com.br\/news\/dia-d-arrecada-1-tonelada-de-doacoes-de-agasalhos-em-limeira\/","title":{"rendered":"\u201cDia D\u201d arrecada 1 tonelada de doa\u00e7\u00f5es de agasalhos em Limeira"},"content":{"rendered":"<p> <br \/>\n<\/p>\n<div>\n                <main class=\"\">&#13;<br \/>\n                    &#13;<br \/>\n&#13;<br \/>\n&#13;<br \/>\n&#13;<br \/>\n&#13;<br \/>\n&#13;<br \/>\n    <img data-recalc-dims=\"1\" decoding=\"async\" src=\"https:\/\/i0.wp.com\/ecrie.com.br\/sistema\/conteudos\/imagem\/m_137_0_1_25052026121510.jpeg?w=696&#038;ssl=1\" alt=\"\u201cDia D\u201d arrecada 1 tonelada de doa\u00e7\u00f5es de agasalhos em Limeira\"\/>&#13;<br \/>\n&#13;<br \/>\n&#13;<\/p>\n<p style=\"text-align: justify;\">O \u201cDia D\u201d da Campanha do Agasalho arrecadou 1 tonelada de doa\u00e7\u00f5es neste s\u00e1bado (23), em Limeira. Promovido pelo Fundo Social em parceria com a EPTV, a mobiliza\u00e7\u00e3o reuniu a solidariedade da popula\u00e7\u00e3o, que contribuiu com roupas de inverno, cobertores, mantas, cal\u00e7ados e outros itens destinados \u00e0s fam\u00edlias em situa\u00e7\u00e3o de vulnerabilidade.<\/p>\n<p>&#13;<\/p>\n<p style=\"text-align: justify;\">As doa\u00e7\u00f5es arrecadadas ser\u00e3o encaminhadas aos centros comunit\u00e1rios e aos servi\u00e7os socioassistenciais do munic\u00edpio, fortalecendo o atendimento \u00e0s pessoas que mais necessitam durante o per\u00edodo de baixas temperaturas.<\/p>\n<p>&#13;<\/p>\n<p style=\"text-align: justify;\">A presidente do Fundo Social, Carla Kalid, agradeceu o envolvimento da popula\u00e7\u00e3o e destacou a import\u00e2ncia da mobiliza\u00e7\u00e3o solid\u00e1ria. &#8220;Mesmo com o tempo inst\u00e1vel, a popula\u00e7\u00e3o abra\u00e7ou a campanha e contribuiu para aquecer fam\u00edlias que precisam desse apoio. Nossa gratid\u00e3o a todos que participaram e ajudaram a fazer a diferen\u00e7a na vida de tantas pessoas\u201d, afirmou.<\/p>\n<p>&#13;<\/p>\n<p style=\"text-align: justify;\"><strong>Campanha continua<\/strong><\/p>\n<p>&#13;<\/p>\n<p style=\"text-align: justify;\">A Campanha do Agasalho 2026 segue at\u00e9 o dia 15 de julho, com arrecada\u00e7\u00e3o de roupas de inverno, cobertores, mantas, cal\u00e7ados, roupas infantis, al\u00e9m de roupinhas e mantas para pets.<\/p>\n<p>&#13;<\/p>\n<p style=\"text-align: justify;\">A presidente do Fundo Social refor\u00e7a o convite para que a popula\u00e7\u00e3o continue participando da iniciativa. \u201cO Dia D foi um grande sucesso, mas a campanha continua. Cada doa\u00e7\u00e3o tem um impacto real na vida das fam\u00edlias atendidas. Convidamos a popula\u00e7\u00e3o a seguir contribuindo e fortalecendo essa corrente de solidariedade\u201d, ressaltou Carla Kalid.<\/p>\n<p>&#13;<\/p>\n<p style=\"text-align: justify;\">As doa\u00e7\u00f5es podem ser entregues em pontos de arrecada\u00e7\u00e3o distribu\u00eddos pela cidade, al\u00e9m do pr\u00f3prio Fundo Social de Limeira. O \u00f3rg\u00e3o orienta que os itens estejam limpos, em bom estado de conserva\u00e7\u00e3o e prontos para uso.<\/p>\n<p>&#13;<\/p>\n<p style=\"text-align: justify;\">Saiba onde doar:<a href=\"https:\/\/ecrie.com.br\/sistema\/%20https:\/www.limeira.sp.gov.br\/campanhadoagasalho\" rel=\"noopener\"> https:\/\/www.limeira.sp.gov.br\/campanhadoagasalho<\/a><\/p>\n<p>&#13;<\/p>\n<p style=\"text-align: justify;\">Essas pr\u00e1ticas est\u00e3o alinhadas ao Objetivo de Desenvolvimento Sustent\u00e1vel (ODS) 10, que visa \u00e0 redu\u00e7\u00e3o das desigualdades.<\/p>\n<p>&#13;<br \/>\n&#13;<br \/>\n&#13;<br \/>\n&#13;<\/p>\n<article class=\"conteudo-relacionado no-print\">&#13;<br \/>\n        &#13;<br \/>\n&#13;<br \/>\n        &#13;<br \/>\n    <\/article>\n<p>&#13;<br \/>\n&#13;<br \/>\n                <\/main><\/p><\/div>\n<p><br \/>\n<br \/><a href=\"https:\/\/limeira.sp.gov.br\/dia-d-arrecada-1-tonelada-de-doacoes-de-agasalhos-em-limeira\" rel=\"noopener\">Informa\u00e7\u00f5es da PML <\/a><\/p>\n","protected":false},"excerpt":{"rendered":"<p>&#13; &#13; &#13; &#13; &#13; &#13; &#13; &#13; &#13; &#13; O \u201cDia D\u201d da Campanha do Agasalho arrecadou 1 tonelada de doa\u00e7\u00f5es neste s\u00e1bado (23), em Limeira. Promovido pelo Fundo Social em parceria com a EPTV, a mobiliza\u00e7\u00e3o reuniu a solidariedade da popula\u00e7\u00e3o, que contribuiu com roupas de inverno, cobertores, mantas, cal\u00e7ados e outros itens [&hellip;]<\/p>\n","protected":false},"author":1,"featured_media":66690,"comment_status":"","ping_status":"open","sticky":false,"template":"","format":"standard","meta":{"_jetpack_newsletter_access":"","_jetpack_dont_email_post_to_subs":false,"_jetpack_newsletter_tier_id":0,"_jetpack_memberships_contains_paywalled_content":false,"_mbp_banners":[],"_jetpack_feature_clip_id":0,"_jetpack_memberships_contains_paid_content":false,"footnotes":"","jetpack_publicize_message":"","jetpack_publicize_feature_enabled":true,"jetpack_social_post_already_shared":true,"jetpack_social_options":{"image_generator_settings":{"template":"highway","default_image_id":0,"font":"","enabled":false},"version":2},"jetpack_post_was_ever_published":false},"categories":[16],"tags":[],"class_list":["post-66689","post","type-post","status-publish","format-standard","has-post-thumbnail","category-local"],"jetpack_publicize_connections":[],"jetpack-related-posts":[],"jetpack_shortlink":"https:\/\/wp.me\/p7Eq1F-hlD","jetpack_sharing_enabled":true,"jetpack_featured_media_url":"https:\/\/i0.wp.com\/guialimeira.com.br\/news\/wp-content\/uploads\/2026\/05\/m_137_0_1_25052026121510.jpeg?fit=1024%2C680&ssl=1","_links":{"self":[{"href":"https:\/\/guialimeira.com.br\/news\/wp-json\/wp\/v2\/posts\/66689","targetHints":{"allow":["GET"]}}],"collection":[{"href":"https:\/\/guialimeira.com.br\/news\/wp-json\/wp\/v2\/posts"}],"about":[{"href":"https:\/\/guialimeira.com.br\/news\/wp-json\/wp\/v2\/types\/post"}],"author":[{"embeddable":true,"href":"https:\/\/guialimeira.com.br\/news\/wp-json\/wp\/v2\/users\/1"}],"replies":[{"embeddable":true,"href":"https:\/\/guialimeira.com.br\/news\/wp-json\/wp\/v2\/comments?post=66689"}],"version-history":[{"count":0,"href":"https:\/\/guialimeira.com.br\/news\/wp-json\/wp\/v2\/posts\/66689\/revisions"}],"wp:featuredmedia":[{"embeddable":true,"href":"https:\/\/guialimeira.com.br\/news\/wp-json\/wp\/v2\/media\/66690"}],"wp:attachment":[{"href":"https:\/\/guialimeira.com.br\/news\/wp-json\/wp\/v2\/media?parent=66689"}],"wp:term":[{"taxonomy":"category","embeddable":true,"href":"https:\/\/guialimeira.com.br\/news\/wp-json\/wp\/v2\/categories?post=66689"},{"taxonomy":"post_tag","embeddable":true,"href":"https:\/\/guialimeira.com.br\/news\/wp-json\/wp\/v2\/tags?post=66689"}],"curies":[{"name":"wp","href":"https:\/\/api.w.org\/{rel}","templated":true}]}}