{"id":66685,"date":"2026-05-25T11:57:00","date_gmt":"2026-05-25T14:57:00","guid":{"rendered":"https:\/\/guialimeira.com.br\/vacinacao-contra-gripe-chega-a-populacao-em-situacao-de-rua-em-limeira\/"},"modified":"2026-05-25T11:57:00","modified_gmt":"2026-05-25T14:57:00","slug":"vacinacao-contra-gripe-chega-a-populacao-em-situacao-de-rua-em-limeira","status":"publish","type":"post","link":"https:\/\/guialimeira.com.br\/news\/vacinacao-contra-gripe-chega-a-populacao-em-situacao-de-rua-em-limeira\/","title":{"rendered":"Vacina\u00e7\u00e3o contra gripe chega \u00e0 popula\u00e7\u00e3o em situa\u00e7\u00e3o de rua em Limeira"},"content":{"rendered":"<p> <br \/>\n<\/p>\n<div>\n                <main class=\"\">&#13;<br \/>\n                    &#13;<br \/>\n&#13;<br \/>\n&#13;<br \/>\n&#13;<br \/>\n&#13;<br \/>\n&#13;<br \/>\n    <img data-recalc-dims=\"1\" decoding=\"async\" src=\"https:\/\/i0.wp.com\/ecrie.com.br\/sistema\/conteudos\/imagem\/m_137_0_1_25052026115514.jpg?w=696&#038;ssl=1\" alt=\"Vacina\u00e7\u00e3o contra gripe chega \u00e0 popula\u00e7\u00e3o em situa\u00e7\u00e3o de rua em Limeira\"\/>&#13;<br \/>\n&#13;<br \/>\n&#13;<\/p>\n<p>\u00a0<\/p>\n<p>&#13;<\/p>\n<p style=\"text-align: justify;\">A Prefeitura de Limeira realizou, na \u00faltima quinta-feira (21), mais uma a\u00e7\u00e3o itinerante de vacina\u00e7\u00e3o contra a gripe voltada \u00e0 popula\u00e7\u00e3o em situa\u00e7\u00e3o de rua. A iniciativa mobilizou servidores das divis\u00f5es de Vigil\u00e2ncia em Sa\u00fade e de Aten\u00e7\u00e3o Prim\u00e1ria, com apoio da Guarda Civil Municipal (GCM).<\/p>\n<p>&#13;<\/p>\n<p style=\"text-align: justify;\">Durante o trabalho, foram aplicadas 22 doses da vacina. As equipes percorreram a regi\u00e3o central da cidade, incluindo a linha f\u00e9rrea, al\u00e9m dos bairros Cecap, Parque das Na\u00e7\u00f5es, Boa Vista e Tatu. O Centro POP tamb\u00e9m integrou o roteiro da a\u00e7\u00e3o. Conforme diretrizes do Minist\u00e9rio da Sa\u00fade, pessoas em situa\u00e7\u00e3o de rua fazem parte do p\u00fablico priorit\u00e1rio da campanha de vacina\u00e7\u00e3o contra a gripe.<\/p>\n<p>&#13;<\/p>\n<p style=\"text-align: justify;\">Al\u00e9m desse grupo, tamb\u00e9m podem receber o imunizante crian\u00e7as de 6 meses a menores de 6 anos, idosos com 60 anos ou mais, gestantes, pu\u00e9rperas, trabalhadores da sa\u00fade, pessoas com defici\u00eancia permanente, pessoas com comorbidades, professores, integrantes das for\u00e7as de seguran\u00e7a e salvamento, caminhoneiros, trabalhadores do transporte coletivo urbano e de longo curso, funcion\u00e1rios dos Correios, entre outros p\u00fablicos definidos pelo governo federal.<\/p>\n<p>&#13;<\/p>\n<p style=\"text-align: justify;\">A vacina\u00e7\u00e3o contra a gripe segue dispon\u00edvel em 16 Unidades B\u00e1sicas de Sa\u00fade (UBSs) com sala de vacina\u00e7\u00e3o e no Ambulat\u00f3rio de Especialidades Rubi, de segunda a sexta-feira, das 8h \u00e0s 12h e das 13h \u00e0s 16h.<\/p>\n<p>&#13;<\/p>\n<p style=\"text-align: justify;\">Para receber o imunizante, \u00e9 necess\u00e1rio apresentar documento com foto, Cart\u00e3o SUS e carteira de vacina\u00e7\u00e3o. Menores de 18 anos devem estar acompanhados pelos pais ou respons\u00e1veis.<\/p>\n<p>&#13;<\/p>\n<p style=\"text-align: justify;\">A vacina \u00e9 gratuita e produzida pelo Instituto Butantan. Mais informa\u00e7\u00f5es podem ser consultadas no site da Prefeitura: <a href=\"https:\/\/www.limeira.sp.gov.br\/gripe?utm_source=chatgpt.com\" target=\"_blank\" rel=\"noopener\">www.limeira.sp.gov.br\/gripe<\/a><\/p>\n<p>&#13;<br \/>\n&#13;<br \/>\n&#13;<br \/>\n&#13;<br \/>\n&#13;<\/p>\n<article class=\"conteudo-relacionado no-print\">&#13;<br \/>\n        &#13;<br \/>\n&#13;<br \/>\n        &#13;<br \/>\n    <\/article>\n<p>&#13;<br \/>\n&#13;<br \/>\n                <\/main><\/p><\/div>\n<p><br \/>\n<br \/><a href=\"https:\/\/limeira.sp.gov.br\/vacinacao-contra-gripe-chega-a-populacao-em-situacao-de-rua-em-limeira\" rel=\"noopener\">Informa\u00e7\u00f5es da PML <\/a><\/p>\n","protected":false},"excerpt":{"rendered":"<p>&#13; &#13; &#13; &#13; &#13; &#13; &#13; &#13; &#13; &#13; \u00a0 &#13; A Prefeitura de Limeira realizou, na \u00faltima quinta-feira (21), mais uma a\u00e7\u00e3o itinerante de vacina\u00e7\u00e3o contra a gripe voltada \u00e0 popula\u00e7\u00e3o em situa\u00e7\u00e3o de rua. A iniciativa mobilizou servidores das divis\u00f5es de Vigil\u00e2ncia em Sa\u00fade e de Aten\u00e7\u00e3o Prim\u00e1ria, com apoio da Guarda [&hellip;]<\/p>\n","protected":false},"author":1,"featured_media":66686,"comment_status":"","ping_status":"open","sticky":false,"template":"","format":"standard","meta":{"_jetpack_newsletter_access":"","_jetpack_dont_email_post_to_subs":false,"_jetpack_newsletter_tier_id":0,"_jetpack_memberships_contains_paywalled_content":false,"_mbp_banners":[],"_jetpack_feature_clip_id":0,"_jetpack_memberships_contains_paid_content":false,"footnotes":"","jetpack_publicize_message":"","jetpack_publicize_feature_enabled":true,"jetpack_social_post_already_shared":true,"jetpack_social_options":{"image_generator_settings":{"template":"highway","default_image_id":0,"font":"","enabled":false},"version":2},"jetpack_post_was_ever_published":false},"categories":[16],"tags":[],"class_list":["post-66685","post","type-post","status-publish","format-standard","has-post-thumbnail","category-local"],"jetpack_publicize_connections":[],"jetpack-related-posts":[],"jetpack_shortlink":"https:\/\/wp.me\/p7Eq1F-hlz","jetpack_sharing_enabled":true,"jetpack_featured_media_url":"https:\/\/i0.wp.com\/guialimeira.com.br\/news\/wp-content\/uploads\/2026\/05\/m_137_0_1_25052026115514.jpg?fit=1024%2C681&ssl=1","_links":{"self":[{"href":"https:\/\/guialimeira.com.br\/news\/wp-json\/wp\/v2\/posts\/66685","targetHints":{"allow":["GET"]}}],"collection":[{"href":"https:\/\/guialimeira.com.br\/news\/wp-json\/wp\/v2\/posts"}],"about":[{"href":"https:\/\/guialimeira.com.br\/news\/wp-json\/wp\/v2\/types\/post"}],"author":[{"embeddable":true,"href":"https:\/\/guialimeira.com.br\/news\/wp-json\/wp\/v2\/users\/1"}],"replies":[{"embeddable":true,"href":"https:\/\/guialimeira.com.br\/news\/wp-json\/wp\/v2\/comments?post=66685"}],"version-history":[{"count":0,"href":"https:\/\/guialimeira.com.br\/news\/wp-json\/wp\/v2\/posts\/66685\/revisions"}],"wp:featuredmedia":[{"embeddable":true,"href":"https:\/\/guialimeira.com.br\/news\/wp-json\/wp\/v2\/media\/66686"}],"wp:attachment":[{"href":"https:\/\/guialimeira.com.br\/news\/wp-json\/wp\/v2\/media?parent=66685"}],"wp:term":[{"taxonomy":"category","embeddable":true,"href":"https:\/\/guialimeira.com.br\/news\/wp-json\/wp\/v2\/categories?post=66685"},{"taxonomy":"post_tag","embeddable":true,"href":"https:\/\/guialimeira.com.br\/news\/wp-json\/wp\/v2\/tags?post=66685"}],"curies":[{"name":"wp","href":"https:\/\/api.w.org\/{rel}","templated":true}]}}