{"id":66669,"date":"2026-05-25T09:18:14","date_gmt":"2026-05-25T12:18:14","guid":{"rendered":"https:\/\/guialimeira.com.br\/ultima-semana-de-inscricoes-para-o-cursinho-pre-vestibular-colmeia\/"},"modified":"2026-05-25T09:18:14","modified_gmt":"2026-05-25T12:18:14","slug":"ultima-semana-de-inscricoes-para-o-cursinho-pre-vestibular-colmeia","status":"publish","type":"post","link":"https:\/\/guialimeira.com.br\/news\/ultima-semana-de-inscricoes-para-o-cursinho-pre-vestibular-colmeia\/","title":{"rendered":"\u00daltima semana de inscri\u00e7\u00f5es para o Cursinho Pr\u00e9-Vestibular Colmeia"},"content":{"rendered":"<p> <br \/>\n<\/p>\n<div id=\"conteudo\">\n<p>    <img data-recalc-dims=\"1\" decoding=\"async\" src=\"https:\/\/i0.wp.com\/ecrie.com.br\/sistema\/conteudos\/imagem\/m_137_0_1_25052026091333.jpeg?w=696&#038;ssl=1\" alt=\"\u00daltima semana de inscri\u00e7\u00f5es para o Cursinho Pr\u00e9-Vestibular Colmeia\"\/><\/p>\n<p>Termina nesta sexta-feira, dia 29 de maio, o prazo de inscri\u00e7\u00f5es para o preenchimento de vagas remanescentes do Cursinho Pr\u00e9-Vestibular Colmeia, referentes ao segundo semestre de 2026. A iniciativa \u00e9 da Prefeitura de Limeira, por meio da Secretaria de Educa\u00e7\u00e3o, em parceria com a FCA\/Unicamp.<\/p>\n<p>Ao todo, est\u00e3o sendo disponibilizadas 130 vagas presenciais, divididas entre os per\u00edodos da tarde e da noite. O projeto \u00e9 destinado a jovens e adultos moradores de Limeira que desejam se preparar para vestibulares e processos seletivos de ingresso ao ensino superior.<\/p>\n<p>Para participar, os candidatos devem atender aos seguintes requisitos:<\/p>\n<p>Escolaridade: Ter conclu\u00eddo o Ensino M\u00e9dio ou estar cursando o 3\u00ba ano;<br \/>Restri\u00e7\u00e3o: N\u00e3o possuir diploma de curso superior;<br \/>Resid\u00eancia: Residir obrigatoriamente no munic\u00edpio de Limeira;<br \/>Renda: Possuir renda familiar mensal per capita de at\u00e9 dois sal\u00e1rios m\u00ednimos vigentes.<\/p>\n<p><strong>Inscri\u00e7\u00f5es<\/strong><br \/>O cadastro deve ser realizado exclusivamente pela internet, at\u00e9 sexta-feira (29), por meio do portal da Secretaria Municipal de Educa\u00e7\u00e3o: sme1.limeira.sp.gov.br, no link \u201cInscri\u00e7\u00e3o para Cursinho Pr\u00e9-Vestibular Colmeia\u201d.<\/p>\n<p>Os interessados dever\u00e3o preencher corretamente todos os campos da ficha de inscri\u00e7\u00e3o. Posteriormente, as informa\u00e7\u00f5es e a documenta\u00e7\u00e3o ser\u00e3o analisadas pela equipe t\u00e9cnica do Servi\u00e7o Social Educacional da Secretaria de Educa\u00e7\u00e3o para a valida\u00e7\u00e3o das vagas.<\/p>\n<p>O prefeito Murilo F\u00e9lix refor\u00e7ou o compromisso da administra\u00e7\u00e3o em criar pontes para o futuro dos jovens limeirenses. \u201cA parceria com a FCA\/Unicamp no Cursinho Colmeia \u00e9 uma das nossas ferramentas mais potentes de inclus\u00e3o social e desenvolvimento. Estamos oferecendo ensino gratuito e de alt\u00edssima qualidade para quem mais precisa. Esta \u00e9 a \u00faltima semana para garantir a inscri\u00e7\u00e3o, e o nosso chamado \u00e9 para que ningu\u00e9m perca essa oportunidade de transformar a sua realidade e a de sua fam\u00edlia por meio dos estudos\u201d, declarou.<\/p>\n<article class=\"conteudo-relacionado no-print\">&#13;<br \/>\n        &#13;<br \/>\n&#13;<br \/>\n        &#13;<br \/>\n    <\/article>\n<\/p><\/div>\n<p><br \/>\n<br \/><a href=\"https:\/\/limeira.sp.gov.br\/ultima-semana-de-inscricoes-para-o-cursinho-pre-vestibular-colmeia\" rel=\"noopener\">Informa\u00e7\u00f5es da PML <\/a><\/p>\n","protected":false},"excerpt":{"rendered":"<p>Termina nesta sexta-feira, dia 29 de maio, o prazo de inscri\u00e7\u00f5es para o preenchimento de vagas remanescentes do Cursinho Pr\u00e9-Vestibular Colmeia, referentes ao segundo semestre de 2026. A iniciativa \u00e9 da Prefeitura de Limeira, por meio da Secretaria de Educa\u00e7\u00e3o, em parceria com a FCA\/Unicamp. Ao todo, est\u00e3o sendo disponibilizadas 130 vagas presenciais, divididas entre [&hellip;]<\/p>\n","protected":false},"author":1,"featured_media":66670,"comment_status":"","ping_status":"open","sticky":false,"template":"","format":"standard","meta":{"_jetpack_newsletter_access":"","_jetpack_dont_email_post_to_subs":false,"_jetpack_newsletter_tier_id":0,"_jetpack_memberships_contains_paywalled_content":false,"_mbp_banners":[],"_jetpack_feature_clip_id":0,"_jetpack_memberships_contains_paid_content":false,"footnotes":"","jetpack_publicize_message":"","jetpack_publicize_feature_enabled":true,"jetpack_social_post_already_shared":true,"jetpack_social_options":{"image_generator_settings":{"template":"highway","default_image_id":0,"font":"","enabled":false},"version":2},"jetpack_post_was_ever_published":false},"categories":[16],"tags":[],"class_list":["post-66669","post","type-post","status-publish","format-standard","has-post-thumbnail","category-local"],"jetpack_publicize_connections":[],"jetpack-related-posts":[],"jetpack_shortlink":"https:\/\/wp.me\/p7Eq1F-hlj","jetpack_sharing_enabled":true,"jetpack_featured_media_url":"https:\/\/i0.wp.com\/guialimeira.com.br\/news\/wp-content\/uploads\/2026\/05\/m_137_0_1_25052026091333.jpeg?fit=1024%2C768&ssl=1","_links":{"self":[{"href":"https:\/\/guialimeira.com.br\/news\/wp-json\/wp\/v2\/posts\/66669","targetHints":{"allow":["GET"]}}],"collection":[{"href":"https:\/\/guialimeira.com.br\/news\/wp-json\/wp\/v2\/posts"}],"about":[{"href":"https:\/\/guialimeira.com.br\/news\/wp-json\/wp\/v2\/types\/post"}],"author":[{"embeddable":true,"href":"https:\/\/guialimeira.com.br\/news\/wp-json\/wp\/v2\/users\/1"}],"replies":[{"embeddable":true,"href":"https:\/\/guialimeira.com.br\/news\/wp-json\/wp\/v2\/comments?post=66669"}],"version-history":[{"count":0,"href":"https:\/\/guialimeira.com.br\/news\/wp-json\/wp\/v2\/posts\/66669\/revisions"}],"wp:featuredmedia":[{"embeddable":true,"href":"https:\/\/guialimeira.com.br\/news\/wp-json\/wp\/v2\/media\/66670"}],"wp:attachment":[{"href":"https:\/\/guialimeira.com.br\/news\/wp-json\/wp\/v2\/media?parent=66669"}],"wp:term":[{"taxonomy":"category","embeddable":true,"href":"https:\/\/guialimeira.com.br\/news\/wp-json\/wp\/v2\/categories?post=66669"},{"taxonomy":"post_tag","embeddable":true,"href":"https:\/\/guialimeira.com.br\/news\/wp-json\/wp\/v2\/tags?post=66669"}],"curies":[{"name":"wp","href":"https:\/\/api.w.org\/{rel}","templated":true}]}}