{"id":66668,"date":"2026-05-25T09:15:53","date_gmt":"2026-05-25T12:15:53","guid":{"rendered":"https:\/\/guialimeira.com.br\/vereador-cobra-medidas-contra-superpopulacao-de-capivaras-e-risco-de-febre-maculosa-em-limeira\/"},"modified":"2026-05-25T09:15:53","modified_gmt":"2026-05-25T12:15:53","slug":"vereador-cobra-medidas-contra-superpopulacao-de-capivaras-e-risco-de-febre-maculosa-em-limeira","status":"publish","type":"post","link":"https:\/\/guialimeira.com.br\/news\/vereador-cobra-medidas-contra-superpopulacao-de-capivaras-e-risco-de-febre-maculosa-em-limeira\/","title":{"rendered":"Vereador cobra medidas contra superpopula\u00e7\u00e3o de capivaras e risco de febre maculosa em Limeira"},"content":{"rendered":"<p>Vereador cobra medidas contra superpopula\u00e7\u00e3o de capivaras e risco de febre maculosa em Limeira<\/p>\n<p>O vereador Marcio do Estacionamento (DC) protocolou na \u00faltima quinta-feira, 21 de maio o Requerimento N\u00ba 460\/2026, exigindo provid\u00eancias da Prefeitura sobre a superpopula\u00e7\u00e3o de capivaras na \u00e1rea urbana. O documento foca na seguran\u00e7a vi\u00e1ria, na manuten\u00e7\u00e3o de espa\u00e7os p\u00fablicos e na preven\u00e7\u00e3o da febre maculosa, especialmente na regi\u00e3o do Parque Gino Archimedes Battiston, no Jardim do Lago.<\/p>\n<p>O parlamentar apontou que os animais migraram por c\u00f3rregos at\u00e9 as lagoas artificiais do parque, fixando-se no local devido \u00e0 aus\u00eancia de predadores e \u00e0 alimenta\u00e7\u00e3o inadequada fornecida por transeuntes. A situa\u00e7\u00e3o se agravou ap\u00f3s atos de vandalismo destru\u00edrem o gradil de prote\u00e7\u00e3o instalado no entorno das lagoas, permitindo que as capivaras invadissem as ruas do bairro. \u201cO risco real de acidentes ficou evidente na semana passada, quando uma capivara foi atropelada e morreu em uma rua da cidade&#8221;, destacou o vereador.<\/p>\n<p>&#8220;Deixar esses animais no asfalto, expostos a atropelamentos e comendo lixo, n\u00e3o \u00e9 prote\u00e7\u00e3o, \u00e9 abandono. Um animal morreu atropelado por um carro, mas se fosse um motociclista, a trag\u00e9dia poderia n\u00e3o ser somente a morte da capivara, mas tamb\u00e9m a do condutor ou do passageiro. O verdadeiro respeito \u00e0 vida selvagem \u00e9 fazer o manejo correto para uma reserva ambiental de verdade, longe dos perigos da cidade e garantindo a seguran\u00e7a da nossa popula\u00e7\u00e3o&#8221;, afirmou Marcio do Estacionamento.<\/p>\n<p>No requerimento, o vereador faz quatro cobran\u00e7as centrais \u00e0 Prefeitura: a elabora\u00e7\u00e3o de um plano de manejo e remo\u00e7\u00e3o, questionando a exist\u00eancia de estudos junto aos \u00f3rg\u00e3os ambientais, como Centro de Triagem e Reabilita\u00e7\u00e3o de Animais Silvestres (Cetas) e Instituto Brasileiro do Meio Ambiente e dos Recursos Naturais Renov\u00e1veis (Ibama), para a transfer\u00eancia de animais para reservas ecol\u00f3gicas fora da \u00e1rea urbana e medidas de preven\u00e7\u00e3o \u00e0 febre maculosa, com a solicita\u00e7\u00e3o de um cronograma de vistorias biol\u00f3gicas e aplica\u00e7\u00e3o de a\u00e7\u00f5es de controle do carrapato-estrela nas \u00e1reas afetadas.<\/p>\n<p>Al\u00e9m de a\u00e7\u00f5es de seguran\u00e7a e manuten\u00e7\u00e3o, exigindo o reparo imediato dos gradis danificados no Parque do Jardim do Lago e fiscaliza\u00e7\u00e3o contra vandalismo, bem como campanhas de conscientiza\u00e7\u00e3o educativas para alertar os moradores sobre a proibi\u00e7\u00e3o e os perigos de alimentar animais.<\/p>\n<p>Do Gabinete Parlamentar &#8211; Vereador M\u00e1rcio do Estacionamento (DC)<\/p>\n<p>*Fotos do Gabinete Parlamentar<\/p>\n<p>As mat\u00e9rias de origem dos Gabinetes Parlamentares s\u00e3o de inteira\u00a0 responsabilidade dos parlamentares e de suas assessorias. S\u00e3o devidamente assinadas e n\u00e3o refletem, necessariamente, a opini\u00e3o institucional da C\u00e2mara Municipal de Limeira.<\/p>\n<hr>\n<p><em>Fonte: <a href=\"https:\/\/www.limeira.sp.leg.br\/noticias\/view\/2026-05-25_vereador-cobra-medidas-contra-superpopulacao-de-capivaras-e-risco-de-febre-maculosa-em-limeira\" target=\"_blank\" rel=\"noopener\">C\u00e2mara Municipal de Limeira<\/a><\/em><\/p>\n","protected":false},"excerpt":{"rendered":"<p>Vereador cobra medidas contra superpopula\u00e7\u00e3o de capivaras e risco de febre maculosa em Limeira<\/p>\n<p>O vereador Marcio do Estacionamento (DC) protocolou na \u00faltima quinta-feira, 21 de maio o Requerimento N\u00ba 460\/2026, exigindo provid\u00eancias da Prefeitura sobre a superpopula\u00e7\u00e3o de capivaras na \u00e1rea urbana. O<\/p>\n","protected":false},"author":4,"featured_media":66667,"comment_status":"","ping_status":"open","sticky":false,"template":"","format":"standard","meta":{"_jetpack_newsletter_access":"","_jetpack_dont_email_post_to_subs":false,"_jetpack_newsletter_tier_id":0,"_jetpack_memberships_contains_paywalled_content":false,"_mbp_banners":[],"_jetpack_feature_clip_id":0,"_jetpack_memberships_contains_paid_content":false,"footnotes":"","jetpack_publicize_message":"","jetpack_publicize_feature_enabled":true,"jetpack_social_post_already_shared":true,"jetpack_social_options":{"image_generator_settings":{"template":"highway","default_image_id":0,"font":"","enabled":false},"version":2},"jetpack_post_was_ever_published":false},"categories":[19],"tags":[],"class_list":["post-66668","post","type-post","status-publish","format-standard","has-post-thumbnail","category-politica"],"jetpack_publicize_connections":[],"jetpack-related-posts":[],"jetpack_shortlink":"https:\/\/wp.me\/p7Eq1F-hli","jetpack_sharing_enabled":true,"jetpack_featured_media_url":"https:\/\/i0.wp.com\/guialimeira.com.br\/news\/wp-content\/uploads\/2026\/05\/noticia-camara-93.jpg?fit=1280%2C640&ssl=1","_links":{"self":[{"href":"https:\/\/guialimeira.com.br\/news\/wp-json\/wp\/v2\/posts\/66668","targetHints":{"allow":["GET"]}}],"collection":[{"href":"https:\/\/guialimeira.com.br\/news\/wp-json\/wp\/v2\/posts"}],"about":[{"href":"https:\/\/guialimeira.com.br\/news\/wp-json\/wp\/v2\/types\/post"}],"author":[{"embeddable":true,"href":"https:\/\/guialimeira.com.br\/news\/wp-json\/wp\/v2\/users\/4"}],"replies":[{"embeddable":true,"href":"https:\/\/guialimeira.com.br\/news\/wp-json\/wp\/v2\/comments?post=66668"}],"version-history":[{"count":0,"href":"https:\/\/guialimeira.com.br\/news\/wp-json\/wp\/v2\/posts\/66668\/revisions"}],"wp:featuredmedia":[{"embeddable":true,"href":"https:\/\/guialimeira.com.br\/news\/wp-json\/wp\/v2\/media\/66667"}],"wp:attachment":[{"href":"https:\/\/guialimeira.com.br\/news\/wp-json\/wp\/v2\/media?parent=66668"}],"wp:term":[{"taxonomy":"category","embeddable":true,"href":"https:\/\/guialimeira.com.br\/news\/wp-json\/wp\/v2\/categories?post=66668"},{"taxonomy":"post_tag","embeddable":true,"href":"https:\/\/guialimeira.com.br\/news\/wp-json\/wp\/v2\/tags?post=66668"}],"curies":[{"name":"wp","href":"https:\/\/api.w.org\/{rel}","templated":true}]}}