{"id":66644,"date":"2026-05-24T18:17:22","date_gmt":"2026-05-24T21:17:22","guid":{"rendered":"https:\/\/guialimeira.com.br\/prefeitura-repudia-crime-de-racismo-contra-guarda-municipal-de-limeira\/"},"modified":"2026-05-24T18:17:22","modified_gmt":"2026-05-24T21:17:22","slug":"prefeitura-repudia-crime-de-racismo-contra-guarda-municipal-de-limeira","status":"publish","type":"post","link":"https:\/\/guialimeira.com.br\/news\/prefeitura-repudia-crime-de-racismo-contra-guarda-municipal-de-limeira\/","title":{"rendered":"Prefeitura repudia crime de racismo contra guarda municipal de Limeira"},"content":{"rendered":"<p> <br \/>\n<\/p>\n<div>\n                <main class=\"\">&#13;<br \/>\n                    &#13;<br \/>\n&#13;<br \/>\n&#13;<br \/>\n&#13;<br \/>\n&#13;<br \/>\n&#13;<br \/>\n    <img data-recalc-dims=\"1\" decoding=\"async\" src=\"https:\/\/i0.wp.com\/ecrie.com.br\/sistema\/conteudos\/imagem\/m_137_0_1_03072025174958.jpg?w=696&#038;ssl=1\" alt=\"Prefeitura repudia crime de racismo contra guarda municipal de Limeira\"\/>&#13;<br \/>\n&#13;<br \/>\n&#13;<\/p>\n<p>A Prefeitura de Limeira, por meio da Secretaria de Seguran\u00e7a P\u00fablica e Defesa Civil, manifesta seu mais veemente rep\u00fadio ao crime de racismo praticado contra o guarda civil municipal Helv\u00e9cio, ocorrido neste domingo (24).<\/p>\n<p>&#13;<\/p>\n<p>Atos de discrimina\u00e7\u00e3o racial atentam contra a dignidade humana, violam os princ\u00edpios constitucionais da igualdade e do respeito e configuram crime previsto na legisla\u00e7\u00e3o brasileira. A administra\u00e7\u00e3o municipal refor\u00e7a que n\u00e3o compactua, em nenhuma hip\u00f3tese, com condutas dessa natureza, seja no \u00e2mbito institucional ou fora dele.<\/p>\n<p>&#13;<\/p>\n<p>A Guarda Civil Municipal (GCM) de Limeira pauta sua atua\u00e7\u00e3o pelos valores do respeito, da legalidade e da defesa dos direitos fundamentais. Seus integrantes merecem exercer suas fun\u00e7\u00f5es com seguran\u00e7a, dignidade e reconhecimento.<\/p>\n<p>&#13;<\/p>\n<p>O Prefeito Murilo F\u00e9lix e o secret\u00e1rio de Seguran\u00e7a P\u00fablica e Defesa Civil, Anderson Pereira, acompanham o caso e determinaram a ado\u00e7\u00e3o de todas as provid\u00eancias cab\u00edveis a fim de colaborar com as autoridades competentes para a rigorosa apura\u00e7\u00e3o dos fatos e a responsabiliza\u00e7\u00e3o dos envolvidos, nos termos da lei.<\/p>\n<p>&#13;<\/p>\n<p>A Prefeitura reafirma seu compromisso permanente com o combate ao racismo, prioridade desta gest\u00e3o desde o in\u00edcio. Em maio de 2025, foi recriado o Departamento de Promo\u00e7\u00e3o da Igualdade Racial, respons\u00e1vel pela formula\u00e7\u00e3o e implementa\u00e7\u00e3o de pol\u00edticas p\u00fablicas voltadas ao enfrentamento da discrimina\u00e7\u00e3o racial em Limeira. Al\u00e9m disso, a Central 156 tamb\u00e9m passou a receber e encaminhar den\u00fancias dessa natureza.<\/p>\n<p>&#13;<br \/>\n&#13;<br \/>\n&#13;<br \/>\n&#13;<\/p>\n<article class=\"conteudo-relacionado no-print\">&#13;<br \/>\n        &#13;<br \/>\n&#13;<br \/>\n        &#13;<br \/>\n    <\/article>\n<p>&#13;<br \/>\n&#13;<br \/>\n                <\/main><\/p><\/div>\n<p><br \/>\n<br \/><a href=\"https:\/\/limeira.sp.gov.br\/prefeitura-repudia-crime-de-racismo-contra-guarda-municipal-de-limeira\" rel=\"noopener\">Informa\u00e7\u00f5es da PML <\/a><\/p>\n","protected":false},"excerpt":{"rendered":"<p>&#13; &#13; &#13; &#13; &#13; &#13; &#13; &#13; &#13; &#13; A Prefeitura de Limeira, por meio da Secretaria de Seguran\u00e7a P\u00fablica e Defesa Civil, manifesta seu mais veemente rep\u00fadio ao crime de racismo praticado contra o guarda civil municipal Helv\u00e9cio, ocorrido neste domingo (24). &#13; Atos de discrimina\u00e7\u00e3o racial atentam contra a dignidade humana, violam [&hellip;]<\/p>\n","protected":false},"author":1,"featured_media":38122,"comment_status":"","ping_status":"open","sticky":false,"template":"","format":"standard","meta":{"_jetpack_newsletter_access":"","_jetpack_dont_email_post_to_subs":false,"_jetpack_newsletter_tier_id":0,"_jetpack_memberships_contains_paywalled_content":false,"_mbp_banners":[],"_jetpack_feature_clip_id":0,"_jetpack_memberships_contains_paid_content":false,"footnotes":"","jetpack_publicize_message":"","jetpack_publicize_feature_enabled":true,"jetpack_social_post_already_shared":true,"jetpack_social_options":{"image_generator_settings":{"template":"highway","default_image_id":0,"font":"","enabled":false},"version":2},"jetpack_post_was_ever_published":false},"categories":[16],"tags":[],"class_list":["post-66644","post","type-post","status-publish","format-standard","has-post-thumbnail","category-local"],"jetpack_publicize_connections":[],"jetpack-related-posts":[],"jetpack_shortlink":"https:\/\/wp.me\/p7Eq1F-hkU","jetpack_sharing_enabled":true,"jetpack_featured_media_url":"https:\/\/i0.wp.com\/guialimeira.com.br\/news\/wp-content\/uploads\/2025\/07\/m_137_0_1_03072025174958.jpg?fit=803%2C602&ssl=1","_links":{"self":[{"href":"https:\/\/guialimeira.com.br\/news\/wp-json\/wp\/v2\/posts\/66644","targetHints":{"allow":["GET"]}}],"collection":[{"href":"https:\/\/guialimeira.com.br\/news\/wp-json\/wp\/v2\/posts"}],"about":[{"href":"https:\/\/guialimeira.com.br\/news\/wp-json\/wp\/v2\/types\/post"}],"author":[{"embeddable":true,"href":"https:\/\/guialimeira.com.br\/news\/wp-json\/wp\/v2\/users\/1"}],"replies":[{"embeddable":true,"href":"https:\/\/guialimeira.com.br\/news\/wp-json\/wp\/v2\/comments?post=66644"}],"version-history":[{"count":0,"href":"https:\/\/guialimeira.com.br\/news\/wp-json\/wp\/v2\/posts\/66644\/revisions"}],"wp:featuredmedia":[{"embeddable":true,"href":"https:\/\/guialimeira.com.br\/news\/wp-json\/wp\/v2\/media\/38122"}],"wp:attachment":[{"href":"https:\/\/guialimeira.com.br\/news\/wp-json\/wp\/v2\/media?parent=66644"}],"wp:term":[{"taxonomy":"category","embeddable":true,"href":"https:\/\/guialimeira.com.br\/news\/wp-json\/wp\/v2\/categories?post=66644"},{"taxonomy":"post_tag","embeddable":true,"href":"https:\/\/guialimeira.com.br\/news\/wp-json\/wp\/v2\/tags?post=66644"}],"curies":[{"name":"wp","href":"https:\/\/api.w.org\/{rel}","templated":true}]}}