{"id":6661,"date":"2024-05-28T02:15:49","date_gmt":"2024-05-28T05:15:49","guid":{"rendered":"https:\/\/guialimeira.com.br\/2024\/05\/28\/empresas-de-sp-podem-apoiar-projetos-com-parte-do-valor-do-icms\/"},"modified":"2024-05-28T02:15:49","modified_gmt":"2024-05-28T05:15:49","slug":"empresas-de-sp-podem-apoiar-projetos-com-parte-do-valor-do-icms","status":"publish","type":"post","link":"https:\/\/guialimeira.com.br\/news\/empresas-de-sp-podem-apoiar-projetos-com-parte-do-valor-do-icms\/","title":{"rendered":"Empresas de SP podem apoiar projetos com parte do valor do ICMS"},"content":{"rendered":"<p> <br \/>\n<\/p>\n<div id=\"\">&#13;<br \/>\n                                <!-- Title -->&#13;<br \/>\n                                &#13;<br \/>\n&#13;<br \/>\n                                <!-- Excerpt -->&#13;<\/p>\n<p class=\"excerpt\">Empresas sediadas em SP podem apoiar projetos culturais com parte do valor do ICMS; valor dispon\u00edvel para este ano \u00e9 de R$ 100 milh\u00f5es<\/p>\n<p>&#13;<br \/>\n&#13;<br \/>\n                                &#13;\n                            <\/p><\/div>\n<div id=\"\">&#13;<\/p>\n<figure id=\"attachment_5852089\" style=\"width: 100%;max-width: 652px\" class=\"wp-caption alignnone\"><img data-recalc-dims=\"1\" decoding=\"async\" loading=\"lazy\" class=\" wp-image-5852089\" src=\"https:\/\/i0.wp.com\/www.saopaulo.sp.gov.br\/wp-content\/uploads\/2024\/03\/Foto-9-Trecho-de-aula-dos-cursos-de-ferias-que-fazem-parte-do-eixo-de-Extensao-Cultural-da-SPED-FotoLari-Davies-scaled-1-300x214.jpg?resize=652%2C465&#038;ssl=1\" alt=\"Capta\u00e7\u00e3o de recursos para o ProAC ICMS 2024 \" width=\"652\" height=\"465\" srcset=\"https:\/\/www.saopaulo.sp.gov.br\/wp-content\/uploads\/2024\/03\/Foto-9-Trecho-de-aula-dos-cursos-de-ferias-que-fazem-parte-do-eixo-de-Extensao-Cultural-da-SPED-FotoLari-Davies-scaled-1-300x214.jpg 300w, https:\/\/www.saopaulo.sp.gov.br\/wp-content\/uploads\/2024\/03\/Foto-9-Trecho-de-aula-dos-cursos-de-ferias-que-fazem-parte-do-eixo-de-Extensao-Cultural-da-SPED-FotoLari-Davies-scaled-1-1024x732.jpg 1024w, https:\/\/www.saopaulo.sp.gov.br\/wp-content\/uploads\/2024\/03\/Foto-9-Trecho-de-aula-dos-cursos-de-ferias-que-fazem-parte-do-eixo-de-Extensao-Cultural-da-SPED-FotoLari-Davies-scaled-1-768x549.jpg 768w, https:\/\/www.saopaulo.sp.gov.br\/wp-content\/uploads\/2024\/03\/Foto-9-Trecho-de-aula-dos-cursos-de-ferias-que-fazem-parte-do-eixo-de-Extensao-Cultural-da-SPED-FotoLari-Davies-scaled-1-1536x1097.jpg 1536w, https:\/\/www.saopaulo.sp.gov.br\/wp-content\/uploads\/2024\/03\/Foto-9-Trecho-de-aula-dos-cursos-de-ferias-que-fazem-parte-do-eixo-de-Extensao-Cultural-da-SPED-FotoLari-Davies-scaled-1-2048x1463.jpg 2048w\" sizes=\"auto, (max-width: 652px) 100vw, 652px\"\/><figcaption class=\"wp-caption-text\">ProAC ICMS \u00e9 a modalidade do Programa de A\u00e7\u00e3o Cultural de fomento paulista que funciona por meio de patroc\u00ednios incentivados e ren\u00fancia fiscal<\/figcaption><\/figure>\n<p>O Governo de S\u00e3o Paulo, por meio das Secretarias da Cultura, Economia e Ind\u00fastria Criativas e da Fazenda e Planejamento, abre, nesta segunda-feira (27), o sistema que permite a destina\u00e7\u00e3o de recursos a projetos culturais incentivados no ProAC ICMS 2024. O valor dispon\u00edvel para este ano \u00e9 de R$ 100 milh\u00f5es, e os artistas, grupos ou produtores interessados devem submeter seus projetos para an\u00e1lise. Para inscrever projetos e saber mais sobre o programa, basta acessar o <a href=\"http:\/\/www.proac.sp.gov.br\" rel=\"noopener\">www.proac.sp.gov.br<\/a><\/p>\n<p>\u201cIniciamos a capta\u00e7\u00e3o de recursos e convidamos todas as empresas sediadas em S\u00e3o Paulo para que possam apoiar uma ampla variedade de projetos culturais que temos no Estado\u201d, afirmou a secret\u00e1ria da Cultura, Economia e Ind\u00fastria Criativas, Mar\u00edlia Marton.<\/p>\n<p>O ProAC ICMS \u00e9 a modalidade do Programa de A\u00e7\u00e3o Cultural de fomento paulista que funciona por meio de patroc\u00ednios incentivados e ren\u00fancia fiscal. Os proponentes que tiverem projetos aprovados podem solicitar patroc\u00ednio a empresas sediadas em S\u00e3o Paulo que tenham interesse em apoiar as a\u00e7\u00f5es culturais com parte do valor do ICMS devido.<\/p>\n<p>O benef\u00edcio fiscal permite que o contribuinte patrocinador se credite de 100% do valor destinado ao patroc\u00ednio de projetos credenciados pela Secretaria da Cultura. Os contribuintes de ICMS que desejarem patrocinar projetos devem acessar o sistema da Secretaria da Fazenda e Planejamento (<a href=\"https:\/\/portal.fazenda.sp.gov.br\/servicos\/pac-pie\/\" rel=\"noopener\">https:\/\/portal.fazenda.sp.gov.br\/servicos\/pac-pie\/<\/a>).<\/p>\n<p>At\u00e9 o m\u00eas de abril deste ano, o ProAC ICMS j\u00e1 contava com 453 projetos inscritos, sendo 222 da capital e 231 do interior do Estado.<\/p>\n<p><strong>ProAC ICMS em 2024<\/strong><\/p>\n<p>Em 2024, o <a href=\"https:\/\/www.saopaulo.sp.gov.br\/spnoticias\/ultimas-noticias\/sp-abre-inscricoes-para-novos-projetos-culturais-em-programa-de-investimento\/\" rel=\"noopener\">Programa est\u00e1 de cara nova<\/a>, com atualiza\u00e7\u00f5es importantes em sua regulamenta\u00e7\u00e3o e com uma nova identidade visual. As mudan\u00e7as compreendem quest\u00f5es sobre execu\u00e7\u00e3o, que visam facilitar a compreens\u00e3o pela sociedade civil interessada, superar os pontos defasados, apresentar inova\u00e7\u00f5es e desburocratizar o funcionamento do programa.<\/p>\n<p>Dentre as altera\u00e7\u00f5es, est\u00e3o quest\u00f5es relacionadas \u00e0 presta\u00e7\u00e3o de contas, que seguir\u00e1 de acordo com o porte do projeto. Al\u00e9m disso, envolvem, tamb\u00e9m, a flexibilidade na ger\u00eancia financeira da proposta, solu\u00e7\u00e3o para rendimentos financeiros, medidas compensat\u00f3rias, entre outros.<\/p>\n<p>As atualiza\u00e7\u00f5es apresentadas na nova resolu\u00e7\u00e3o que regulamenta o ProAC ICMS n\u00e3o alteram as quest\u00f5es relacionadas \u00e0 Lei e ao Decreto, mas modernizam as normativas que regiam o Programa no \u00e2mbito da Secretaria da Cultura.<\/p>\n<\/p><\/div>\n<p><br \/>\n<br \/><a href=\"https:\/\/www.saopaulo.sp.gov.br\/spnoticias\/ultimas-noticias\/captacao-de-recursos-para-o-proac-icms-2024-comeca-nesta-segunda-feira-27\/\" rel=\"noopener\">Informa\u00e7\u00f5es GOV.SP<\/a><\/p>\n","protected":false},"excerpt":{"rendered":"<p>&#13; &#13; &#13; &#13; &#13; Empresas sediadas em SP podem apoiar projetos culturais com parte do valor do ICMS; valor dispon\u00edvel para este ano \u00e9 de R$ 100 milh\u00f5es &#13; &#13; &#13; &#13; ProAC ICMS \u00e9 a modalidade do Programa de A\u00e7\u00e3o Cultural de fomento paulista que funciona por meio de patroc\u00ednios incentivados e ren\u00fancia [&hellip;]<\/p>\n","protected":false},"author":1,"featured_media":6662,"comment_status":"open","ping_status":"open","sticky":false,"template":"","format":"standard","meta":{"_jetpack_newsletter_access":"","_jetpack_dont_email_post_to_subs":false,"_jetpack_newsletter_tier_id":0,"_jetpack_memberships_contains_paywalled_content":false,"_mbp_banners":[],"_jetpack_feature_clip_id":0,"_jetpack_memberships_contains_paid_content":false,"footnotes":"","jetpack_publicize_message":"","jetpack_publicize_feature_enabled":true,"jetpack_social_post_already_shared":true,"jetpack_social_options":{"image_generator_settings":{"template":"highway","default_image_id":0,"font":"","enabled":false},"version":2},"jetpack_post_was_ever_published":false},"categories":[21],"tags":[],"class_list":["post-6661","post","type-post","status-publish","format-standard","has-post-thumbnail","category-sp-news"],"jetpack_publicize_connections":[],"jetpack-related-posts":[],"jetpack_shortlink":"https:\/\/wp.me\/p7Eq1F-1Jr","jetpack_sharing_enabled":true,"jetpack_featured_media_url":"https:\/\/i0.wp.com\/guialimeira.com.br\/news\/wp-content\/uploads\/2024\/05\/Empresas-de-SP-podem-apoiar-projetos-com-parte-do-valor.jpg?fit=300%2C214&ssl=1","_links":{"self":[{"href":"https:\/\/guialimeira.com.br\/news\/wp-json\/wp\/v2\/posts\/6661","targetHints":{"allow":["GET"]}}],"collection":[{"href":"https:\/\/guialimeira.com.br\/news\/wp-json\/wp\/v2\/posts"}],"about":[{"href":"https:\/\/guialimeira.com.br\/news\/wp-json\/wp\/v2\/types\/post"}],"author":[{"embeddable":true,"href":"https:\/\/guialimeira.com.br\/news\/wp-json\/wp\/v2\/users\/1"}],"replies":[{"embeddable":true,"href":"https:\/\/guialimeira.com.br\/news\/wp-json\/wp\/v2\/comments?post=6661"}],"version-history":[{"count":0,"href":"https:\/\/guialimeira.com.br\/news\/wp-json\/wp\/v2\/posts\/6661\/revisions"}],"wp:featuredmedia":[{"embeddable":true,"href":"https:\/\/guialimeira.com.br\/news\/wp-json\/wp\/v2\/media\/6662"}],"wp:attachment":[{"href":"https:\/\/guialimeira.com.br\/news\/wp-json\/wp\/v2\/media?parent=6661"}],"wp:term":[{"taxonomy":"category","embeddable":true,"href":"https:\/\/guialimeira.com.br\/news\/wp-json\/wp\/v2\/categories?post=6661"},{"taxonomy":"post_tag","embeddable":true,"href":"https:\/\/guialimeira.com.br\/news\/wp-json\/wp\/v2\/tags?post=6661"}],"curies":[{"name":"wp","href":"https:\/\/api.w.org\/{rel}","templated":true}]}}