{"id":66492,"date":"2026-05-22T18:47:13","date_gmt":"2026-05-22T21:47:13","guid":{"rendered":"https:\/\/guialimeira.com.br\/defesa-civil-alerta-para-previsao-de-temporal-neste-sabado-23\/"},"modified":"2026-05-22T18:47:13","modified_gmt":"2026-05-22T21:47:13","slug":"defesa-civil-alerta-para-previsao-de-temporal-neste-sabado-23","status":"publish","type":"post","link":"https:\/\/guialimeira.com.br\/news\/defesa-civil-alerta-para-previsao-de-temporal-neste-sabado-23\/","title":{"rendered":"Defesa Civil alerta para previs\u00e3o de temporal neste s\u00e1bado (23)"},"content":{"rendered":"<p> <br \/>\n<\/p>\n<div>\n                <main class=\"\">&#13;<br \/>\n                    &#13;<br \/>\n&#13;<br \/>\n&#13;<br \/>\n&#13;<br \/>\n&#13;<br \/>\n&#13;<br \/>\n    <img data-recalc-dims=\"1\" decoding=\"async\" src=\"https:\/\/i0.wp.com\/ecrie.com.br\/sistema\/conteudos\/imagem\/m_137_0_1_26022026154249.jpeg?w=696&#038;ssl=1\" alt=\"Defesa Civil alerta para previs\u00e3o de temporal neste s\u00e1bado (23)\"\/>&#13;<br \/>\n&#13;<br \/>\n&#13;<\/p>\n<p>A Prefeitura de Limeira emite alerta \u00e0 popula\u00e7\u00e3o sobre a previs\u00e3o de chuvas fortes entre este s\u00e1bado (23) e domingo (24). A passagem de um sistema de baixa press\u00e3o pelo Estado de S\u00e3o Paulo deve atingir a regi\u00e3o de Campinas \u2014 da qual Limeira faz parte \u2014 com acumulados de at\u00e9 80 mm e rajadas de vento de at\u00e9 60 km\/h.<\/p>\n<p>&#13;<\/p>\n<p>Neste s\u00e1bado (23), as chuvas devem ser mais intensas ao longo do dia, com maior risco de alagamentos durante a manh\u00e3 e a tarde. No domingo, o sistema perde for\u00e7a gradualmente, mas o tempo segue inst\u00e1vel, com precipita\u00e7\u00f5es fracas a moderadas. As temperaturas permanecem amenas, com m\u00e1xima prevista de 22\u00b0C.<\/p>\n<p>&#13;<\/p>\n<p>&#8220;Este fim de semana exige aten\u00e7\u00e3o redobrada de todos os moradores. A Prefeitura est\u00e1 com a Defesa Civil em estado de prontid\u00e3o para responder rapidamente a qualquer ocorr\u00eancia. Pedimos que a popula\u00e7\u00e3o evite riscos desnecess\u00e1rios e acione os servi\u00e7os de emerg\u00eancia ao menor sinal de perigo&#8221;, afirma o prefeito Murilo F\u00e9lix.<\/p>\n<p>&#13;<\/p>\n<p>A Defesa Civil Municipal refor\u00e7a a import\u00e2ncia de evitar \u00e1reas de risco, como margens de c\u00f3rregos e vias sujeitas a alagamentos, e de n\u00e3o atravessar ruas tomadas pela \u00e1gua durante as chuvas.<\/p>\n<p>&#13;<\/p>\n<p>&#8220;As condi\u00e7\u00f5es previstas s\u00e3o severas. A Defesa Civil acompanha em tempo real os alertas emitidos pelo Estado e est\u00e1 preparada para agir. O mais importante \u00e9 que cada fam\u00edlia tome suas precau\u00e7\u00f5es e n\u00e3o subestime a for\u00e7a das chuvas&#8221;, destaca o secret\u00e1rio de Seguran\u00e7a P\u00fablica e Defesa Civil, Anderson Pereira.<\/p>\n<p>&#13;<\/p>\n<p>O alerta foi emitido pelo Centro de Gerenciamento de Emerg\u00eancias da Defesa Civil do Estado de S\u00e3o Paulo e abrange diversas regi\u00f5es, incluindo Campinas, Grande S\u00e3o Paulo, Sorocaba, Bauru e S\u00e3o Jos\u00e9 dos Campos. Em caso de emerg\u00eancia, a popula\u00e7\u00e3o deve acionar a Defesa Civil pelo 199 ou o Corpo de Bombeiros pelo 193.<\/p>\n<p>&#13;<br \/>\n&#13;<br \/>\n&#13;<br \/>\n&#13;<\/p>\n<article class=\"conteudo-relacionado no-print\">&#13;<br \/>\n        &#13;<br \/>\n&#13;<br \/>\n        &#13;<br \/>\n    <\/article>\n<p>&#13;<br \/>\n&#13;<br \/>\n                <\/main><\/p><\/div>\n<p><br \/>\n<br \/><a href=\"https:\/\/limeira.sp.gov.br\/defesa-civil-alerta-para-previsao-de-temporal-neste-sabado-23\" rel=\"noopener\">Informa\u00e7\u00f5es da PML <\/a><\/p>\n","protected":false},"excerpt":{"rendered":"<p>&#13; &#13; &#13; &#13; &#13; &#13; &#13; &#13; &#13; &#13; A Prefeitura de Limeira emite alerta \u00e0 popula\u00e7\u00e3o sobre a previs\u00e3o de chuvas fortes entre este s\u00e1bado (23) e domingo (24). A passagem de um sistema de baixa press\u00e3o pelo Estado de S\u00e3o Paulo deve atingir a regi\u00e3o de Campinas \u2014 da qual Limeira faz [&hellip;]<\/p>\n","protected":false},"author":1,"featured_media":56600,"comment_status":"","ping_status":"open","sticky":false,"template":"","format":"standard","meta":{"_jetpack_newsletter_access":"","_jetpack_dont_email_post_to_subs":false,"_jetpack_newsletter_tier_id":0,"_jetpack_memberships_contains_paywalled_content":false,"_mbp_banners":[],"_jetpack_feature_clip_id":0,"_jetpack_memberships_contains_paid_content":false,"footnotes":"","jetpack_publicize_message":"","jetpack_publicize_feature_enabled":true,"jetpack_social_post_already_shared":true,"jetpack_social_options":{"image_generator_settings":{"template":"highway","default_image_id":0,"font":"","enabled":false},"version":2},"jetpack_post_was_ever_published":false},"categories":[16],"tags":[],"class_list":["post-66492","post","type-post","status-publish","format-standard","has-post-thumbnail","category-local"],"jetpack_publicize_connections":[],"jetpack-related-posts":[],"jetpack_shortlink":"https:\/\/wp.me\/p7Eq1F-his","jetpack_sharing_enabled":true,"jetpack_featured_media_url":"https:\/\/i0.wp.com\/guialimeira.com.br\/news\/wp-content\/uploads\/2026\/02\/m_137_0_1_26022026154249.jpeg?fit=1024%2C576&ssl=1","_links":{"self":[{"href":"https:\/\/guialimeira.com.br\/news\/wp-json\/wp\/v2\/posts\/66492","targetHints":{"allow":["GET"]}}],"collection":[{"href":"https:\/\/guialimeira.com.br\/news\/wp-json\/wp\/v2\/posts"}],"about":[{"href":"https:\/\/guialimeira.com.br\/news\/wp-json\/wp\/v2\/types\/post"}],"author":[{"embeddable":true,"href":"https:\/\/guialimeira.com.br\/news\/wp-json\/wp\/v2\/users\/1"}],"replies":[{"embeddable":true,"href":"https:\/\/guialimeira.com.br\/news\/wp-json\/wp\/v2\/comments?post=66492"}],"version-history":[{"count":0,"href":"https:\/\/guialimeira.com.br\/news\/wp-json\/wp\/v2\/posts\/66492\/revisions"}],"wp:featuredmedia":[{"embeddable":true,"href":"https:\/\/guialimeira.com.br\/news\/wp-json\/wp\/v2\/media\/56600"}],"wp:attachment":[{"href":"https:\/\/guialimeira.com.br\/news\/wp-json\/wp\/v2\/media?parent=66492"}],"wp:term":[{"taxonomy":"category","embeddable":true,"href":"https:\/\/guialimeira.com.br\/news\/wp-json\/wp\/v2\/categories?post=66492"},{"taxonomy":"post_tag","embeddable":true,"href":"https:\/\/guialimeira.com.br\/news\/wp-json\/wp\/v2\/tags?post=66492"}],"curies":[{"name":"wp","href":"https:\/\/api.w.org\/{rel}","templated":true}]}}