{"id":66490,"date":"2026-05-22T18:42:09","date_gmt":"2026-05-22T21:42:09","guid":{"rendered":"https:\/\/guialimeira.com.br\/7o-dia-da-industria-reforca-importancia-do-setor-para-o-desenvolvimento-de-limeira\/"},"modified":"2026-05-22T18:42:09","modified_gmt":"2026-05-22T21:42:09","slug":"7o-dia-da-industria-reforca-importancia-do-setor-para-o-desenvolvimento-de-limeira","status":"publish","type":"post","link":"https:\/\/guialimeira.com.br\/news\/7o-dia-da-industria-reforca-importancia-do-setor-para-o-desenvolvimento-de-limeira\/","title":{"rendered":"7\u00ba Dia da Ind\u00fastria refor\u00e7a import\u00e2ncia do setor para o desenvolvimento de Limeira"},"content":{"rendered":"<p> <br \/>\n<\/p>\n<div id=\"\">&#13;<br \/>\n                    &#13;<br \/>\n&#13;<br \/>\n&#13;<br \/>\n&#13;<br \/>\n&#13;<br \/>\n&#13;<br \/>\n    <img data-recalc-dims=\"1\" decoding=\"async\" src=\"https:\/\/i0.wp.com\/ecrie.com.br\/sistema\/conteudos\/imagem\/m_137_1_1_22052026184102.jpg?w=696&#038;ssl=1\" alt=\"7\u00ba Dia da Ind\u00fastria refor\u00e7a import\u00e2ncia do setor para o desenvolvimento de Limeira\"\/>&#13;<br \/>\n&#13;<br \/>\n&#13;<\/p>\n<p style=\"text-align: justify;\">O 7\u00ba Dia da Ind\u00fastria, promovido pela Diretoria Regional do Ciesp Limeira, foi realizado nesta sexta-feira (22), na Fazenda Quilombo. O prefeito de Limeira, Murilo F\u00e9lix, e o vice-prefeito, Fabiano D\u2019Andr\u00e9a, participaram do evento, que tamb\u00e9m contou com a presen\u00e7a do 1\u00ba vice-presidente do Ciesp, Vandermir Francesconi J\u00fanior.<\/p>\n<p>&#13;<\/p>\n<p style=\"text-align: justify;\">O encontro reuniu empres\u00e1rios, autoridades municipais e estaduais, representantes de entidades e lideran\u00e7as do setor produtivo para destacar a import\u00e2ncia da ind\u00fastria no desenvolvimento econ\u00f4mico, na gera\u00e7\u00e3o de empregos e no fortalecimento da economia regional.<\/p>\n<p>&#13;<\/p>\n<p style=\"text-align: justify;\">Durante a cerim\u00f4nia, Murilo F\u00e9lix ressaltou o papel estrat\u00e9gico da ind\u00fastria para o munic\u00edpio. \u201cLimeira tem uma voca\u00e7\u00e3o industrial consolidada e eventos como este refor\u00e7am a import\u00e2ncia do di\u00e1logo entre poder p\u00fablico, empres\u00e1rios e entidades para estimular o desenvolvimento, a inova\u00e7\u00e3o e a competitividade\u201d, afirmou o prefeito.<\/p>\n<p>&#13;<\/p>\n<p style=\"text-align: justify;\">A programa\u00e7\u00e3o teve como palestrante convidada a secret\u00e1ria estadual de Meio Ambiente, Infraestrutura e Log\u00edstica, Nat\u00e1lia Resende, que abordou temas relacionados \u00e0 infraestrutura, desenvolvimento e sustentabilidade. \u201c\u00c9 um evento muito importante, que fortalece ainda mais a parceria entre o Governo do Estado de S\u00e3o Paulo e a Prefeitura de Limeira. Podemos citar a\u00e7\u00f5es relevantes, como a vinda da Fatec para Limeira, al\u00e9m de outros programas voltados ao desenvolvimento do munic\u00edpio\u201d, destacou a secret\u00e1ria estadual.<\/p>\n<p>&#13;<\/p>\n<p style=\"text-align: justify;\">A edi\u00e7\u00e3o deste ano tamb\u00e9m marcou os 45 anos de funda\u00e7\u00e3o do Ciesp-Limeira, entidade que atua na representa\u00e7\u00e3o e no fortalecimento das ind\u00fastrias de Limeira, Cordeir\u00f3polis, Engenheiro Coelho e Iracem\u00e1polis. Durante a solenidade, lideran\u00e7as destacaram a trajet\u00f3ria da entidade e sua contribui\u00e7\u00e3o para o desenvolvimento regional. \u201cLimeira \u00e9 uma cidade com forte voca\u00e7\u00e3o empreendedora. Mesmo diante dos desafios, nossos empres\u00e1rios seguem investindo, produzindo e acreditando no potencial do munic\u00edpio, do estado e do pa\u00eds\u201d, salientou o diretor-titular do Ciesp-Limeira, Jos\u00e9 M\u00e1rio Bozza Gazzetta.<\/p>\n<p>&#13;<\/p>\n<p style=\"text-align: justify;\">Homenagem<\/p>\n<p>&#13;<\/p>\n<p style=\"text-align: justify;\">Durante o evento, os empres\u00e1rios Wagner Zutin Furlan e Valter Zutin Furlan, da M\u00e1quinas Furlan, receberam o Pr\u00eamio Ciesp Empreender 2026. A homenagem reconheceu a trajet\u00f3ria empresarial da fam\u00edlia e a contribui\u00e7\u00e3o da empresa para o desenvolvimento industrial de Limeira e da regi\u00e3o.<\/p>\n<p>&#13;<\/p>\n<p style=\"text-align: justify;\">\u201cReceber essa homenagem do Ciesp \u00e9 motivo de muito orgulho para nossa fam\u00edlia e para todos que fazem parte da hist\u00f3ria da M\u00e1quinas Furlan. Seguimos acreditando no potencial da ind\u00fastria, na for\u00e7a do trabalho e no desenvolvimento de Limeira e da nossa regi\u00e3o\u201d, afirmaram os empres\u00e1rios.<\/p>\n<p>&#13;<br \/>\n&#13;<br \/>\n    &#13;<\/p>\n<div class=\"gallery__container\">\n            <a class=\"gallery__item\" href=\"https:\/\/i0.wp.com\/ecrie.com.br\/sistema\/conteudos\/imagem\/g_137_0_2_22052026184102.jpg?ssl=1\" target=\"_blank\" title=\"Dia da Ind\u00fastria2\" rel=\"noopener\">&#13;<br \/>\n                <img data-recalc-dims=\"1\" decoding=\"async\" class=\"gallery__img\" src=\"https:\/\/i0.wp.com\/ecrie.com.br\/sistema\/conteudos\/imagem\/p_137_0_2_22052026184102.jpg?w=696&#038;ssl=1\" alt=\"Dia da Ind\u00fastria2\" onload=\"resizePhoto(this);\"\/>&#13;<br \/>\n            <\/a>\n    <\/div>\n<p>&#13;<br \/>\n&#13;<br \/>\n&#13;<\/p>\n<article class=\"conteudo-relacionado no-print\">&#13;<br \/>\n        &#13;<br \/>\n&#13;<br \/>\n        &#13;<br \/>\n    <\/article>\n<p>&#13;<br \/>\n&#13;\n                <\/p><\/div>\n<p><br \/>\n<br \/><a href=\"https:\/\/limeira.sp.gov.br\/7-dia-da-industria-reforca-importancia-do-setor-para-o-desenvolvimento-de-limeira\" rel=\"noopener\">Informa\u00e7\u00f5es da PML <\/a><\/p>\n","protected":false},"excerpt":{"rendered":"<p>&#13; &#13; &#13; &#13; &#13; &#13; &#13; &#13; &#13; &#13; O 7\u00ba Dia da Ind\u00fastria, promovido pela Diretoria Regional do Ciesp Limeira, foi realizado nesta sexta-feira (22), na Fazenda Quilombo. O prefeito de Limeira, Murilo F\u00e9lix, e o vice-prefeito, Fabiano D\u2019Andr\u00e9a, participaram do evento, que tamb\u00e9m contou com a presen\u00e7a do 1\u00ba vice-presidente do Ciesp, [&hellip;]<\/p>\n","protected":false},"author":1,"featured_media":66491,"comment_status":"","ping_status":"open","sticky":false,"template":"","format":"standard","meta":{"_jetpack_newsletter_access":"","_jetpack_dont_email_post_to_subs":false,"_jetpack_newsletter_tier_id":0,"_jetpack_memberships_contains_paywalled_content":false,"_mbp_banners":[],"_jetpack_feature_clip_id":0,"_jetpack_memberships_contains_paid_content":false,"footnotes":"","jetpack_publicize_message":"","jetpack_publicize_feature_enabled":true,"jetpack_social_post_already_shared":true,"jetpack_social_options":{"image_generator_settings":{"template":"highway","default_image_id":0,"font":"","enabled":false},"version":2},"jetpack_post_was_ever_published":false},"categories":[16],"tags":[],"class_list":["post-66490","post","type-post","status-publish","format-standard","has-post-thumbnail","category-local"],"jetpack_publicize_connections":[],"jetpack-related-posts":[],"jetpack_shortlink":"https:\/\/wp.me\/p7Eq1F-hiq","jetpack_sharing_enabled":true,"jetpack_featured_media_url":"https:\/\/i0.wp.com\/guialimeira.com.br\/news\/wp-content\/uploads\/2026\/05\/m_137_1_1_22052026184102.jpg?fit=1024%2C682&ssl=1","_links":{"self":[{"href":"https:\/\/guialimeira.com.br\/news\/wp-json\/wp\/v2\/posts\/66490","targetHints":{"allow":["GET"]}}],"collection":[{"href":"https:\/\/guialimeira.com.br\/news\/wp-json\/wp\/v2\/posts"}],"about":[{"href":"https:\/\/guialimeira.com.br\/news\/wp-json\/wp\/v2\/types\/post"}],"author":[{"embeddable":true,"href":"https:\/\/guialimeira.com.br\/news\/wp-json\/wp\/v2\/users\/1"}],"replies":[{"embeddable":true,"href":"https:\/\/guialimeira.com.br\/news\/wp-json\/wp\/v2\/comments?post=66490"}],"version-history":[{"count":0,"href":"https:\/\/guialimeira.com.br\/news\/wp-json\/wp\/v2\/posts\/66490\/revisions"}],"wp:featuredmedia":[{"embeddable":true,"href":"https:\/\/guialimeira.com.br\/news\/wp-json\/wp\/v2\/media\/66491"}],"wp:attachment":[{"href":"https:\/\/guialimeira.com.br\/news\/wp-json\/wp\/v2\/media?parent=66490"}],"wp:term":[{"taxonomy":"category","embeddable":true,"href":"https:\/\/guialimeira.com.br\/news\/wp-json\/wp\/v2\/categories?post=66490"},{"taxonomy":"post_tag","embeddable":true,"href":"https:\/\/guialimeira.com.br\/news\/wp-json\/wp\/v2\/tags?post=66490"}],"curies":[{"name":"wp","href":"https:\/\/api.w.org\/{rel}","templated":true}]}}