{"id":66484,"date":"2026-05-22T17:41:00","date_gmt":"2026-05-22T20:41:00","guid":{"rendered":"https:\/\/guialimeira.com.br\/everton-ferreira-representa-camara-no-7o-dia-da-industria-promovido-pelo-ciesp-limeira\/"},"modified":"2026-05-22T17:41:00","modified_gmt":"2026-05-22T20:41:00","slug":"everton-ferreira-representa-camara-no-7o-dia-da-industria-promovido-pelo-ciesp-limeira","status":"publish","type":"post","link":"https:\/\/guialimeira.com.br\/news\/everton-ferreira-representa-camara-no-7o-dia-da-industria-promovido-pelo-ciesp-limeira\/","title":{"rendered":"Everton Ferreira representa C\u00e2mara no 7\u00ba Dia da Ind\u00fastria promovido pelo Ciesp Limeira"},"content":{"rendered":"<p>Everton Ferreira representa C\u00e2mara no 7\u00ba Dia da Ind\u00fastria promovido pelo Ciesp Limeira<\/p>\n<p>O presidente da C\u00e2mara Municipal de Limeira, Everton Ferreira (PSD), representou o Legislativo limeirense no 7\u00ba Dia da Ind\u00fastria, promovido pelo Centro das Ind\u00fastrias do Estado de S\u00e3o Paulo Limeira (Ciesp), realizado nesta sexta-feira, 22 de maio, na hist\u00f3rica Fazenda Quilombo.<\/p>\n<p>Segundo o parlamentar, o encontro reuniu empres\u00e1rios, representantes do setor produtivo, autoridades pol\u00edticas e lideran\u00e7as regionais em uma programa\u00e7\u00e3o voltada ao fortalecimento da ind\u00fastria, gera\u00e7\u00e3o de empregos, desenvolvimento econ\u00f4mico e discuss\u00e3o de estrat\u00e9gias para ampliar a competitividade da regi\u00e3o.<\/p>\n<p>Durante o evento, Everton Ferreira destacou a import\u00e2ncia da ind\u00fastria para o crescimento econ\u00f4mico de Limeira e para a gera\u00e7\u00e3o de oportunidades. \u201cA ind\u00fastria movimenta a economia, gera empregos, renda e desenvolvimento. Limeira tem uma voca\u00e7\u00e3o industrial muito forte e \u00e9 fundamental manter o di\u00e1logo entre o setor produtivo e o poder p\u00fablico\u201d, afirmou o presidente da C\u00e2mara.<\/p>\n<p>Do Gabinete da Presid\u00eancia<\/p>\n<p>*Fotos do Gabinete da Presid\u00eancia<\/p>\n<p>As mat\u00e9rias de origem dos Gabinetes Parlamentares s\u00e3o de inteira\u00a0 responsabilidade dos parlamentares e de suas assessorias. S\u00e3o devidamente assinadas e n\u00e3o refletem, necessariamente, a opini\u00e3o institucional da C\u00e2mara Municipal de Limeira.<\/p>\n<hr>\n<p><em>Fonte: <a href=\"https:\/\/www.limeira.sp.leg.br\/noticias\/view\/2026-05-22_everton-ferreira-representa-camara-no-7-dia-da-industria-promovido-pelo-ciesp-limeira\" target=\"_blank\" rel=\"noopener\">C\u00e2mara Municipal de Limeira<\/a><\/em><\/p>\n","protected":false},"excerpt":{"rendered":"<p>Everton Ferreira representa C\u00e2mara no 7\u00ba Dia da Ind\u00fastria promovido pelo Ciesp Limeira<\/p>\n<p>O presidente da C\u00e2mara Municipal de Limeira, Everton Ferreira (PSD), representou o Legislativo limeirense no 7\u00ba Dia da Ind\u00fastria, promovido pelo Centro das Ind\u00fastrias do Estado de S\u00e3o Paulo Limeira (Ciesp), reali<\/p>\n","protected":false},"author":4,"featured_media":66483,"comment_status":"","ping_status":"open","sticky":false,"template":"","format":"standard","meta":{"_jetpack_newsletter_access":"","_jetpack_dont_email_post_to_subs":false,"_jetpack_newsletter_tier_id":0,"_jetpack_memberships_contains_paywalled_content":false,"_mbp_banners":[],"_jetpack_feature_clip_id":0,"_jetpack_memberships_contains_paid_content":false,"footnotes":"","jetpack_publicize_message":"","jetpack_publicize_feature_enabled":true,"jetpack_social_post_already_shared":true,"jetpack_social_options":{"image_generator_settings":{"template":"highway","default_image_id":0,"font":"","enabled":false},"version":2},"jetpack_post_was_ever_published":false},"categories":[19],"tags":[],"class_list":["post-66484","post","type-post","status-publish","format-standard","has-post-thumbnail","category-politica"],"jetpack_publicize_connections":[],"jetpack-related-posts":[],"jetpack_shortlink":"https:\/\/wp.me\/p7Eq1F-hik","jetpack_sharing_enabled":true,"jetpack_featured_media_url":"https:\/\/i0.wp.com\/guialimeira.com.br\/news\/wp-content\/uploads\/2026\/05\/noticia-camara-92.jpg?fit=1280%2C640&ssl=1","_links":{"self":[{"href":"https:\/\/guialimeira.com.br\/news\/wp-json\/wp\/v2\/posts\/66484","targetHints":{"allow":["GET"]}}],"collection":[{"href":"https:\/\/guialimeira.com.br\/news\/wp-json\/wp\/v2\/posts"}],"about":[{"href":"https:\/\/guialimeira.com.br\/news\/wp-json\/wp\/v2\/types\/post"}],"author":[{"embeddable":true,"href":"https:\/\/guialimeira.com.br\/news\/wp-json\/wp\/v2\/users\/4"}],"replies":[{"embeddable":true,"href":"https:\/\/guialimeira.com.br\/news\/wp-json\/wp\/v2\/comments?post=66484"}],"version-history":[{"count":0,"href":"https:\/\/guialimeira.com.br\/news\/wp-json\/wp\/v2\/posts\/66484\/revisions"}],"wp:featuredmedia":[{"embeddable":true,"href":"https:\/\/guialimeira.com.br\/news\/wp-json\/wp\/v2\/media\/66483"}],"wp:attachment":[{"href":"https:\/\/guialimeira.com.br\/news\/wp-json\/wp\/v2\/media?parent=66484"}],"wp:term":[{"taxonomy":"category","embeddable":true,"href":"https:\/\/guialimeira.com.br\/news\/wp-json\/wp\/v2\/categories?post=66484"},{"taxonomy":"post_tag","embeddable":true,"href":"https:\/\/guialimeira.com.br\/news\/wp-json\/wp\/v2\/tags?post=66484"}],"curies":[{"name":"wp","href":"https:\/\/api.w.org\/{rel}","templated":true}]}}