{"id":66480,"date":"2026-05-22T17:07:32","date_gmt":"2026-05-22T20:07:32","guid":{"rendered":"https:\/\/guialimeira.com.br\/toledo-barros-recebe-drive-thru-da-campanha-do-agasalho-neste-sabado-23\/"},"modified":"2026-05-22T17:07:32","modified_gmt":"2026-05-22T20:07:32","slug":"toledo-barros-recebe-drive-thru-da-campanha-do-agasalho-neste-sabado-23","status":"publish","type":"post","link":"https:\/\/guialimeira.com.br\/news\/toledo-barros-recebe-drive-thru-da-campanha-do-agasalho-neste-sabado-23\/","title":{"rendered":"Toledo Barros recebe drive-thru da Campanha do Agasalho neste s\u00e1bado (23)"},"content":{"rendered":"<p> <br \/>\n<\/p>\n<div id=\"\">&#13;<br \/>\n                    &#13;<br \/>\n&#13;<br \/>\n&#13;<br \/>\n&#13;<\/p>\n<header class=\"list-header\">&#13;<br \/>\n    &#13;<br \/>\n&#13;<\/p>\n<nav class=\"breadcrumbs__container no-print\">&#13;<br \/>\n    <a class=\"breadcrumbs__item\" href=\"https:\/\/limeira.sp.gov.br\/\" rel=\"noopener\">In\u00edcio<\/a>&#13;<br \/>\n&#13;<br \/>\n&#13;<br \/>\n&#13;<br \/>\n<\/nav>\n<p>&#13;<br \/>\n&#13;<br \/>\n    &#13;<br \/>\n&#13;<\/p>\n<p class=\"page-description\">&#13;<br \/>\n            A\u00e7\u00e3o \u00e9 promovida pela EPTV em parceria com o Fundo Social e aceita doa\u00e7\u00f5es de roupas de inverno, cobertores, cal\u00e7ados e itens para pets&#13;<br \/>\n&#13;\n        <\/p>\n<p>&#13;<br \/>\n&#13;<br \/>\n    &#13;<br \/>\n<\/header>\n<p>&#13;<br \/>\n&#13;<br \/>\n    <img data-recalc-dims=\"1\" decoding=\"async\" src=\"https:\/\/i0.wp.com\/ecrie.com.br\/sistema\/conteudos\/imagem\/m_137_0_1_20052026154509.jpeg?w=696&#038;ssl=1\" alt=\"Toledo Barros recebe drive-thru da Campanha do Agasalho neste s\u00e1bado (23)\"\/>&#13;<br \/>\n&#13;<br \/>\n&#13;<\/p>\n<p style=\"text-align: justify;\">O Fundo Social realiza neste s\u00e1bado (23), das 9h \u00e0s 13h, o Dia D de Arrecada\u00e7\u00e3o de Agasalhos na Pra\u00e7a Toledo Barros. A iniciativa \u00e9 promovida em parceria com a EPTV e tem como objetivo arrecadar pe\u00e7as de vestu\u00e1rio e acess\u00f3rios para atender fam\u00edlias em situa\u00e7\u00e3o de vulnerabilidade social.<\/p>\n<p>&#13;<\/p>\n<p style=\"text-align: justify;\">Para facilitar a participa\u00e7\u00e3o da popula\u00e7\u00e3o, as doa\u00e7\u00f5es poder\u00e3o ser realizadas em sistema drive-thru, com acesso pela Rua Senador Vergueiro, sem que os doadores precisem sair do ve\u00edculo.<\/p>\n<p>&#13;<\/p>\n<p style=\"text-align: justify;\">&#8220;O Dia D representa um momento estrat\u00e9gico para intensificarmos a campanha e chegarmos a quem mais precisa. Quanto maior a participa\u00e7\u00e3o da popula\u00e7\u00e3o, maior ser\u00e1 o nosso alcance no atendimento \u00e0s fam\u00edlias vulner\u00e1veis&#8221;, afirmou Carla Kalid, presidente do Fundo Social.<\/p>\n<p>&#13;<\/p>\n<p style=\"text-align: justify;\"><strong>O que pode ser doado:<\/strong><br \/>Roupas de inverno<br \/>Cobertores e mantas<br \/>Cal\u00e7ados<br \/>Roupinhas para Pet<\/p>\n<p>&#13;<\/p>\n<p style=\"text-align: justify;\">Todo o material arrecadado ser\u00e1 destinado aos centros comunit\u00e1rios e servi\u00e7os socioassistenciais do munic\u00edpio, beneficiando diretamente fam\u00edlias e indiv\u00edduos em situa\u00e7\u00e3o de vulnerabilidade.<\/p>\n<p>&#13;<\/p>\n<p style=\"text-align: justify;\">Essas pr\u00e1ticas est\u00e3o alinhadas ao Objetivo de Desenvolvimento Sustent\u00e1vel (ODS) 10, que visa \u00e0 redu\u00e7\u00e3o das desigualdades.<\/p>\n<p>&#13;<br \/>\n&#13;<br \/>\n&#13;<br \/>\n&#13;<\/p>\n<article class=\"conteudo-relacionado no-print\">&#13;<\/p>\n<header class=\"list-header\">&#13;<\/p>\n<h4>Conte\u00fados Relacionados<\/h4>\n<p>&#13;<br \/>\n        <\/header>\n<p>&#13;<br \/>\n&#13;<br \/>\n        &#13;<br \/>\n    <\/article>\n<p>&#13;<br \/>\n&#13;\n                <\/p><\/div>\n<p><br \/>\n<br \/><a href=\"https:\/\/limeira.sp.gov.br\/toledo-barros-recebe-drive-thru-da-campanha-do-agasalho-neste-sabado-23\" rel=\"noopener\">Informa\u00e7\u00f5es da PML <\/a><\/p>\n","protected":false},"excerpt":{"rendered":"<p>&#13; &#13; &#13; &#13; &#13; &#13; &#13; &#13; &#13; In\u00edcio&#13; &#13; &#13; &#13; &#13; &#13; &#13; &#13; &#13; A\u00e7\u00e3o \u00e9 promovida pela EPTV em parceria com o Fundo Social e aceita doa\u00e7\u00f5es de roupas de inverno, cobertores, cal\u00e7ados e itens para pets&#13; &#13; &#13; &#13; &#13; &#13; &#13; &#13; &#13; &#13; O Fundo Social realiza [&hellip;]<\/p>\n","protected":false},"author":1,"featured_media":66205,"comment_status":"","ping_status":"open","sticky":false,"template":"","format":"standard","meta":{"_jetpack_newsletter_access":"","_jetpack_dont_email_post_to_subs":false,"_jetpack_newsletter_tier_id":0,"_jetpack_memberships_contains_paywalled_content":false,"_mbp_banners":[],"_jetpack_feature_clip_id":0,"_jetpack_memberships_contains_paid_content":false,"footnotes":"","jetpack_publicize_message":"","jetpack_publicize_feature_enabled":true,"jetpack_social_post_already_shared":true,"jetpack_social_options":{"image_generator_settings":{"template":"highway","default_image_id":0,"font":"","enabled":false},"version":2},"jetpack_post_was_ever_published":false},"categories":[16],"tags":[],"class_list":["post-66480","post","type-post","status-publish","format-standard","has-post-thumbnail","category-local"],"jetpack_publicize_connections":[],"jetpack-related-posts":[],"jetpack_shortlink":"https:\/\/wp.me\/p7Eq1F-hig","jetpack_sharing_enabled":true,"jetpack_featured_media_url":"https:\/\/i0.wp.com\/guialimeira.com.br\/news\/wp-content\/uploads\/2026\/05\/m_137_0_1_20052026154509.jpeg?fit=1024%2C575&ssl=1","_links":{"self":[{"href":"https:\/\/guialimeira.com.br\/news\/wp-json\/wp\/v2\/posts\/66480","targetHints":{"allow":["GET"]}}],"collection":[{"href":"https:\/\/guialimeira.com.br\/news\/wp-json\/wp\/v2\/posts"}],"about":[{"href":"https:\/\/guialimeira.com.br\/news\/wp-json\/wp\/v2\/types\/post"}],"author":[{"embeddable":true,"href":"https:\/\/guialimeira.com.br\/news\/wp-json\/wp\/v2\/users\/1"}],"replies":[{"embeddable":true,"href":"https:\/\/guialimeira.com.br\/news\/wp-json\/wp\/v2\/comments?post=66480"}],"version-history":[{"count":0,"href":"https:\/\/guialimeira.com.br\/news\/wp-json\/wp\/v2\/posts\/66480\/revisions"}],"wp:featuredmedia":[{"embeddable":true,"href":"https:\/\/guialimeira.com.br\/news\/wp-json\/wp\/v2\/media\/66205"}],"wp:attachment":[{"href":"https:\/\/guialimeira.com.br\/news\/wp-json\/wp\/v2\/media?parent=66480"}],"wp:term":[{"taxonomy":"category","embeddable":true,"href":"https:\/\/guialimeira.com.br\/news\/wp-json\/wp\/v2\/categories?post=66480"},{"taxonomy":"post_tag","embeddable":true,"href":"https:\/\/guialimeira.com.br\/news\/wp-json\/wp\/v2\/tags?post=66480"}],"curies":[{"name":"wp","href":"https:\/\/api.w.org\/{rel}","templated":true}]}}