{"id":66472,"date":"2026-05-22T16:30:54","date_gmt":"2026-05-22T19:30:54","guid":{"rendered":"https:\/\/guialimeira.com.br\/felipe-penedo-se-reune-com-delegado-seccional-e-busca-solucao-para-predio-abandonado-na-vila-sao-cristovam\/"},"modified":"2026-05-22T16:30:54","modified_gmt":"2026-05-22T19:30:54","slug":"felipe-penedo-se-reune-com-delegado-seccional-e-busca-solucao-para-predio-abandonado-na-vila-sao-cristovam","status":"publish","type":"post","link":"https:\/\/guialimeira.com.br\/news\/felipe-penedo-se-reune-com-delegado-seccional-e-busca-solucao-para-predio-abandonado-na-vila-sao-cristovam\/","title":{"rendered":"Felipe Penedo se re\u00fane com delegado seccional e busca solu\u00e7\u00e3o para pr\u00e9dio abandonado na Vila S\u00e3o Crist\u00f3vam"},"content":{"rendered":"<p>Felipe Penedo se re\u00fane com delegado seccional e busca solu\u00e7\u00e3o para pr\u00e9dio abandonado na Vila S\u00e3o Crist\u00f3vam<\/p>\n<p>O vereador Felipe Penedo (PL) esteve nesta sexta-feira, 22 de maio, na Delegacia Seccional de Limeira, onde se reuniu com o delegado seccional Ant\u00f4nio Lu\u00eds Tuckumantel e com o delegado Lu\u00eds Henrique Lima Pereira para tratar da situa\u00e7\u00e3o do pr\u00e9dio anexo \u00e0 unidade, localizado na rua Pernambuco, na esquina com a rua S\u00e3o Vicente de Paulo, na Vila S\u00e3o Crist\u00f3vam.<\/p>\n<p>Segundo moradores da regi\u00e3o, o im\u00f3vel anteriormente abrigava a 1\u00aa Companhia da Pol\u00edcia Militar, est\u00e1 sem uso e gera reclama\u00e7\u00f5es devido ao ac\u00famulo de sujeira, presen\u00e7a de ratos e pombos, al\u00e9m de transtornos \u00e0 vizinhan\u00e7a. Moradores da regi\u00e3o tamb\u00e9m organizaram um abaixo-assinado pedindo provid\u00eancias. \u201cA demanda chegou ao meu gabinete em raz\u00e3o de minha atua\u00e7\u00e3o t\u00e9cnica, na qual auxilio na avalia\u00e7\u00e3o das condi\u00e7\u00f5es estruturais do im\u00f3vel e na busca de alternativas para a utiliza\u00e7\u00e3o adequada do espa\u00e7o\u201d, ressaltou o parlamentar.<\/p>\n<p>Felipe Penedo defende que o local seja destinado \u00e0 implanta\u00e7\u00e3o da Delegacia de Defesa da Mulher (DDM) e do 1\u00ba Distrito Policial, uma demanda tamb\u00e9m da Pol\u00edcia Civil de Limeira. O pedido j\u00e1 foi apresentado pelo vereador em janeiro deste ano ao secret\u00e1rio executivo de Seguran\u00e7a P\u00fablica do Estado de S\u00e3o Paulo, Paulo Maur\u00edcio Maculevicius Ferreira, al\u00e9m de constar em documenta\u00e7\u00e3o encaminhada \u00e0 Secretaria Estadual da Seguran\u00e7a P\u00fablica.<\/p>\n<p>Segundo o parlamentar, tanto a DDM quanto o 1\u00ba Distrito Policial funcionam atualmente em estruturas inadequadas para o atendimento pleno da popula\u00e7\u00e3o e para as condi\u00e7\u00f5es de trabalho dos servidores. Como medida imediata, Penedo articulou junto \u00e0 Prefeitura de Limeira a realiza\u00e7\u00e3o da lavagem e limpeza do pr\u00e9dio, prevista para a pr\u00f3xima ter\u00e7a-feira, 26 de maio, com apoio de caminh\u00e3o-pipa.<\/p>\n<p>\u201cFomos procurados para auxiliar nesse di\u00e1logo por envolver uma edifica\u00e7\u00e3o p\u00fablica estrat\u00e9gica e uma necessidade importante da seguran\u00e7a p\u00fablica de Limeira. Nosso objetivo \u00e9 contribuir tecnicamente para que o espa\u00e7o receba uma destina\u00e7\u00e3o adequada e beneficie a popula\u00e7\u00e3o\u201d, afirmou Felipe Penedo.<\/p>\n<p>Do Gabinete Parlamentar \u2013 Vereador Felipe Penedo (PL)<\/p>\n<p>*Fotos do Gabinete parlamentar<\/p>\n<p>As mat\u00e9rias de origem dos Gabinetes Parlamentares s\u00e3o de inteira\u00a0 responsabilidade dos parlamentares e de suas assessorias. S\u00e3o devidamente assinadas e n\u00e3o refletem, necessariamente, a opini\u00e3o institucional da C\u00e2mara Municipal de Limeira.<\/p>\n<hr>\n<p><em>Fonte: <a href=\"https:\/\/www.limeira.sp.leg.br\/noticias\/view\/2026-05-22_felipe-penedo-se-reune-com-delegado-seccional-e-busca-solucao-para-predio-abandonado-na-vila-sao-cristovam\" target=\"_blank\" rel=\"noopener\">C\u00e2mara Municipal de Limeira<\/a><\/em><\/p>\n","protected":false},"excerpt":{"rendered":"<p>Felipe Penedo se re\u00fane com delegado seccional e busca solu\u00e7\u00e3o para pr\u00e9dio abandonado na Vila S\u00e3o Crist\u00f3vam<\/p>\n<p>O vereador Felipe Penedo (PL) esteve nesta sexta-feira, 22 de maio, na Delegacia Seccional de Limeira, onde se reuniu com o delegado seccional Ant\u00f4nio Lu\u00eds Tuckumantel e com o delegado Lu\u00eds He<\/p>\n","protected":false},"author":4,"featured_media":66471,"comment_status":"","ping_status":"open","sticky":false,"template":"","format":"standard","meta":{"_jetpack_newsletter_access":"","_jetpack_dont_email_post_to_subs":false,"_jetpack_newsletter_tier_id":0,"_jetpack_memberships_contains_paywalled_content":false,"_mbp_banners":[],"_jetpack_feature_clip_id":0,"_jetpack_memberships_contains_paid_content":false,"footnotes":"","jetpack_publicize_message":"","jetpack_publicize_feature_enabled":true,"jetpack_social_post_already_shared":true,"jetpack_social_options":{"image_generator_settings":{"template":"highway","default_image_id":0,"font":"","enabled":false},"version":2},"jetpack_post_was_ever_published":false},"categories":[19],"tags":[],"class_list":["post-66472","post","type-post","status-publish","format-standard","has-post-thumbnail","category-politica"],"jetpack_publicize_connections":[],"jetpack-related-posts":[],"jetpack_shortlink":"https:\/\/wp.me\/p7Eq1F-hi8","jetpack_sharing_enabled":true,"jetpack_featured_media_url":"https:\/\/i0.wp.com\/guialimeira.com.br\/news\/wp-content\/uploads\/2026\/05\/noticia-camara-91.jpg?fit=1280%2C640&ssl=1","_links":{"self":[{"href":"https:\/\/guialimeira.com.br\/news\/wp-json\/wp\/v2\/posts\/66472","targetHints":{"allow":["GET"]}}],"collection":[{"href":"https:\/\/guialimeira.com.br\/news\/wp-json\/wp\/v2\/posts"}],"about":[{"href":"https:\/\/guialimeira.com.br\/news\/wp-json\/wp\/v2\/types\/post"}],"author":[{"embeddable":true,"href":"https:\/\/guialimeira.com.br\/news\/wp-json\/wp\/v2\/users\/4"}],"replies":[{"embeddable":true,"href":"https:\/\/guialimeira.com.br\/news\/wp-json\/wp\/v2\/comments?post=66472"}],"version-history":[{"count":0,"href":"https:\/\/guialimeira.com.br\/news\/wp-json\/wp\/v2\/posts\/66472\/revisions"}],"wp:featuredmedia":[{"embeddable":true,"href":"https:\/\/guialimeira.com.br\/news\/wp-json\/wp\/v2\/media\/66471"}],"wp:attachment":[{"href":"https:\/\/guialimeira.com.br\/news\/wp-json\/wp\/v2\/media?parent=66472"}],"wp:term":[{"taxonomy":"category","embeddable":true,"href":"https:\/\/guialimeira.com.br\/news\/wp-json\/wp\/v2\/categories?post=66472"},{"taxonomy":"post_tag","embeddable":true,"href":"https:\/\/guialimeira.com.br\/news\/wp-json\/wp\/v2\/tags?post=66472"}],"curies":[{"name":"wp","href":"https:\/\/api.w.org\/{rel}","templated":true}]}}