{"id":66469,"date":"2026-05-22T16:12:17","date_gmt":"2026-05-22T19:12:17","guid":{"rendered":"https:\/\/guialimeira.com.br\/16a-festa-italiana-reune-dancas-tradicionais-e-muita-musica-em-limeira\/"},"modified":"2026-05-22T16:12:17","modified_gmt":"2026-05-22T19:12:17","slug":"16a-festa-italiana-reune-dancas-tradicionais-e-muita-musica-em-limeira","status":"publish","type":"post","link":"https:\/\/guialimeira.com.br\/news\/16a-festa-italiana-reune-dancas-tradicionais-e-muita-musica-em-limeira\/","title":{"rendered":"16\u00aa Festa Italiana re\u00fane dan\u00e7as tradicionais e muita m\u00fasica em Limeira"},"content":{"rendered":"<p> <br \/>\n<\/p>\n<div id=\"\">&#13;<br \/>\n                    &#13;<br \/>\n&#13;<br \/>\n&#13;<br \/>\n&#13;<br \/>\n&#13;<br \/>\n&#13;<br \/>\n    <img data-recalc-dims=\"1\" decoding=\"async\" src=\"https:\/\/i0.wp.com\/ecrie.com.br\/sistema\/conteudos\/imagem\/m_137_0_2_22052026161019.jpeg?w=696&#038;ssl=1\" alt=\"16\u00aa Festa Italiana re\u00fane dan\u00e7as tradicionais e muita m\u00fasica em Limeira\"\/>&#13;<br \/>\n&#13;<br \/>\n&#13;<\/p>\n<p style=\"text-align: justify;\">A 16\u00aa Festa Italiana come\u00e7a neste s\u00e1bado (23) com uma programa\u00e7\u00e3o que celebra a cultura italiana por meio da m\u00fasica, da gastronomia, da f\u00e9 e das tradi\u00e7\u00f5es populares. Durante os dois dias de evento, o p\u00fablico poder\u00e1 conferir apresenta\u00e7\u00f5es art\u00edsticas, missa em latim, dan\u00e7a folcl\u00f3rica, shows musicais e uma variedade de pratos t\u00edpicos que homenageiam as ra\u00edzes da imigra\u00e7\u00e3o italiana.<\/p>\n<p>&#13;<\/p>\n<p style=\"text-align: justify;\">A programa\u00e7\u00e3o do primeiro dia ter\u00e1 como destaque o show de Tony Angeli, artista reconhecido por interpretar sucessos da m\u00fasica italiana e emocionar o p\u00fablico com repert\u00f3rio que homenageia as tradi\u00e7\u00f5es da imigra\u00e7\u00e3o. A abertura musical tamb\u00e9m contar\u00e1 com a apresenta\u00e7\u00e3o da Chicago Jazz Band.<\/p>\n<p>&#13;<\/p>\n<p style=\"text-align: justify;\">Para o prefeito Murilo F\u00e9lix, a festa representa um importante momento de valoriza\u00e7\u00e3o cultural e fortalecimento do turismo local. \u201cA Festa Italiana celebra uma tradi\u00e7\u00e3o que faz parte da hist\u00f3ria de Limeira, reunindo cultura, gastronomia, m\u00fasica e conviv\u00eancia. Preparamos uma programa\u00e7\u00e3o diversificada, pensada para receber fam\u00edlias e visitantes em um ambiente de encontro e valoriza\u00e7\u00e3o das nossas ra\u00edzes\u201d, destaca.<\/p>\n<p>&#13;<\/p>\n<p style=\"text-align: justify;\">No segundo dia da festa, a programa\u00e7\u00e3o contar\u00e1 com a tradicional Missa Italiana, celebrada integralmente em latim pelo padre Alexandre Boratti Favretto. O momento resgata a espiritualidade e os costumes dos imigrantes italianos que contribu\u00edram para a forma\u00e7\u00e3o hist\u00f3rica e cultural da regi\u00e3o.<\/p>\n<p>&#13;<\/p>\n<p style=\"text-align: justify;\"><strong>Grupos de dan\u00e7as t\u00edpicas animam a festa<\/strong><\/p>\n<p>&#13;<\/p>\n<p style=\"text-align: justify;\">Entre as atra\u00e7\u00f5es culturais, alunos da Escola Tenente Aviador apresentar\u00e3o o cl\u00e1ssico Funicul\u00ec Funicul\u00e0, em uma performance que promete encantar o p\u00fablico com leveza e anima\u00e7\u00e3o.<\/p>\n<p>&#13;<\/p>\n<p style=\"text-align: center;\">O evento tamb\u00e9m recebe o Grupo de Dan\u00e7a Santa Ol\u00edmpia, refer\u00eancia na preserva\u00e7\u00e3o das tradi\u00e7\u00f5es folcl\u00f3ricas europeias. Fundado em 1987, o grupo re\u00fane mais de 100 integrantes e mant\u00e9m viva a cultura de descendentes de imigrantes. Na apresenta\u00e7\u00e3o, cerca de 30 dan\u00e7arinos das categorias infantil e adulta levar\u00e3o ao palco 40 minutos de coreografias italianas e momentos de intera\u00e7\u00e3o com o p\u00fablico.<br \/><img data-recalc-dims=\"1\" loading=\"lazy\" decoding=\"async\" style=\"display: block; margin-left: auto; margin-right: auto;\" src=\"https:\/\/i0.wp.com\/ecrie.com.br\/sistema\/conteudos\/imagem\/g_137_1_1_22052026161019.jpeg?resize=696%2C522&#038;ssl=1\" alt=\"WhatsApp Image 2026-05-22 at 11.19.58\" width=\"696\" height=\"522\"\/><span style=\"font-size: 12px;\">Foto: Divulga\u00e7\u00e3o<\/span><\/p>\n<p>&#13;<\/p>\n<p style=\"text-align: justify;\"><strong>Gastronomia com valores acess\u00edveis<\/strong><\/p>\n<p>&#13;<\/p>\n<p style=\"text-align: justify;\">Al\u00e9m das atra\u00e7\u00f5es culturais, a gastronomia t\u00edpica ser\u00e1 um dos destaques da festa, com op\u00e7\u00f5es como massas, risotos, fogazza, polenta, espetinhos, pamonha e curau, com pre\u00e7os a partir de R$ 12. A sele\u00e7\u00e3o de bebidas re\u00fane desde refrigerantes, \u00e1gua, cervejas e chopp at\u00e9 uma carta de vinhos especiais, refor\u00e7ando a conex\u00e3o com as ra\u00edzes italianas. As bebidas ter\u00e3o pre\u00e7os a partir de R$ 5.<\/p>\n<p>&#13;<\/p>\n<p style=\"text-align: justify;\"><strong>Estrutura refor\u00e7ada<\/strong><\/p>\n<p>&#13;<\/p>\n<p style=\"text-align: justify;\">A estrutura tamb\u00e9m foi ampliada para esta edi\u00e7\u00e3o. A organiza\u00e7\u00e3o refor\u00e7ou a prepara\u00e7\u00e3o do evento, que contar\u00e1 com cerca de mil metros quadrados de estrutura e mobiliza quase 200 pessoas envolvidas na montagem, entre equipes t\u00e9cnicas, operacionais e de apoio, garantindo mais conforto, organiza\u00e7\u00e3o e melhor experi\u00eancia ao p\u00fablico.<\/p>\n<p>&#13;<\/p>\n<p style=\"text-align: justify;\">A 16\u00aa Festa Italiana \u00e9 organizada pela Prefeitura de Limeira, por meio da Secretaria de Turismo e Eventos, e est\u00e1 alinhada ao Objetivo de Desenvolvimento Sustent\u00e1vel (ODS) 11 da Agenda 2030 da ONU, voltado \u00e0 promo\u00e7\u00e3o de cidades e comunidades mais sustent\u00e1veis, inclusivas e resilientes.<\/p>\n<p>&#13;<\/p>\n<p style=\"text-align: justify;\"><strong>PROGRAMA\u00c7\u00c3O<\/strong><\/p>\n<p>&#13;<\/p>\n<p style=\"text-align: justify;\">S\u00e1bado \u2013 23 de maio<br \/>16h \u2013 Apresenta\u00e7\u00e3o da Chicago Jazz Band<br \/>19h \u2013 Show com Tony Angeli<\/p>\n<p>&#13;<\/p>\n<p style=\"text-align: justify;\">Domingo \u2013 24 de maio<br \/>10h \u2013 Missa Italiana<br \/>12h \u2013 Show com Banda Via Roma e Os 3 Tenores<br \/>13h30 \u2013 Apresenta\u00e7\u00e3o dos alunos da Escola Tenente Aviador<br \/>14h \u2013 Apresenta\u00e7\u00e3o do Grupo de Dan\u00e7a Santa Ol\u00edmpia, de Piracicaba<br \/>15h \u2013 Show de encerramento com Ulisses Montoni<\/p>\n<p>&#13;<br \/>\n&#13;<br \/>\n&#13;<br \/>\n&#13;<\/p>\n<article class=\"conteudo-relacionado no-print\">&#13;<br \/>\n        &#13;<br \/>\n&#13;<br \/>\n        &#13;<br \/>\n    <\/article>\n<p>&#13;<br \/>\n&#13;\n                <\/p><\/div>\n<p><br \/>\n<br \/><a href=\"https:\/\/limeira.sp.gov.br\/16-festa-italiana-reune-dancas-tradicionais-e-muita-musica-em-limeira\" rel=\"noopener\">Informa\u00e7\u00f5es da PML <\/a><\/p>\n","protected":false},"excerpt":{"rendered":"<p>&#13; &#13; &#13; &#13; &#13; &#13; &#13; &#13; &#13; &#13; A 16\u00aa Festa Italiana come\u00e7a neste s\u00e1bado (23) com uma programa\u00e7\u00e3o que celebra a cultura italiana por meio da m\u00fasica, da gastronomia, da f\u00e9 e das tradi\u00e7\u00f5es populares. Durante os dois dias de evento, o p\u00fablico poder\u00e1 conferir apresenta\u00e7\u00f5es art\u00edsticas, missa em latim, dan\u00e7a folcl\u00f3rica, [&hellip;]<\/p>\n","protected":false},"author":1,"featured_media":66470,"comment_status":"","ping_status":"open","sticky":false,"template":"","format":"standard","meta":{"_jetpack_newsletter_access":"","_jetpack_dont_email_post_to_subs":false,"_jetpack_newsletter_tier_id":0,"_jetpack_memberships_contains_paywalled_content":false,"_mbp_banners":[],"_jetpack_feature_clip_id":0,"_jetpack_memberships_contains_paid_content":false,"footnotes":"","jetpack_publicize_message":"","jetpack_publicize_feature_enabled":true,"jetpack_social_post_already_shared":true,"jetpack_social_options":{"image_generator_settings":{"template":"highway","default_image_id":0,"font":"","enabled":false},"version":2},"jetpack_post_was_ever_published":false},"categories":[16],"tags":[],"class_list":["post-66469","post","type-post","status-publish","format-standard","has-post-thumbnail","category-local"],"jetpack_publicize_connections":[],"jetpack-related-posts":[],"jetpack_shortlink":"https:\/\/wp.me\/p7Eq1F-hi5","jetpack_sharing_enabled":true,"jetpack_featured_media_url":"https:\/\/i0.wp.com\/guialimeira.com.br\/news\/wp-content\/uploads\/2026\/05\/m_137_0_2_22052026161019.jpeg?fit=1024%2C576&ssl=1","_links":{"self":[{"href":"https:\/\/guialimeira.com.br\/news\/wp-json\/wp\/v2\/posts\/66469","targetHints":{"allow":["GET"]}}],"collection":[{"href":"https:\/\/guialimeira.com.br\/news\/wp-json\/wp\/v2\/posts"}],"about":[{"href":"https:\/\/guialimeira.com.br\/news\/wp-json\/wp\/v2\/types\/post"}],"author":[{"embeddable":true,"href":"https:\/\/guialimeira.com.br\/news\/wp-json\/wp\/v2\/users\/1"}],"replies":[{"embeddable":true,"href":"https:\/\/guialimeira.com.br\/news\/wp-json\/wp\/v2\/comments?post=66469"}],"version-history":[{"count":0,"href":"https:\/\/guialimeira.com.br\/news\/wp-json\/wp\/v2\/posts\/66469\/revisions"}],"wp:featuredmedia":[{"embeddable":true,"href":"https:\/\/guialimeira.com.br\/news\/wp-json\/wp\/v2\/media\/66470"}],"wp:attachment":[{"href":"https:\/\/guialimeira.com.br\/news\/wp-json\/wp\/v2\/media?parent=66469"}],"wp:term":[{"taxonomy":"category","embeddable":true,"href":"https:\/\/guialimeira.com.br\/news\/wp-json\/wp\/v2\/categories?post=66469"},{"taxonomy":"post_tag","embeddable":true,"href":"https:\/\/guialimeira.com.br\/news\/wp-json\/wp\/v2\/tags?post=66469"}],"curies":[{"name":"wp","href":"https:\/\/api.w.org\/{rel}","templated":true}]}}