{"id":66458,"date":"2026-05-22T15:13:12","date_gmt":"2026-05-22T18:13:12","guid":{"rendered":"https:\/\/guialimeira.com.br\/campanha-do-agasalho-tera-ponto-de-arrecadacao-na-16a-festa-italiana\/"},"modified":"2026-05-22T15:13:12","modified_gmt":"2026-05-22T18:13:12","slug":"campanha-do-agasalho-tera-ponto-de-arrecadacao-na-16a-festa-italiana","status":"publish","type":"post","link":"https:\/\/guialimeira.com.br\/news\/campanha-do-agasalho-tera-ponto-de-arrecadacao-na-16a-festa-italiana\/","title":{"rendered":"Campanha do Agasalho ter\u00e1 ponto de arrecada\u00e7\u00e3o na 16\u00aa Festa Italiana"},"content":{"rendered":"<p> <br \/>\n<br \/><img data-recalc-dims=\"1\" decoding=\"async\" src=\"https:\/\/i0.wp.com\/ecrie.com.br\/sistema\/conteudos\/imagem\/m_137_0_1_22052026150726.jpeg?w=696&#038;ssl=1\" \/><\/p>\n<p style=\"text-align: justify\">A solidariedade tamb&eacute;m far&aacute; parte da 16&ordf; Festa Italiana. Durante os dois dias do evento, o Fundo Social de Limeira realizar&aacute; a arrecada&ccedil;&atilde;o da Campanha do Agasalho, convidando o p&uacute;blico a contribuir com roupas, cobertores e outros itens de inverno destinados &agrave;s fam&iacute;lias em situa&ccedil;&atilde;o de vulnerabilidade social do munic&iacute;pio.<\/p>\n<p style=\"text-align: justify\">A a&ccedil;&atilde;o contar&aacute; com o apoio dos lobinhos do Grupo Escoteiro Limeira 362&ordm;\/SP, que auxiliar&atilde;o na mobiliza&ccedil;&atilde;o e no recebimento das doa&ccedil;&otilde;es ao longo da festa.<\/p>\n<p style=\"text-align: justify\">Poder&atilde;o ser doados agasalhos, blusas, cal&ccedil;as, meias, cobertores, mantas e demais pe&ccedil;as de inverno em bom estado de conserva&ccedil;&atilde;o.<\/p>\n<p style=\"text-align: justify\">A presidente do Fundo Social, Carla Kalid, destaca a import&acirc;ncia da uni&atilde;o da popula&ccedil;&atilde;o em a&ccedil;&otilde;es solid&aacute;rias. &ldquo;A Festa Italiana re&uacute;ne fam&iacute;lias, cultura e tradi&ccedil;&atilde;o, e tamb&eacute;m pode ser um espa&ccedil;o de cuidado com o pr&oacute;ximo. Convidamos o p&uacute;blico a participar da Campanha do Agasalho e contribuir com quem mais precisa neste per&iacute;odo de frio. Cada doa&ccedil;&atilde;o tem um impacto importante na vida de muitas pessoas&rdquo;, afirma.<\/p>\n<p style=\"text-align: justify\">A arrecada&ccedil;&atilde;o ocorrer&aacute; durante toda a programa&ccedil;&atilde;o da 16&ordf; Festa Italiana, em espa&ccedil;o identificado no evento. A iniciativa une cultura, gastronomia e solidariedade em uma a&ccedil;&atilde;o de apoio &agrave;s fam&iacute;lias limeirenses.<\/p>\n<p><br \/>\n<br \/><a href=\"https:\/\/limeira.sp.gov.br\/campanha-do-agasalho-tera-ponto-de-arrecadacao-na-16-festa-italiana\" rel=\"noopener\">Informa\u00e7\u00f5es da PML <\/a><\/p>\n","protected":false},"excerpt":{"rendered":"<p>A solidariedade tamb&eacute;m far&aacute; parte da 16&ordf; Festa Italiana. Durante os dois dias do evento, o Fundo Social de Limeira realizar&aacute; a arrecada&ccedil;&atilde;o da Campanha do Agasalho, convidando o p&uacute;blico a contribuir com roupas, cobertores e outros itens de inverno destinados &agrave;s fam&iacute;lias em situa&ccedil;&atilde;o de vulnerabilidade social do munic&iacute;pio. A a&ccedil;&atilde;o contar&aacute; com o [&hellip;]<\/p>\n","protected":false},"author":1,"featured_media":66459,"comment_status":"","ping_status":"open","sticky":false,"template":"","format":"standard","meta":{"_jetpack_newsletter_access":"","_jetpack_dont_email_post_to_subs":false,"_jetpack_newsletter_tier_id":0,"_jetpack_memberships_contains_paywalled_content":false,"_mbp_banners":[],"_jetpack_feature_clip_id":0,"_jetpack_memberships_contains_paid_content":false,"footnotes":"","jetpack_publicize_message":"","jetpack_publicize_feature_enabled":true,"jetpack_social_post_already_shared":true,"jetpack_social_options":{"image_generator_settings":{"template":"highway","default_image_id":0,"font":"","enabled":false},"version":2},"jetpack_post_was_ever_published":false},"categories":[16],"tags":[],"class_list":["post-66458","post","type-post","status-publish","format-standard","has-post-thumbnail","category-local"],"jetpack_publicize_connections":[],"jetpack-related-posts":[],"jetpack_shortlink":"https:\/\/wp.me\/p7Eq1F-hhU","jetpack_sharing_enabled":true,"jetpack_featured_media_url":"https:\/\/i0.wp.com\/guialimeira.com.br\/news\/wp-content\/uploads\/2026\/05\/m_137_0_1_22052026150726.jpeg?fit=1000%2C300&ssl=1","_links":{"self":[{"href":"https:\/\/guialimeira.com.br\/news\/wp-json\/wp\/v2\/posts\/66458","targetHints":{"allow":["GET"]}}],"collection":[{"href":"https:\/\/guialimeira.com.br\/news\/wp-json\/wp\/v2\/posts"}],"about":[{"href":"https:\/\/guialimeira.com.br\/news\/wp-json\/wp\/v2\/types\/post"}],"author":[{"embeddable":true,"href":"https:\/\/guialimeira.com.br\/news\/wp-json\/wp\/v2\/users\/1"}],"replies":[{"embeddable":true,"href":"https:\/\/guialimeira.com.br\/news\/wp-json\/wp\/v2\/comments?post=66458"}],"version-history":[{"count":0,"href":"https:\/\/guialimeira.com.br\/news\/wp-json\/wp\/v2\/posts\/66458\/revisions"}],"wp:featuredmedia":[{"embeddable":true,"href":"https:\/\/guialimeira.com.br\/news\/wp-json\/wp\/v2\/media\/66459"}],"wp:attachment":[{"href":"https:\/\/guialimeira.com.br\/news\/wp-json\/wp\/v2\/media?parent=66458"}],"wp:term":[{"taxonomy":"category","embeddable":true,"href":"https:\/\/guialimeira.com.br\/news\/wp-json\/wp\/v2\/categories?post=66458"},{"taxonomy":"post_tag","embeddable":true,"href":"https:\/\/guialimeira.com.br\/news\/wp-json\/wp\/v2\/tags?post=66458"}],"curies":[{"name":"wp","href":"https:\/\/api.w.org\/{rel}","templated":true}]}}