{"id":66455,"date":"2026-05-22T14:42:10","date_gmt":"2026-05-22T17:42:10","guid":{"rendered":"https:\/\/guialimeira.com.br\/so-cacareco-passa-nas-regioes-do-ouro-verde-e-do-roseira-na-proxima-semana-em-limeira\/"},"modified":"2026-05-22T14:42:10","modified_gmt":"2026-05-22T17:42:10","slug":"so-cacareco-passa-nas-regioes-do-ouro-verde-e-do-roseira-na-proxima-semana-em-limeira","status":"publish","type":"post","link":"https:\/\/guialimeira.com.br\/news\/so-cacareco-passa-nas-regioes-do-ouro-verde-e-do-roseira-na-proxima-semana-em-limeira\/","title":{"rendered":"S\u00f3 Cacareco passa nas regi\u00f5es do Ouro Verde e do Roseira na pr\u00f3xima semana em Limeira"},"content":{"rendered":"<p> <br \/>\n<br \/><img data-recalc-dims=\"1\" decoding=\"async\" src=\"https:\/\/i0.wp.com\/ecrie.com.br\/sistema\/conteudos\/imagem\/m_137_0_1_08052026113246.jpeg?w=696&#038;ssl=1\" \/><\/p>\n<div>\n<h3 data-reticencias=\"34\">Limeira sedia evento voltado a empres\u00e1rios que buscam cr\u00e9dito acess\u00edvel para neg\u00f3cios<\/h3>\n<p class=\"descricao\" data-reticencias=\"44 [...]\">&#13;<br \/>\n                                    Empreendedores poder\u00e3o tirar d\u00favidas, receber atendimento individual e descobrir as melhores op\u00e7\u00f5es para investir nos seus neg\u00f3cios&#13;\n                                <\/p>\n<\/p><\/div>\n<p><br \/>\n<br \/><a href=\"https:\/\/limeira.sp.gov.br\/so-cacareco-passa-nas-regioes-do-ouro-verde-e-do-roseira-na-proxima-semana-em-limeira\" rel=\"noopener\">Informa\u00e7\u00f5es da PML <\/a><\/p>\n","protected":false},"excerpt":{"rendered":"<p>Limeira sedia evento voltado a empres\u00e1rios que buscam cr\u00e9dito acess\u00edvel para neg\u00f3cios &#13; Empreendedores poder\u00e3o tirar d\u00favidas, receber atendimento individual e descobrir as melhores op\u00e7\u00f5es para investir nos seus neg\u00f3cios&#13; Informa\u00e7\u00f5es da PML<\/p>\n","protected":false},"author":1,"featured_media":64762,"comment_status":"","ping_status":"open","sticky":false,"template":"","format":"standard","meta":{"_jetpack_newsletter_access":"","_jetpack_dont_email_post_to_subs":false,"_jetpack_newsletter_tier_id":0,"_jetpack_memberships_contains_paywalled_content":false,"_mbp_banners":[],"_jetpack_feature_clip_id":0,"_jetpack_memberships_contains_paid_content":false,"footnotes":"","jetpack_publicize_message":"","jetpack_publicize_feature_enabled":true,"jetpack_social_post_already_shared":true,"jetpack_social_options":{"image_generator_settings":{"template":"highway","default_image_id":0,"font":"","enabled":false},"version":2},"jetpack_post_was_ever_published":false},"categories":[16],"tags":[],"class_list":["post-66455","post","type-post","status-publish","format-standard","has-post-thumbnail","category-local"],"jetpack_publicize_connections":[],"jetpack-related-posts":[],"jetpack_shortlink":"https:\/\/wp.me\/p7Eq1F-hhR","jetpack_sharing_enabled":true,"jetpack_featured_media_url":"https:\/\/i0.wp.com\/guialimeira.com.br\/news\/wp-content\/uploads\/2026\/05\/m_137_0_1_08052026113246.jpeg?fit=896%2C508&ssl=1","_links":{"self":[{"href":"https:\/\/guialimeira.com.br\/news\/wp-json\/wp\/v2\/posts\/66455","targetHints":{"allow":["GET"]}}],"collection":[{"href":"https:\/\/guialimeira.com.br\/news\/wp-json\/wp\/v2\/posts"}],"about":[{"href":"https:\/\/guialimeira.com.br\/news\/wp-json\/wp\/v2\/types\/post"}],"author":[{"embeddable":true,"href":"https:\/\/guialimeira.com.br\/news\/wp-json\/wp\/v2\/users\/1"}],"replies":[{"embeddable":true,"href":"https:\/\/guialimeira.com.br\/news\/wp-json\/wp\/v2\/comments?post=66455"}],"version-history":[{"count":0,"href":"https:\/\/guialimeira.com.br\/news\/wp-json\/wp\/v2\/posts\/66455\/revisions"}],"wp:featuredmedia":[{"embeddable":true,"href":"https:\/\/guialimeira.com.br\/news\/wp-json\/wp\/v2\/media\/64762"}],"wp:attachment":[{"href":"https:\/\/guialimeira.com.br\/news\/wp-json\/wp\/v2\/media?parent=66455"}],"wp:term":[{"taxonomy":"category","embeddable":true,"href":"https:\/\/guialimeira.com.br\/news\/wp-json\/wp\/v2\/categories?post=66455"},{"taxonomy":"post_tag","embeddable":true,"href":"https:\/\/guialimeira.com.br\/news\/wp-json\/wp\/v2\/tags?post=66455"}],"curies":[{"name":"wp","href":"https:\/\/api.w.org\/{rel}","templated":true}]}}