{"id":66449,"date":"2026-05-22T13:30:52","date_gmt":"2026-05-22T16:30:52","guid":{"rendered":"https:\/\/guialimeira.com.br\/projeto-de-lei-do-dr-marcelo-rossi-garante-acesso-a-musicoterapia\/"},"modified":"2026-05-22T13:30:52","modified_gmt":"2026-05-22T16:30:52","slug":"projeto-de-lei-do-dr-marcelo-rossi-garante-acesso-a-musicoterapia","status":"publish","type":"post","link":"https:\/\/guialimeira.com.br\/news\/projeto-de-lei-do-dr-marcelo-rossi-garante-acesso-a-musicoterapia\/","title":{"rendered":"Projeto de Lei do Dr. Marcelo Rossi garante acesso \u00e0 musicoterapia"},"content":{"rendered":"<p>Projeto de Lei do Dr. Marcelo Rossi garante acesso \u00e0 musicoterapia<\/p>\n<p>O vereador Dr. Marcelo Rossi (MDB) protocolou nesta quinta-feira, 21 de maio, na C\u00e2mara Municipal, o Projeto de Lei N\u00ba 70\/2026, que visa garantir o acesso \u00e0 musicoterapia aos usu\u00e1rios da rede p\u00fablica de sa\u00fade em Limeira. A pr\u00e1tica j\u00e1 \u00e9 reconhecida pelo Sistema \u00danico de Sa\u00fade (SUS) e integra a Pol\u00edtica Nacional de Pr\u00e1ticas Integrativas e Complementares do SUS, oficializada pelo Minist\u00e9rio da Sa\u00fade por meio da Portaria N\u00ba 849\/2017, junto a outras pr\u00e1ticas integrativas e complementares.<\/p>\n<p>\u201cConsiderando que Limeira \u00e9 pioneira na implanta\u00e7\u00e3o da Lei do Alzheimer 5.833\/2017, que a dem\u00eancia \u00e9 um desafio mundial e que a musicoterapia \u00e9 eficaz para a preven\u00e7\u00e3o e o controle da progress\u00e3o da doen\u00e7a, n\u00e3o resta d\u00favida da necessidade de garantir o acesso dos usu\u00e1rios para essa e outras finalidades cujos resultados j\u00e1 s\u00e3o comprovados\u201d, justificou o autor no projeto. Em Limeira, por meio de a\u00e7\u00e3o volunt\u00e1ria, a atividade chegou aos grupos de terceira idade em diversas comunidades durante as palestras feitas pelo Dr. Marcelo sobre a doen\u00e7a de Alzheimer.<\/p>\n<p>De acordo com o parlamentar, com o uso de sons, palmas e ritmos, a din\u00e2mica com os idosos envolveu memoriza\u00e7\u00e3o, coordena\u00e7\u00e3o motora e est\u00edmulos cognitivos diversos. \u201cEsses movimentos trabalharam aspectos sensoriais e cognitivos fundamentais para a sa\u00fade do c\u00e9rebro\u201d, enfatizou. O vereador lembrou que a novidade tamb\u00e9m foi apresentada e desenvolvida com os idosos durante o V Semin\u00e1rio de Aten\u00e7\u00e3o e Preven\u00e7\u00e3o da Doen\u00e7a de Alzheimer, realizado em setembro de 2025 no Teatro Nair Bello, por meio deste mandato parlamentar, no dia mundial da doen\u00e7a.<\/p>\n<p>Outros Benef\u00edcios<\/p>\n<p>Dr. Marcelo Rossi afirmou que a musicoterapia tem custo considerado baixo e auxilia no controle da ansiedade e no enfrentamento de quadros depressivos. As sess\u00f5es podem ser realizadas tanto em grupo quanto individualmente, dependendo do perfil dos pacientes. \u201cA t\u00e9cnica \u00e9 utilizada em diversos contextos terap\u00eauticos, em ambientes como hospitais, unidades de sa\u00fade mental, centros de reabilita\u00e7\u00e3o e geriatria\u201d, disse o vereador.<\/p>\n<p>A pr\u00e1tica utiliza a m\u00fasica para intervir em necessidades f\u00edsicas, emocionais, mentais, cognitivas e sociais dos pacientes, promovendo a humaniza\u00e7\u00e3o e o reconhecimento integral do ser humano. A profiss\u00e3o \u00e9 regulamentada pela Lei N\u00ba 14.842\/2024, que exige diploma de gradua\u00e7\u00e3o em musicoterapia. \u201cCaso a lei pretendida prospere, Limeira seguir\u00e1 a tend\u00eancia de evolu\u00e7\u00e3o da legisla\u00e7\u00e3o referente ao tema, pois projetos de lei continuam a tramitar para expandir o uso da musicoterapia no SUS. \u00c9 o caso da aprova\u00e7\u00e3o, pela Comiss\u00e3o de Sa\u00fade da C\u00e2mara dos Deputados, do Projeto de Lei\u00a0 N\u00ba 2763\/2024, que busca estabelecer diretrizes para o seu uso em escolas p\u00fablicas federais, entre outros locais\u201d, afirmou o parlamentar.<\/p>\n<p>Do Gabinete Parlamentar \u2013 Vereador\u00a0 Dr. Marcelo Rossi (MDB)<\/p>\n<p>*Fotos do Gabinete parlamentar<\/p>\n<p>As mat\u00e9rias de origem dos Gabinetes Parlamentares s\u00e3o de inteira\u00a0 responsabilidade dos parlamentares e de suas assessorias. S\u00e3o devidamente assinadas e n\u00e3o refletem, necessariamente, a opini\u00e3o institucional da C\u00e2mara Municipal de Limeira.<\/p>\n<hr>\n<p><em>Fonte: <a href=\"https:\/\/www.limeira.sp.leg.br\/noticias\/view\/2026-05-22_projeto-de-lei-do-dr-marcelo-rossi-garante-acesso-a-musicoterapia\" target=\"_blank\" rel=\"noopener\">C\u00e2mara Municipal de Limeira<\/a><\/em><\/p>\n","protected":false},"excerpt":{"rendered":"<p>Projeto de Lei do Dr. Marcelo Rossi garante acesso \u00e0 musicoterapia<\/p>\n<p>O vereador Dr. Marcelo Rossi (MDB) protocolou nesta quinta-feira, 21 de maio, na C\u00e2mara Municipal, o Projeto de Lei N\u00ba 70\/2026, que visa garantir o acesso \u00e0 musicoterapia aos usu\u00e1rios da rede p\u00fablica de sa\u00fade em Limeira. A pr\u00e1tica j<\/p>\n","protected":false},"author":4,"featured_media":66448,"comment_status":"","ping_status":"open","sticky":false,"template":"","format":"standard","meta":{"_jetpack_newsletter_access":"","_jetpack_dont_email_post_to_subs":false,"_jetpack_newsletter_tier_id":0,"_jetpack_memberships_contains_paywalled_content":false,"_mbp_banners":[],"_jetpack_feature_clip_id":0,"_jetpack_memberships_contains_paid_content":false,"footnotes":"","jetpack_publicize_message":"","jetpack_publicize_feature_enabled":true,"jetpack_social_post_already_shared":true,"jetpack_social_options":{"image_generator_settings":{"template":"highway","default_image_id":0,"font":"","enabled":false},"version":2},"jetpack_post_was_ever_published":false},"categories":[19],"tags":[],"class_list":["post-66449","post","type-post","status-publish","format-standard","has-post-thumbnail","category-politica"],"jetpack_publicize_connections":[],"jetpack-related-posts":[],"jetpack_shortlink":"https:\/\/wp.me\/p7Eq1F-hhL","jetpack_sharing_enabled":true,"jetpack_featured_media_url":"https:\/\/i0.wp.com\/guialimeira.com.br\/news\/wp-content\/uploads\/2026\/05\/noticia-camara-90.jpg?fit=1280%2C640&ssl=1","_links":{"self":[{"href":"https:\/\/guialimeira.com.br\/news\/wp-json\/wp\/v2\/posts\/66449","targetHints":{"allow":["GET"]}}],"collection":[{"href":"https:\/\/guialimeira.com.br\/news\/wp-json\/wp\/v2\/posts"}],"about":[{"href":"https:\/\/guialimeira.com.br\/news\/wp-json\/wp\/v2\/types\/post"}],"author":[{"embeddable":true,"href":"https:\/\/guialimeira.com.br\/news\/wp-json\/wp\/v2\/users\/4"}],"replies":[{"embeddable":true,"href":"https:\/\/guialimeira.com.br\/news\/wp-json\/wp\/v2\/comments?post=66449"}],"version-history":[{"count":0,"href":"https:\/\/guialimeira.com.br\/news\/wp-json\/wp\/v2\/posts\/66449\/revisions"}],"wp:featuredmedia":[{"embeddable":true,"href":"https:\/\/guialimeira.com.br\/news\/wp-json\/wp\/v2\/media\/66448"}],"wp:attachment":[{"href":"https:\/\/guialimeira.com.br\/news\/wp-json\/wp\/v2\/media?parent=66449"}],"wp:term":[{"taxonomy":"category","embeddable":true,"href":"https:\/\/guialimeira.com.br\/news\/wp-json\/wp\/v2\/categories?post=66449"},{"taxonomy":"post_tag","embeddable":true,"href":"https:\/\/guialimeira.com.br\/news\/wp-json\/wp\/v2\/tags?post=66449"}],"curies":[{"name":"wp","href":"https:\/\/api.w.org\/{rel}","templated":true}]}}