{"id":66439,"date":"2026-05-22T12:09:44","date_gmt":"2026-05-22T15:09:44","guid":{"rendered":"https:\/\/guialimeira.com.br\/vacinacao-contra-dengue-adulto-passa-a-ser-centralizada-em-cinco-unidades-de-saude-de-limeira-veja-quais-sao\/"},"modified":"2026-05-22T12:09:44","modified_gmt":"2026-05-22T15:09:44","slug":"vacinacao-contra-dengue-adulto-passa-a-ser-centralizada-em-cinco-unidades-de-saude-de-limeira-veja-quais-sao","status":"publish","type":"post","link":"https:\/\/guialimeira.com.br\/news\/vacinacao-contra-dengue-adulto-passa-a-ser-centralizada-em-cinco-unidades-de-saude-de-limeira-veja-quais-sao\/","title":{"rendered":"Vacina\u00e7\u00e3o contra dengue adulto passa a ser centralizada em cinco unidades de sa\u00fade de Limeira; veja quais s\u00e3o"},"content":{"rendered":"<p> <br \/>\n<\/p>\n<div>\n                <main class=\"\">&#13;<br \/>\n                    &#13;<br \/>\n&#13;<br \/>\n&#13;<br \/>\n&#13;<br \/>\n&#13;<br \/>\n&#13;<br \/>\n    <img data-recalc-dims=\"1\" decoding=\"async\" src=\"https:\/\/i0.wp.com\/ecrie.com.br\/sistema\/conteudos\/imagem\/m_137_0_1_27042026164703.jpg?w=696&#038;ssl=1\" alt=\"Vacina\u00e7\u00e3o contra dengue adulto passa a ser centralizada em cinco unidades de sa\u00fade de Limeira; veja quais s\u00e3o\"\/>&#13;<br \/>\n&#13;<br \/>\n&#13;<\/p>\n<p>\u00a0<\/p>\n<p>&#13;<\/p>\n<p style=\"text-align: justify;\">A partir desta segunda-feira (25), a vacina\u00e7\u00e3o contra dengue para profissionais de sa\u00fade de at\u00e9 59 anos e para a popula\u00e7\u00e3o geral com 59 anos passa a ser oferecida em cinco Unidades B\u00e1sicas de Sa\u00fade (UBSs) de Limeira. As unidades selecionadas s\u00e3o: Morro Azul, Planalto, Dores 2, Nova Europa e Vista Alegre.<\/p>\n<p>&#13;<\/p>\n<p style=\"text-align: justify;\">A mudan\u00e7a foi planejada com base em crit\u00e9rios log\u00edsticos, epidemiol\u00f3gicos e operacionais. Entre os objetivos est\u00e3o a melhor distribui\u00e7\u00e3o das doses dispon\u00edveis no munic\u00edpio, a redu\u00e7\u00e3o do risco de perdas de imunizantes por vencimento e a maior efici\u00eancia no controle de estoques. Com a centraliza\u00e7\u00e3o, a Secretaria de Sa\u00fade poder\u00e1 remanejar as doses entre as unidades de forma mais \u00e1gil, quando necess\u00e1rio.<\/p>\n<p>&#13;<\/p>\n<p style=\"text-align: justify;\">Para se vacinar, \u00e9 necess\u00e1rio apresentar documento de identifica\u00e7\u00e3o com foto, Cart\u00e3o SUS e Carteira de Vacina\u00e7\u00e3o. O atendimento nas unidades ocorre de segunda a sexta-feira, das 8h \u00e0s 12h e das 13h \u00e0s 16h.<\/p>\n<p>&#13;<\/p>\n<p style=\"text-align: justify;\">Al\u00e9m dos pontos fixos, o imunizante continuar\u00e1 sendo ofertado nas a\u00e7\u00f5es de vacina\u00e7\u00e3o itinerante promovidas pela Prefeitura, garantindo o alcance de diferentes territ\u00f3rios e p\u00fablicos.<\/p>\n<p>&#13;<\/p>\n<p style=\"text-align: justify;\"><u>Confira os endere\u00e7os das unidades que ir\u00e3o oferecer a vacina contra dengue adulto<\/u>:<\/p>\n<p>&#13;<\/p>\n<p style=\"text-align: justify;\">UBS Morro Azul &#8211; <span style=\"color: #171717;\"><span style=\"font-family: inter-regular, Open Sans, sans-serif;\"><span style=\"font-size: medium;\">Rua Oswaldo Bertolini, 500<\/span><\/span><\/span><\/p>\n<p>&#13;<\/p>\n<p style=\"text-align: justify;\">UBS Planalto &#8211; <span style=\"color: #171717;\"><span style=\"font-family: inter-regular, Open Sans, sans-serif;\"><span style=\"font-size: medium;\">Rua Professor Hely de Almeida Campos, s\/n\u00ba<\/span><\/span><\/span><\/p>\n<p>&#13;<\/p>\n<p style=\"text-align: justify;\">UBS Dores 2 &#8211; <span style=\"color: #171717;\"><span style=\"font-family: inter-regular, Open Sans, sans-serif;\"><span style=\"font-size: medium;\">Avenida Vit\u00f3rio Bortolan, 1.080<\/span><\/span><\/span><\/p>\n<p>&#13;<\/p>\n<p style=\"text-align: justify;\">UBS Nova Europa &#8211; <span style=\"color: #171717;\"><span style=\"font-family: inter-regular, Open Sans, sans-serif;\"><span style=\"font-size: medium;\">Rua Dona Eliza Sthalberg, 366<\/span><\/span><\/span><\/p>\n<p>&#13;<\/p>\n<p style=\"text-align: justify;\">UBS Vista Alegre &#8211; <span style=\"color: #171717;\"><span style=\"font-family: inter-regular, Open Sans, sans-serif;\"><span style=\"font-size: medium;\">Rua Alberto Pelegrino, s\/n\u00ba<\/span><\/span><\/span><\/p>\n<p>&#13;<br \/>\n&#13;<br \/>\n&#13;<br \/>\n&#13;<br \/>\n&#13;<br \/>\n&#13;<br \/>\n&#13;<\/p>\n<article class=\"conteudo-relacionado no-print\">&#13;<br \/>\n        &#13;<br \/>\n&#13;<br \/>\n        &#13;<br \/>\n    <\/article>\n<p>&#13;<br \/>\n&#13;<br \/>\n                <\/main><\/p><\/div>\n<p><br \/>\n<br \/><a href=\"https:\/\/limeira.sp.gov.br\/vacinacao-contra-dengue-adulto-passa-a-ser-centralizada-em-cinco-unidades-de-saude-de-limeira-veja-quais-sao\" rel=\"noopener\">Informa\u00e7\u00f5es da PML <\/a><\/p>\n","protected":false},"excerpt":{"rendered":"<p>&#13; &#13; &#13; &#13; &#13; &#13; &#13; &#13; &#13; &#13; \u00a0 &#13; A partir desta segunda-feira (25), a vacina\u00e7\u00e3o contra dengue para profissionais de sa\u00fade de at\u00e9 59 anos e para a popula\u00e7\u00e3o geral com 59 anos passa a ser oferecida em cinco Unidades B\u00e1sicas de Sa\u00fade (UBSs) de Limeira. As unidades selecionadas s\u00e3o: Morro [&hellip;]<\/p>\n","protected":false},"author":1,"featured_media":63195,"comment_status":"","ping_status":"open","sticky":false,"template":"","format":"standard","meta":{"_jetpack_newsletter_access":"","_jetpack_dont_email_post_to_subs":false,"_jetpack_newsletter_tier_id":0,"_jetpack_memberships_contains_paywalled_content":false,"_mbp_banners":[],"_jetpack_feature_clip_id":0,"_jetpack_memberships_contains_paid_content":false,"footnotes":"","jetpack_publicize_message":"","jetpack_publicize_feature_enabled":true,"jetpack_social_post_already_shared":true,"jetpack_social_options":{"image_generator_settings":{"template":"highway","default_image_id":0,"font":"","enabled":false},"version":2},"jetpack_post_was_ever_published":false},"categories":[16],"tags":[],"class_list":["post-66439","post","type-post","status-publish","format-standard","has-post-thumbnail","category-local"],"jetpack_publicize_connections":[],"jetpack-related-posts":[],"jetpack_shortlink":"https:\/\/wp.me\/p7Eq1F-hhB","jetpack_sharing_enabled":true,"jetpack_featured_media_url":"https:\/\/i0.wp.com\/guialimeira.com.br\/news\/wp-content\/uploads\/2026\/04\/m_137_0_1_27042026164703.jpg?fit=1024%2C681&ssl=1","_links":{"self":[{"href":"https:\/\/guialimeira.com.br\/news\/wp-json\/wp\/v2\/posts\/66439","targetHints":{"allow":["GET"]}}],"collection":[{"href":"https:\/\/guialimeira.com.br\/news\/wp-json\/wp\/v2\/posts"}],"about":[{"href":"https:\/\/guialimeira.com.br\/news\/wp-json\/wp\/v2\/types\/post"}],"author":[{"embeddable":true,"href":"https:\/\/guialimeira.com.br\/news\/wp-json\/wp\/v2\/users\/1"}],"replies":[{"embeddable":true,"href":"https:\/\/guialimeira.com.br\/news\/wp-json\/wp\/v2\/comments?post=66439"}],"version-history":[{"count":0,"href":"https:\/\/guialimeira.com.br\/news\/wp-json\/wp\/v2\/posts\/66439\/revisions"}],"wp:featuredmedia":[{"embeddable":true,"href":"https:\/\/guialimeira.com.br\/news\/wp-json\/wp\/v2\/media\/63195"}],"wp:attachment":[{"href":"https:\/\/guialimeira.com.br\/news\/wp-json\/wp\/v2\/media?parent=66439"}],"wp:term":[{"taxonomy":"category","embeddable":true,"href":"https:\/\/guialimeira.com.br\/news\/wp-json\/wp\/v2\/categories?post=66439"},{"taxonomy":"post_tag","embeddable":true,"href":"https:\/\/guialimeira.com.br\/news\/wp-json\/wp\/v2\/tags?post=66439"}],"curies":[{"name":"wp","href":"https:\/\/api.w.org\/{rel}","templated":true}]}}