{"id":66422,"date":"2026-05-22T09:43:02","date_gmt":"2026-05-22T12:43:02","guid":{"rendered":"https:\/\/guialimeira.com.br\/convocado-limeirense-representa-o-brasil-no-mundial-de-xadrez-na-italia\/"},"modified":"2026-05-22T09:43:02","modified_gmt":"2026-05-22T12:43:02","slug":"convocado-limeirense-representa-o-brasil-no-mundial-de-xadrez-na-italia","status":"publish","type":"post","link":"https:\/\/guialimeira.com.br\/news\/convocado-limeirense-representa-o-brasil-no-mundial-de-xadrez-na-italia\/","title":{"rendered":"Convocado: limeirense representa o Brasil no Mundial de Xadrez na It\u00e1lia"},"content":{"rendered":"<p> <br \/>\n<\/p>\n<div id=\"\">&#13;<br \/>\n                    &#13;<br \/>\n&#13;<br \/>\n&#13;<br \/>\n&#13;<br \/>\n&#13;<br \/>\n&#13;<br \/>\n    <img data-recalc-dims=\"1\" decoding=\"async\" src=\"https:\/\/i0.wp.com\/ecrie.com.br\/sistema\/conteudos\/imagem\/m_137_1_1_22052026093812.jpeg?w=696&#038;ssl=1\" alt=\"Convocado: limeirense representa o Brasil no Mundial de Xadrez na It\u00e1lia\"\/>&#13;<br \/>\n&#13;<br \/>\n&#13;<\/p>\n<p style=\"text-align: justify;\">O enxadrista limeirense Francisco Ferrari Pironti, de 17 anos, foi confirmado pela Confedera\u00e7\u00e3o Brasileira de Xadrez (CBX) como o Jogador Oficial Sub-18 do Brasil no Campeonato Mundial Juvenil de Xadrez FIDE 2026. O evento acontece de 14 a 27 de junho em Montesilvano, It\u00e1lia, e Francisco ser\u00e1 o \u00fanico brasileiro da categoria a representar o pa\u00eds na competi\u00e7\u00e3o.<\/p>\n<p>&#13;<\/p>\n<p style=\"text-align: justify;\">\u201cDisputar um Mundial ao lado de atletas de n\u00edvel internacional \u00e9 a realiza\u00e7\u00e3o de um sonho e, ao mesmo tempo, uma grande responsabilidade. \u00c9 uma oportunidade de aprendizado e evolu\u00e7\u00e3o, e de representar o Brasil e Limeira entre os melhores jogadores do mundo\u201d, afirma Francisco.<\/p>\n<p>&#13;<\/p>\n<p style=\"text-align: justify;\"><strong>Trajet\u00f3ria de Sucesso<\/strong><br \/>Mestre Nacional de Xadrez, Francisco acumula conquistas significativas em sua carreira. Seu principal feito at\u00e9 agora \u00e9 o t\u00edtulo de Campe\u00e3o Pan-Americano Escolar Sub-17, conquistado em Florian\u00f3polis, em 2025, considerado o auge de sua trajet\u00f3ria. Al\u00e9m disso, foi Campe\u00e3o Sul-Americano Escolar Sub-17 no Peru, em 2024, e possui diversos t\u00edtulos estaduais, regionais e resultados expressivos em competi\u00e7\u00f5es nacionais e internacionais.<\/p>\n<p>&#13;<\/p>\n<p><img data-recalc-dims=\"1\" decoding=\"async\" src=\"https:\/\/i0.wp.com\/ecrie.com.br\/sistema\/conteudos\/imagem\/g_137_0_1_22052026094113.jpeg?w=696&#038;ssl=1\" alt=\"WhatsApp Image 2026-05-22 at 09.21.49\"\/><\/p>\n<p>&#13;<\/p>\n<p style=\"text-align: right;\"><span style=\"font-size: 12px;\">Foto: Divulga\u00e7\u00e3o<\/span><\/p>\n<p>&#13;<\/p>\n<p style=\"text-align: justify;\"><strong>Uma Hist\u00f3ria de Supera\u00e7\u00e3o<\/strong><br \/>A trajet\u00f3ria de Francisco \u00e9 marcada pela supera\u00e7\u00e3o. Aos 11 anos, ele enfrentou um grave problema de sa\u00fade e passou meses internado. Foi nesse per\u00edodo que descobriu o xadrez, inicialmente como uma forma de passar o tempo. O contato com o tabuleiro rapidamente se transformou em uma paix\u00e3o, que se tornou essencial para sua recupera\u00e7\u00e3o.<\/p>\n<p>&#13;<\/p>\n<p style=\"text-align: justify;\">Seis meses ap\u00f3s decidir se dedicar ao esporte, conquistou o Campeonato Brasileiro Absoluto, a principal competi\u00e7\u00e3o nacional aberta da modalidade. Essa conquista deu in\u00edcio a uma trajet\u00f3ria de crescimento t\u00e9cnico que o leva agora a uma das maiores competi\u00e7\u00f5es juvenis do mundo. Para alcan\u00e7ar o t\u00edtulo de Grande Mestre, a mais alta gradua\u00e7\u00e3o do xadrez internacional, a participa\u00e7\u00e3o em competi\u00e7\u00f5es internacionais, como o Mundial Juvenil, \u00e9 fundamental.<\/p>\n<p>&#13;<\/p>\n<p style=\"text-align: justify;\"><strong>Reconhecimento<\/strong><\/p>\n<p>&#13;<\/p>\n<p style=\"text-align: justify;\">Para o prefeito Murilo F\u00e9lix, admirador da modalidade, a conquista de Francisco refor\u00e7a o potencial transformador do esporte. \u201cO Francisco \u00e9 motivo de orgulho para Limeira. O xadrez desenvolve racioc\u00ednio, disciplina, estrat\u00e9gia e forma\u00e7\u00e3o humana. Ver um jovem limeirense representar oficialmente o Brasil em um Mundial mostra como o esporte pode abrir caminhos e transformar vidas\u201d, destaca.<\/p>\n<p>&#13;<\/p>\n<p style=\"text-align: justify;\">A Prefeitura de Limeira tamb\u00e9m incentiva a modalidade por meio de projetos escolares, ampliando o acesso ao xadrez como ferramenta educacional, de desenvolvimento intelectual e forma\u00e7\u00e3o cidad\u00e3.<\/p>\n<p>&#13;<br \/>\n&#13;<br \/>\n&#13;<br \/>\n&#13;<\/p>\n<article class=\"conteudo-relacionado no-print\">&#13;<br \/>\n        &#13;<br \/>\n&#13;<br \/>\n        &#13;<br \/>\n    <\/article>\n<p>&#13;<br \/>\n&#13;\n                <\/p><\/div>\n<p><br \/>\n<br \/><a href=\"https:\/\/limeira.sp.gov.br\/convocado-limeirense-representa-o-brasil-no-mundial-de-xadrez-na-italia\" rel=\"noopener\">Informa\u00e7\u00f5es da PML <\/a><\/p>\n","protected":false},"excerpt":{"rendered":"<p>&#13; &#13; &#13; &#13; &#13; &#13; &#13; &#13; &#13; &#13; O enxadrista limeirense Francisco Ferrari Pironti, de 17 anos, foi confirmado pela Confedera\u00e7\u00e3o Brasileira de Xadrez (CBX) como o Jogador Oficial Sub-18 do Brasil no Campeonato Mundial Juvenil de Xadrez FIDE 2026. O evento acontece de 14 a 27 de junho em Montesilvano, It\u00e1lia, e [&hellip;]<\/p>\n","protected":false},"author":1,"featured_media":66423,"comment_status":"","ping_status":"open","sticky":false,"template":"","format":"standard","meta":{"_jetpack_newsletter_access":"","_jetpack_dont_email_post_to_subs":false,"_jetpack_newsletter_tier_id":0,"_jetpack_memberships_contains_paywalled_content":false,"_mbp_banners":[],"_jetpack_feature_clip_id":0,"_jetpack_memberships_contains_paid_content":false,"footnotes":"","jetpack_publicize_message":"","jetpack_publicize_feature_enabled":true,"jetpack_social_post_already_shared":true,"jetpack_social_options":{"image_generator_settings":{"template":"highway","default_image_id":0,"font":"","enabled":false},"version":2},"jetpack_post_was_ever_published":false},"categories":[16],"tags":[],"class_list":["post-66422","post","type-post","status-publish","format-standard","has-post-thumbnail","category-local"],"jetpack_publicize_connections":[],"jetpack-related-posts":[],"jetpack_shortlink":"https:\/\/wp.me\/p7Eq1F-hhk","jetpack_sharing_enabled":true,"jetpack_featured_media_url":"https:\/\/i0.wp.com\/guialimeira.com.br\/news\/wp-content\/uploads\/2026\/05\/m_137_1_1_22052026093812.jpeg?fit=1023%2C1024&ssl=1","_links":{"self":[{"href":"https:\/\/guialimeira.com.br\/news\/wp-json\/wp\/v2\/posts\/66422","targetHints":{"allow":["GET"]}}],"collection":[{"href":"https:\/\/guialimeira.com.br\/news\/wp-json\/wp\/v2\/posts"}],"about":[{"href":"https:\/\/guialimeira.com.br\/news\/wp-json\/wp\/v2\/types\/post"}],"author":[{"embeddable":true,"href":"https:\/\/guialimeira.com.br\/news\/wp-json\/wp\/v2\/users\/1"}],"replies":[{"embeddable":true,"href":"https:\/\/guialimeira.com.br\/news\/wp-json\/wp\/v2\/comments?post=66422"}],"version-history":[{"count":0,"href":"https:\/\/guialimeira.com.br\/news\/wp-json\/wp\/v2\/posts\/66422\/revisions"}],"wp:featuredmedia":[{"embeddable":true,"href":"https:\/\/guialimeira.com.br\/news\/wp-json\/wp\/v2\/media\/66423"}],"wp:attachment":[{"href":"https:\/\/guialimeira.com.br\/news\/wp-json\/wp\/v2\/media?parent=66422"}],"wp:term":[{"taxonomy":"category","embeddable":true,"href":"https:\/\/guialimeira.com.br\/news\/wp-json\/wp\/v2\/categories?post=66422"},{"taxonomy":"post_tag","embeddable":true,"href":"https:\/\/guialimeira.com.br\/news\/wp-json\/wp\/v2\/tags?post=66422"}],"curies":[{"name":"wp","href":"https:\/\/api.w.org\/{rel}","templated":true}]}}