{"id":66421,"date":"2026-05-22T09:25:52","date_gmt":"2026-05-22T12:25:52","guid":{"rendered":"https:\/\/guialimeira.com.br\/ordem-do-dia-da-proxima-sessao-ordinaria-tem-quatro-projetos-pautados-para-votacao\/"},"modified":"2026-05-22T09:25:52","modified_gmt":"2026-05-22T12:25:52","slug":"ordem-do-dia-da-proxima-sessao-ordinaria-tem-quatro-projetos-pautados-para-votacao","status":"publish","type":"post","link":"https:\/\/guialimeira.com.br\/news\/ordem-do-dia-da-proxima-sessao-ordinaria-tem-quatro-projetos-pautados-para-votacao\/","title":{"rendered":"Ordem do Dia da pr\u00f3xima sess\u00e3o ordin\u00e1ria tem quatro projetos pautados para vota\u00e7\u00e3o"},"content":{"rendered":"<p>Ordem do Dia da pr\u00f3xima sess\u00e3o ordin\u00e1ria tem quatro projetos pautados para vota\u00e7\u00e3o<\/p>\n<p>Quatro projetos est\u00e3o pautados na Ordem do Dia da pr\u00f3xima sess\u00e3o ordin\u00e1ria, na segunda-feira, 25 de maio. Os parlamentares tamb\u00e9m discutem requerimentos durante o Expediente. Os trabalhos s\u00e3o transmitidos ao vivo pelos canais de comunica\u00e7\u00e3o do Legislativo no Youtube, Facebook e site, e pela r\u00e1dio Limeira FM 106,9, a partir das 17h.<\/p>\n<p>Os mun\u00edcipes podem ainda conferir as sess\u00f5es de forma presencial. Temporariamente a C\u00e2mara est\u00e1 localizada na rua Clarino Peixoto, 280 &#8211; Jardim Maria Buchi Modeneis, devido \u00e0s obras de reforma e amplia\u00e7\u00e3o da sede. Para entrar no pr\u00e9dio basta se identificar na portaria e seguir at\u00e9 o \u00faltimo bloco.\u00a0 As orienta\u00e7\u00f5es para chegar ao novo endere\u00e7o est\u00e3o neste link.<\/p>\n<p>Confira os projetos que est\u00e3o pautados na Ordem do Dia:<\/p>\n<p>Projeto de Lei N\u00ba 155\/2025, do vereador Costa Junior (Podemos), disp\u00f5e sobre a promo\u00e7\u00e3o do uso de materiais oriundos da reutiliza\u00e7\u00e3o da constru\u00e7\u00e3o civil para a manuten\u00e7\u00e3o de estradas rurais no Munic\u00edpio de Limeira.<\/p>\n<p>Projeto de Lei N\u00ba 44\/2026, dos vereadores Everton Ferreira (PSD) e Felipe Penedo (PL), disp\u00f5e sobre a utiliza\u00e7\u00e3o de espa\u00e7os p\u00fablicos para atividade econ\u00f4mica.<\/p>\n<p>Projeto de Lei N\u00ba 52\/2026, dos vereadores Nilton Santos (Republicanos) e Tatiane Lopes (Avante), institui o Selo \u201cPet Seguro\u201d no \u00e2mbito do Munic\u00edpio de Limeira, destinado aos estabelecimentos pet shops que adotem medidas de monitoramento e seguran\u00e7a para prote\u00e7\u00e3o dos animais.<\/p>\n<p>Projeto de Lei N\u00ba 60\/2026, da vereadora Lu Bogo (PL), institui, no \u00e2mbito do Munic\u00edpio de Limeira, o Programa \u201cNatal Solid\u00e1rio \u2013 Cartinhas de Esperan\u00e7a\u201d, destinado a crian\u00e7as e adolescentes.<\/p>\n<hr>\n<p><em>Fonte: <a href=\"https:\/\/www.limeira.sp.leg.br\/noticias\/view\/2026-05-22_ordem-do-dia-da-proxima-sessao-ordinaria-tem-quatro-projetos-pautados-para-votacao\" target=\"_blank\" rel=\"noopener\">C\u00e2mara Municipal de Limeira<\/a><\/em><\/p>\n","protected":false},"excerpt":{"rendered":"<p>Ordem do Dia da pr\u00f3xima sess\u00e3o ordin\u00e1ria tem quatro projetos pautados para vota\u00e7\u00e3o<\/p>\n<p>Quatro projetos est\u00e3o pautados na Ordem do Dia da pr\u00f3xima sess\u00e3o ordin\u00e1ria, na segunda-feira, 25 de maio. Os parlamentares tamb\u00e9m discutem requerimentos durante o Expediente. Os trabalhos s\u00e3o transmitidos ao vivo pel<\/p>\n","protected":false},"author":4,"featured_media":66420,"comment_status":"","ping_status":"open","sticky":false,"template":"","format":"standard","meta":{"_jetpack_newsletter_access":"","_jetpack_dont_email_post_to_subs":false,"_jetpack_newsletter_tier_id":0,"_jetpack_memberships_contains_paywalled_content":false,"_mbp_banners":[],"_jetpack_feature_clip_id":0,"_jetpack_memberships_contains_paid_content":false,"footnotes":"","jetpack_publicize_message":"","jetpack_publicize_feature_enabled":true,"jetpack_social_post_already_shared":true,"jetpack_social_options":{"image_generator_settings":{"template":"highway","default_image_id":0,"font":"","enabled":false},"version":2},"jetpack_post_was_ever_published":false},"categories":[19],"tags":[],"class_list":["post-66421","post","type-post","status-publish","format-standard","has-post-thumbnail","category-politica"],"jetpack_publicize_connections":[],"jetpack-related-posts":[],"jetpack_shortlink":"https:\/\/wp.me\/p7Eq1F-hhj","jetpack_sharing_enabled":true,"jetpack_featured_media_url":"https:\/\/i0.wp.com\/guialimeira.com.br\/news\/wp-content\/uploads\/2026\/05\/noticia-camara-88.jpg?fit=1280%2C640&ssl=1","_links":{"self":[{"href":"https:\/\/guialimeira.com.br\/news\/wp-json\/wp\/v2\/posts\/66421","targetHints":{"allow":["GET"]}}],"collection":[{"href":"https:\/\/guialimeira.com.br\/news\/wp-json\/wp\/v2\/posts"}],"about":[{"href":"https:\/\/guialimeira.com.br\/news\/wp-json\/wp\/v2\/types\/post"}],"author":[{"embeddable":true,"href":"https:\/\/guialimeira.com.br\/news\/wp-json\/wp\/v2\/users\/4"}],"replies":[{"embeddable":true,"href":"https:\/\/guialimeira.com.br\/news\/wp-json\/wp\/v2\/comments?post=66421"}],"version-history":[{"count":0,"href":"https:\/\/guialimeira.com.br\/news\/wp-json\/wp\/v2\/posts\/66421\/revisions"}],"wp:featuredmedia":[{"embeddable":true,"href":"https:\/\/guialimeira.com.br\/news\/wp-json\/wp\/v2\/media\/66420"}],"wp:attachment":[{"href":"https:\/\/guialimeira.com.br\/news\/wp-json\/wp\/v2\/media?parent=66421"}],"wp:term":[{"taxonomy":"category","embeddable":true,"href":"https:\/\/guialimeira.com.br\/news\/wp-json\/wp\/v2\/categories?post=66421"},{"taxonomy":"post_tag","embeddable":true,"href":"https:\/\/guialimeira.com.br\/news\/wp-json\/wp\/v2\/tags?post=66421"}],"curies":[{"name":"wp","href":"https:\/\/api.w.org\/{rel}","templated":true}]}}