{"id":66416,"date":"2026-05-22T09:06:25","date_gmt":"2026-05-22T12:06:25","guid":{"rendered":"https:\/\/guialimeira.com.br\/limeira-sedia-evento-voltado-a-empresarios-que-buscam-credito-acessivel-para-negocios\/"},"modified":"2026-05-22T09:06:25","modified_gmt":"2026-05-22T12:06:25","slug":"limeira-sedia-evento-voltado-a-empresarios-que-buscam-credito-acessivel-para-negocios","status":"publish","type":"post","link":"https:\/\/guialimeira.com.br\/news\/limeira-sedia-evento-voltado-a-empresarios-que-buscam-credito-acessivel-para-negocios\/","title":{"rendered":"Limeira sedia evento voltado a empres\u00e1rios que buscam cr\u00e9dito acess\u00edvel para neg\u00f3cios"},"content":{"rendered":"<p> <br \/>\n<\/p>\n<div>\n                <main class=\"\">&#13;<br \/>\n                    &#13;<br \/>\n&#13;<br \/>\n&#13;<br \/>\n&#13;<br \/>\n&#13;<br \/>\n&#13;<br \/>\n    <img data-recalc-dims=\"1\" decoding=\"async\" src=\"https:\/\/i0.wp.com\/ecrie.com.br\/sistema\/conteudos\/imagem\/m_137_0_1_22052026090327.jpg?w=696&#038;ssl=1\" alt=\"Limeira sedia evento voltado a empres\u00e1rios que buscam cr\u00e9dito acess\u00edvel para neg\u00f3cios\"\/>&#13;<br \/>\n&#13;<br \/>\n&#13;<\/p>\n<p style=\"text-align: justify;\">Conseguir cr\u00e9dito para abrir, manter ou expandir um neg\u00f3cio pode ser um caminho cheio de d\u00favidas, e \u00e9 justamente para facilitar essa trajet\u00f3ria que Limeira recebe, no dia 17 de junho, \u00e0s 9h30, no Espa\u00e7o Elo, localizada no P\u00e1tio Office, a Jornada de Cr\u00e9dito da Desenvolve SP.<\/p>\n<p>&#13;<\/p>\n<p style=\"text-align: justify;\">\u201cA Prefeitura n\u00e3o impulsiona uma empresa sozinha, mas pode abrir portas. Trazer esse evento para Limeira \u00e9 uma forma concreta de conectar quem empreende com quem pode financiar o crescimento. \u00c9 o caso do Desenvolve SP, que tem linhas de cr\u00e9dito bastante acess\u00edveis&#8221;, ressalta o prefeito Murilo F\u00e9lix.<\/p>\n<p>&#13;<\/p>\n<p style=\"text-align: justify;\">O evento gratuito, realizado em parceria com a Prefeitura de Limeira, re\u00fane consultores especializados para orientar micro, pequenos e m\u00e9dios empres\u00e1rios sobre as linhas de financiamento dispon\u00edveis, como acess\u00e1-las e de que forma o cr\u00e9dito pode ser uma ferramenta de crescimento consciente para o neg\u00f3cio.<\/p>\n<p>&#13;<\/p>\n<p style=\"text-align: justify;\">A programa\u00e7\u00e3o inclui palestra com consultor da Desenvolve SP sobre acesso ao cr\u00e9dito, atendimento individual aos participantes e palestra do Sebrae com orienta\u00e7\u00f5es sobre cr\u00e9dito consciente e planejamento financeiro.<\/p>\n<p>&#13;<\/p>\n<p style=\"text-align: justify;\">Para participar, \u00e9 necess\u00e1rio realizar inscri\u00e7\u00e3o pelo link: <a href=\"https:\/\/www.desenvolvesp.com.br\/jornada#formulario\" rel=\"noopener\">https:\/\/www.desenvolvesp.com.br\/jornada#formulario<\/a><\/p>\n<p>&#13;<\/p>\n<p style=\"text-align: justify;\">A a\u00e7\u00e3o \u00e9 organizada pela Secretaria de Desenvolvimento Econ\u00f4mico e est\u00e1 alinhada aos Objetivos de Desenvolvimento Sustent\u00e1vel (ODS) 8 e 9 da Agenda 2030 da ONU, voltados \u00e0 promo\u00e7\u00e3o do crescimento econ\u00f4mico sustent\u00e1vel e da inova\u00e7\u00e3o.<\/p>\n<p>&#13;<\/p>\n<p style=\"text-align: justify;\">SERVI\u00c7O<\/p>\n<p>&#13;<\/p>\n<p style=\"text-align: justify;\">Jornada de Cr\u00e9dito \u2013 Desenvolve SP<\/p>\n<p>&#13;<\/p>\n<p style=\"text-align: justify;\">17 de junho (ter\u00e7a-feira), \u00e0s 9h30<br \/>Espa\u00e7o Elo \u2013 P\u00e1tio Limeira Shopping<br \/>1\u00ba andar do P\u00e1tio Office<\/p>\n<p>&#13;<\/p>\n<p style=\"text-align: justify;\">Sobre a Desenvolve SP<\/p>\n<p>&#13;<\/p>\n<p style=\"text-align: justify;\">A Desenvolve SP \u00e9 a ag\u00eancia de fomento do Governo do Estado de S\u00e3o Paulo. Com foco no financiamento de longo prazo para empresas paulistas, a institui\u00e7\u00e3o oferece solu\u00e7\u00f5es acess\u00edveis e sustent\u00e1veis para impulsionar o crescimento de neg\u00f3cios em diversos setores da economia.<\/p>\n<p>&#13;<br \/>\n&#13;<br \/>\n&#13;<br \/>\n&#13;<\/p>\n<article class=\"conteudo-relacionado no-print\">&#13;<br \/>\n        &#13;<br \/>\n&#13;<br \/>\n        &#13;<br \/>\n    <\/article>\n<p>&#13;<br \/>\n&#13;<br \/>\n                <\/main><\/p><\/div>\n<p><br \/>\n<br \/><a href=\"https:\/\/limeira.sp.gov.br\/limeira-sedia-evento-voltado-a-empresarios-que-buscam-credito-acessivel-para-negocios\" rel=\"noopener\">Informa\u00e7\u00f5es da PML <\/a><\/p>\n","protected":false},"excerpt":{"rendered":"<p>&#13; &#13; &#13; &#13; &#13; &#13; &#13; &#13; &#13; &#13; Conseguir cr\u00e9dito para abrir, manter ou expandir um neg\u00f3cio pode ser um caminho cheio de d\u00favidas, e \u00e9 justamente para facilitar essa trajet\u00f3ria que Limeira recebe, no dia 17 de junho, \u00e0s 9h30, no Espa\u00e7o Elo, localizada no P\u00e1tio Office, a Jornada de Cr\u00e9dito da [&hellip;]<\/p>\n","protected":false},"author":1,"featured_media":66417,"comment_status":"","ping_status":"open","sticky":false,"template":"","format":"standard","meta":{"_jetpack_newsletter_access":"","_jetpack_dont_email_post_to_subs":false,"_jetpack_newsletter_tier_id":0,"_jetpack_memberships_contains_paywalled_content":false,"_mbp_banners":[],"_jetpack_feature_clip_id":0,"_jetpack_memberships_contains_paid_content":false,"footnotes":"","jetpack_publicize_message":"","jetpack_publicize_feature_enabled":true,"jetpack_social_post_already_shared":true,"jetpack_social_options":{"image_generator_settings":{"template":"highway","default_image_id":0,"font":"","enabled":false},"version":2},"jetpack_post_was_ever_published":false},"categories":[16],"tags":[],"class_list":["post-66416","post","type-post","status-publish","format-standard","has-post-thumbnail","category-local"],"jetpack_publicize_connections":[],"jetpack-related-posts":[],"jetpack_shortlink":"https:\/\/wp.me\/p7Eq1F-hhe","jetpack_sharing_enabled":true,"jetpack_featured_media_url":"https:\/\/i0.wp.com\/guialimeira.com.br\/news\/wp-content\/uploads\/2026\/05\/m_137_0_1_22052026090327.jpg?fit=1024%2C576&ssl=1","_links":{"self":[{"href":"https:\/\/guialimeira.com.br\/news\/wp-json\/wp\/v2\/posts\/66416","targetHints":{"allow":["GET"]}}],"collection":[{"href":"https:\/\/guialimeira.com.br\/news\/wp-json\/wp\/v2\/posts"}],"about":[{"href":"https:\/\/guialimeira.com.br\/news\/wp-json\/wp\/v2\/types\/post"}],"author":[{"embeddable":true,"href":"https:\/\/guialimeira.com.br\/news\/wp-json\/wp\/v2\/users\/1"}],"replies":[{"embeddable":true,"href":"https:\/\/guialimeira.com.br\/news\/wp-json\/wp\/v2\/comments?post=66416"}],"version-history":[{"count":0,"href":"https:\/\/guialimeira.com.br\/news\/wp-json\/wp\/v2\/posts\/66416\/revisions"}],"wp:featuredmedia":[{"embeddable":true,"href":"https:\/\/guialimeira.com.br\/news\/wp-json\/wp\/v2\/media\/66417"}],"wp:attachment":[{"href":"https:\/\/guialimeira.com.br\/news\/wp-json\/wp\/v2\/media?parent=66416"}],"wp:term":[{"taxonomy":"category","embeddable":true,"href":"https:\/\/guialimeira.com.br\/news\/wp-json\/wp\/v2\/categories?post=66416"},{"taxonomy":"post_tag","embeddable":true,"href":"https:\/\/guialimeira.com.br\/news\/wp-json\/wp\/v2\/tags?post=66416"}],"curies":[{"name":"wp","href":"https:\/\/api.w.org\/{rel}","templated":true}]}}