{"id":66411,"date":"2026-05-22T08:37:07","date_gmt":"2026-05-22T11:37:07","guid":{"rendered":"https:\/\/guialimeira.com.br\/prefeitura-promove-mostra-de-danca-de-limeira-2026-com-programacao-gratuita\/"},"modified":"2026-05-22T08:37:07","modified_gmt":"2026-05-22T11:37:07","slug":"prefeitura-promove-mostra-de-danca-de-limeira-2026-com-programacao-gratuita","status":"publish","type":"post","link":"https:\/\/guialimeira.com.br\/news\/prefeitura-promove-mostra-de-danca-de-limeira-2026-com-programacao-gratuita\/","title":{"rendered":"Prefeitura promove Mostra de Dan\u00e7a de Limeira 2026 com programa\u00e7\u00e3o gratuita"},"content":{"rendered":"<p> <br \/>\n<\/p>\n<div id=\"\">&#13;<br \/>\n                    &#13;<br \/>\n&#13;<br \/>\n&#13;<br \/>\n&#13;<br \/>\n&#13;<br \/>\n&#13;<br \/>\n    <img data-recalc-dims=\"1\" decoding=\"async\" src=\"https:\/\/i0.wp.com\/ecrie.com.br\/sistema\/conteudos\/imagem\/m_137_0_1_22052026083150.jpg?w=696&#038;ssl=1\" alt=\"Prefeitura promove Mostra de Dan\u00e7a de Limeira 2026 com programa\u00e7\u00e3o gratuita\"\/>&#13;<br \/>\n&#13;<br \/>\n&#13;<\/p>\n<p><span style=\"font-weight: 400;\">Entre os dias 27 e 31 de maio de 2026, a Mostra de Dan\u00e7a de Limeira 2026 promete movimentar a cena art\u00edstica local. Integrando as celebra\u00e7\u00f5es do bicenten\u00e1rio do munic\u00edpio (1826-2026), o evento contar\u00e1 com uma programa\u00e7\u00e3o intensa que re\u00fane apresenta\u00e7\u00f5es de diversos g\u00eaneros coreogr\u00e1ficos, palestras formativas, workshops pr\u00e1ticos e a avalia\u00e7\u00e3o de uma banca t\u00e9cnica composta por jurados altamente qualificados.<\/span><\/p>\n<p>&#13;<\/p>\n<p><span style=\"font-weight: 400;\">Toda a programa\u00e7\u00e3o possui classifica\u00e7\u00e3o et\u00e1ria livre. Os ingressos para as apresenta\u00e7\u00f5es tem entrada solid\u00e1ria, no qual o p\u00fablico \u00e9 convidado a trocar seu acesso por um produto de higiene pessoal ou de limpeza, que ser\u00e1 destinado a a\u00e7\u00f5es sociais desenvolvidas na cidade.<\/span><\/p>\n<p>&#13;<\/p>\n<p><span style=\"font-weight: 400;\">Abaixo, confira o cronograma completo das atividades:<\/span><\/p>\n<p>&#13;<\/p>\n<p>\u00a0<\/p>\n<p>&#13;<\/p>\n<p><strong>Atividades de Forma\u00e7\u00e3o: &#8220;Esquenta da Mostra&#8221; (22 a 26 de maio)<\/strong><\/p>\n<p>&#13;<\/p>\n<p><span style=\"font-weight: 400;\">Antes do in\u00edcio oficial das apresenta\u00e7\u00f5es no palco principal, o evento promove o &#8220;Esquenta&#8221;, com oficinas e palestras gratuitas em diferentes espa\u00e7os culturais:<\/span><\/p>\n<p>&#13;<\/p>\n<p><strong>22\/05 (Sexta-feira) \u2013 Parque Cidade<\/strong><\/p>\n<p>&#13;<\/p>\n<p><span style=\"font-weight: 400;\">18h30: Workshop &#8220;Jazz Dance Intermedi\u00e1rio&#8221; \u2013 com Tiago Lopez.<\/span><span style=\"font-weight: 400;\"\/><\/p>\n<p>&#13;<\/p>\n<p><strong>23\/05 (S\u00e1bado) \u2013 Palacete Levy<\/strong><\/p>\n<p>&#13;<\/p>\n<p><span style=\"font-weight: 400;\">14h00: Musicalidade na Dan\u00e7a \u2013 com Mait\u00ea Voigt.<\/span><\/p>\n<p>&#13;<\/p>\n<p><span style=\"font-weight: 400;\">15h30: &#8220;A forma\u00e7\u00e3o sobre pr\u00e1ticas inclusivas na Dan\u00e7a&#8221; \u2013 com Denise Guimar\u00e3es.<\/span><\/p>\n<p>&#13;<\/p>\n<p><span style=\"font-weight: 400;\">17h00: &#8220;Dan\u00e7a de Sal\u00e3o&#8221; \u2013 com Fernando Almeida.<\/span><\/p>\n<p>&#13;<\/p>\n<p>\u00a0<\/p>\n<p>&#13;<\/p>\n<p><strong>24\/05 (Domingo) \u2013 Teatro Vit\u00f3ria<\/strong><\/p>\n<p>&#13;<\/p>\n<p><span style=\"font-weight: 400;\">14h00: Workshop &#8220;Ballet Cl\u00e1ssico Intermedi\u00e1rio&#8221; \u2013 com Daniela Alonso.<\/span><\/p>\n<p>&#13;<\/p>\n<p><span style=\"font-weight: 400;\">15h30: Workshop &#8220;Corpos em Cena: Dan\u00e7a que Conta Hist\u00f3rias&#8221; \u2013 com Jonatas Noguel.<\/span><\/p>\n<p>&#13;<\/p>\n<p><span style=\"font-weight: 400;\">25\/05 (Segunda-feira) \u2013 Palacete Levy<\/span><\/p>\n<p>&#13;<\/p>\n<p><span style=\"font-weight: 400;\">18h30: Palestra &#8220;A forma\u00e7\u00e3o humana atrav\u00e9s do ballet cl\u00e1ssico&#8221; \u2013 com Soraia Cintra.<\/span><\/p>\n<p>&#13;<\/p>\n<p><span style=\"font-weight: 400;\">19h30: Workshop &#8220;Prepara\u00e7\u00e3o F\u00edsica para bailarinos atrav\u00e9s da contrologia&#8221; \u2013 com Fabiana Claudino.<\/span><\/p>\n<p>&#13;<\/p>\n<p><span style=\"font-weight: 400;\">26\/05 (Ter\u00e7a-feira) \u2013 Teatro Vit\u00f3ria<\/span><\/p>\n<p>&#13;<\/p>\n<p><span style=\"font-weight: 400;\">19h00: Workshop &#8220;O Corpo que fala&#8221; \u2013 com Renata Cavinato.<\/span><\/p>\n<p>&#13;<\/p>\n<p>\u00a0<\/p>\n<p>&#13;<\/p>\n<p><strong>Espet\u00e1culos Tem\u00e1ticos (Teatro Vit\u00f3ria)<\/strong><\/p>\n<p>&#13;<\/p>\n<p><span style=\"font-weight: 400;\">As grandes apresenta\u00e7\u00f5es art\u00edsticas acontecem no palco do Teatro Vit\u00f3ria, divididas por noites tem\u00e1ticas com variados estilos coreogr\u00e1ficos:<\/span><\/p>\n<p>&#13;<\/p>\n<p><span style=\"font-weight: 400;\">27\/05 (Quarta-feira) | 19h30: Dan\u00e7a de Sal\u00e3o, K-pop, Populares, Dan\u00e7a do Ventre e Sapateado.<\/span><\/p>\n<p>&#13;<\/p>\n<p><span style=\"font-weight: 400;\">28\/05 (Quinta-feira) | 19h30: Ballet de Repert\u00f3rio e Dan\u00e7a Contempor\u00e2nea.<\/span><\/p>\n<p>&#13;<\/p>\n<p><span style=\"font-weight: 400;\">29\/05 (Sexta-feira) | 19h30: Dan\u00e7as Cl\u00e1ssicas.<\/span><\/p>\n<p>&#13;<\/p>\n<p><span style=\"font-weight: 400;\">30\/05 (S\u00e1bado) | 19h: Jazz Dance e Dan\u00e7as Urbanas.<\/span><\/p>\n<p>&#13;<\/p>\n<p><span style=\"font-weight: 400;\">31\/05 (Domingo) | 16h: Noite de Gala (Encerramento).<\/span><\/p>\n<p>&#13;<\/p>\n<p>\u00a0<\/p>\n<p>&#13;<\/p>\n<p><strong>Workshops Durante a Mostra (28 a 31 de maio)<\/strong><\/p>\n<p>&#13;<\/p>\n<p><span style=\"font-weight: 400;\">Oficinas pr\u00e1ticas de n\u00edvel avan\u00e7ado e estilos variados ministradas por convidados e integrantes da pr\u00f3pria banca t\u00e9cnica:<\/span><\/p>\n<p>&#13;<\/p>\n<p><span style=\"font-weight: 400;\">28\/05 (Teatro Vit\u00f3ria) | 16h \u00e0s 17h30: Workshop &#8220;Dan\u00e7a Contempor\u00e2nea&#8221; \u2013 com Rodrigo Cucorocio.<\/span><\/p>\n<p>&#13;<\/p>\n<p><span style=\"font-weight: 400;\">29\/05 (Teatro Vit\u00f3ria) | 16h \u00e0s 17h30: Workshop &#8220;Ballet Cl\u00e1ssico Avan\u00e7ado&#8221; \u2013 com Priscilla Yokoi.<\/span><\/p>\n<p>&#13;<\/p>\n<p><span style=\"font-weight: 400;\">30\/05 (Teatro Vit\u00f3ria) | 14h30 \u00e0s 16h: Workshop &#8220;Aula de Dan\u00e7as Urbanas&#8221; \u2013 com Cl\u00e9cio de Souza.<\/span><\/p>\n<p>&#13;<\/p>\n<p><span style=\"font-weight: 400;\">30\/05 (Teatro Vit\u00f3ria) | 16h30 \u00e0s 18h: Workshop &#8220;Jazz Dance Intermedi\u00e1rio\/Avan\u00e7ado&#8221; \u2013 com Ang\u00e9lica Bueno.<\/span><\/p>\n<p>&#13;<\/p>\n<p><span style=\"font-weight: 400;\">31\/05 (Parque Cidade) | 10h \u00e0s 11h30: Workshop &#8220;Dan\u00e7a Indiana&#8221; \u2013 com Virginia Jubran.<\/span><\/p>\n<p>&#13;<\/p>\n<p>\u00a0<\/p>\n<p>&#13;<\/p>\n<p><strong>Corpo de Jurados<\/strong><\/p>\n<p>&#13;<\/p>\n<p><span style=\"font-weight: 400;\">A an\u00e1lise t\u00e9cnica e art\u00edstica das apresenta\u00e7\u00f5es desta edi\u00e7\u00e3o ficar\u00e1 sob a responsabilidade de um renomado corpo de profissionais de destaque no cen\u00e1rio nacional da dan\u00e7a:<\/span><\/p>\n<p>&#13;<\/p>\n<ul>&#13;<\/p>\n<li style=\"font-weight: 400;\" aria-level=\"1\"><span style=\"font-weight: 400;\">Cl\u00e9cio de Souza<\/span><\/li>\n<p>&#13;<\/p>\n<li style=\"font-weight: 400;\" aria-level=\"1\"><span style=\"font-weight: 400;\">Priscilla Yokoi<\/span><\/li>\n<p>&#13;<\/p>\n<li style=\"font-weight: 400;\" aria-level=\"1\"><span style=\"font-weight: 400;\">Dani Agnis<\/span><\/li>\n<p>&#13;<\/p>\n<li style=\"font-weight: 400;\" aria-level=\"1\"><span style=\"font-weight: 400;\">Rodrigo Cucorocio<\/span><\/li>\n<p>&#13;<\/p>\n<li style=\"font-weight: 400;\" aria-level=\"1\"><span style=\"font-weight: 400;\">Denise Guimar\u00e3es<\/span><\/li>\n<p>&#13;<\/p>\n<li style=\"font-weight: 400;\" aria-level=\"1\"><span style=\"font-weight: 400;\">Ang\u00e9lica Bueno<\/span><\/li>\n<p>&#13;<\/p>\n<li style=\"font-weight: 400;\" aria-level=\"1\"><span style=\"font-weight: 400;\">Robson Franccisco<\/span><\/li>\n<p>&#13;\n<\/ul>\n<p>&#13;<\/p>\n<p><strong>Servi\u00e7o:<\/strong><\/p>\n<p>&#13;<\/p>\n<p><span style=\"font-weight: 400;\">Evento: Mostra de Dan\u00e7a de Limeira 2026<\/span><\/p>\n<p>&#13;<\/p>\n<p><span style=\"font-weight: 400;\">Per\u00edodo: 22 a 31 de maio de 2026<\/span><\/p>\n<p>&#13;<\/p>\n<p><span style=\"font-weight: 400;\">Locais: Teatro Vit\u00f3ria, Palacete Levy e Parque Cidade.<\/span><\/p>\n<p>&#13;<\/p>\n<p><span style=\"font-weight: 400;\">Entrada: Solid\u00e1ria (Acesso mediante a doa\u00e7\u00e3o de um produto de higiene pessoal ou de limpeza).<\/span><\/p>\n<p>&#13;<\/p>\n<p><span style=\"font-weight: 400;\">Classifica\u00e7\u00e3o: Livre<\/span><\/p>\n<p>&#13;<\/p>\n<p><span style=\"font-weight: 400;\">Realiza\u00e7\u00e3o: Secretaria de Cultura.<\/span><span style=\"font-weight: 400;\"><br \/><\/span><span style=\"font-weight: 400;\"><br \/><\/span><span style=\"font-weight: 400;\">Esse evento est\u00e1 alinhado aos objetivos 4 e 8 de Desenvolvimento Sustent\u00e1vel da ONU (ODS4 e ODS8 ), pois investe na forma\u00e7\u00e3o art\u00edstica e cidad\u00e3 da comunidade por meio de apresenta\u00e7\u00f5es gratuitas.<\/span><\/p>\n<p>&#13;<\/p>\n<p><img data-recalc-dims=\"1\" decoding=\"async\" src=\"https:\/\/i0.wp.com\/ecrie.com.br\/sistema\/conteudos\/imagem\/g_137_0_1_22052026083100.jpg?w=696&#038;ssl=1\" alt=\"Mostra de Dan\u00e7a\"\/><\/p>\n<p>&#13;<br \/>\n&#13;<br \/>\n&#13;<br \/>\n&#13;<\/p>\n<article class=\"conteudo-relacionado no-print\">&#13;<br \/>\n        &#13;<br \/>\n&#13;<br \/>\n        &#13;<br \/>\n    <\/article>\n<p>&#13;<br \/>\n&#13;\n                <\/p><\/div>\n<p><br \/>\n<br \/><a href=\"https:\/\/limeira.sp.gov.br\/prefeitura-promove-mostra-de-danca-de-limeira-2026-com-programacao-gratuita\" rel=\"noopener\">Informa\u00e7\u00f5es da PML <\/a><\/p>\n","protected":false},"excerpt":{"rendered":"<p>&#13; &#13; &#13; &#13; &#13; &#13; &#13; &#13; &#13; &#13; Entre os dias 27 e 31 de maio de 2026, a Mostra de Dan\u00e7a de Limeira 2026 promete movimentar a cena art\u00edstica local. Integrando as celebra\u00e7\u00f5es do bicenten\u00e1rio do munic\u00edpio (1826-2026), o evento contar\u00e1 com uma programa\u00e7\u00e3o intensa que re\u00fane apresenta\u00e7\u00f5es de diversos g\u00eaneros coreogr\u00e1ficos, [&hellip;]<\/p>\n","protected":false},"author":1,"featured_media":66412,"comment_status":"","ping_status":"open","sticky":false,"template":"","format":"standard","meta":{"_jetpack_newsletter_access":"","_jetpack_dont_email_post_to_subs":false,"_jetpack_newsletter_tier_id":0,"_jetpack_memberships_contains_paywalled_content":false,"_mbp_banners":[],"_jetpack_feature_clip_id":0,"_jetpack_memberships_contains_paid_content":false,"footnotes":"","jetpack_publicize_message":"","jetpack_publicize_feature_enabled":true,"jetpack_social_post_already_shared":true,"jetpack_social_options":{"image_generator_settings":{"template":"highway","default_image_id":0,"font":"","enabled":false},"version":2},"jetpack_post_was_ever_published":false},"categories":[16],"tags":[],"class_list":["post-66411","post","type-post","status-publish","format-standard","has-post-thumbnail","category-local"],"jetpack_publicize_connections":[],"jetpack-related-posts":[],"jetpack_shortlink":"https:\/\/wp.me\/p7Eq1F-hh9","jetpack_sharing_enabled":true,"jetpack_featured_media_url":"https:\/\/i0.wp.com\/guialimeira.com.br\/news\/wp-content\/uploads\/2026\/05\/m_137_0_1_22052026083150.jpg?fit=800%2C450&ssl=1","_links":{"self":[{"href":"https:\/\/guialimeira.com.br\/news\/wp-json\/wp\/v2\/posts\/66411","targetHints":{"allow":["GET"]}}],"collection":[{"href":"https:\/\/guialimeira.com.br\/news\/wp-json\/wp\/v2\/posts"}],"about":[{"href":"https:\/\/guialimeira.com.br\/news\/wp-json\/wp\/v2\/types\/post"}],"author":[{"embeddable":true,"href":"https:\/\/guialimeira.com.br\/news\/wp-json\/wp\/v2\/users\/1"}],"replies":[{"embeddable":true,"href":"https:\/\/guialimeira.com.br\/news\/wp-json\/wp\/v2\/comments?post=66411"}],"version-history":[{"count":0,"href":"https:\/\/guialimeira.com.br\/news\/wp-json\/wp\/v2\/posts\/66411\/revisions"}],"wp:featuredmedia":[{"embeddable":true,"href":"https:\/\/guialimeira.com.br\/news\/wp-json\/wp\/v2\/media\/66412"}],"wp:attachment":[{"href":"https:\/\/guialimeira.com.br\/news\/wp-json\/wp\/v2\/media?parent=66411"}],"wp:term":[{"taxonomy":"category","embeddable":true,"href":"https:\/\/guialimeira.com.br\/news\/wp-json\/wp\/v2\/categories?post=66411"},{"taxonomy":"post_tag","embeddable":true,"href":"https:\/\/guialimeira.com.br\/news\/wp-json\/wp\/v2\/tags?post=66411"}],"curies":[{"name":"wp","href":"https:\/\/api.w.org\/{rel}","templated":true}]}}