{"id":66405,"date":"2026-05-22T07:35:35","date_gmt":"2026-05-22T10:35:35","guid":{"rendered":"https:\/\/guialimeira.com.br\/?p=66405"},"modified":"2026-05-22T07:35:39","modified_gmt":"2026-05-22T10:35:39","slug":"cadastro-nacional-condenados-violencia-mulher-lula","status":"publish","type":"post","link":"https:\/\/guialimeira.com.br\/news\/cadastro-nacional-condenados-violencia-mulher-lula\/","title":{"rendered":"Lula sanciona lei que cria Cadastro Nacional de Condenados por Viol\u00eancia contra a Mulher no Brasil."},"content":{"rendered":"\n<p class=\"wp-block-paragraph\">O presidente Luiz In\u00e1cio Lula da Silva sancionou a Lei n\u00ba 15.409, de 20 de maio de 2026, que cria o Cadastro Nacional de Pessoas Condenadas por Viol\u00eancia contra a Mulher (CNVM). A medida foi publicada oficialmente pela Presid\u00eancia da Rep\u00fablica e prev\u00ea a cria\u00e7\u00e3o de um banco de dados nacional com informa\u00e7\u00f5es de pessoas condenadas por crimes de viol\u00eancia contra mulheres.<\/p>\n\n\n\n<p class=\"wp-block-paragraph\">Segundo o texto, o cadastro reunir\u00e1 dados de condenados por crimes como feminic\u00eddio, estupro, estupro de vulner\u00e1vel, ass\u00e9dio sexual, importuna\u00e7\u00e3o sexual, persegui\u00e7\u00e3o contra a mulher e viol\u00eancia psicol\u00f3gica, entre outros previstos no C\u00f3digo Penal.<\/p>\n\n\n\n<p class=\"wp-block-paragraph\">O sistema ser\u00e1 administrado pelo Poder Executivo Federal e permitir\u00e1 o compartilhamento de informa\u00e7\u00f5es entre \u00f3rg\u00e3os de seguran\u00e7a p\u00fablica federais e estaduais.<\/p>\n\n\n\n<p class=\"wp-block-paragraph\">Entre os dados previstos no cadastro est\u00e3o:<\/p>\n\n\n\n<ul class=\"wp-block-list\">\n<li>Nome completo<\/li>\n\n\n\n<li>RG e CPF<\/li>\n\n\n\n<li>Filia\u00e7\u00e3o<\/li>\n\n\n\n<li>Foto e impress\u00f5es digitais<\/li>\n\n\n\n<li>Endere\u00e7o residencial<\/li>\n\n\n\n<li>Tipo de crime cometido<\/li>\n<\/ul>\n\n\n\n<p class=\"wp-block-paragraph\">A nova lei determina ainda que os dados sejam atualizados periodicamente e armazenados para consulta dos \u00f3rg\u00e3os competentes.<\/p>\n\n\n\n<p class=\"wp-block-paragraph\">A legisla\u00e7\u00e3o entra em vigor 60 dias ap\u00f3s a publica\u00e7\u00e3o oficial no Di\u00e1rio Oficial da Uni\u00e3o.<\/p>\n\n\n\n<h2 class=\"wp-block-heading\">O que muda na pr\u00e1tica?<\/h2>\n\n\n\n<p class=\"wp-block-paragraph\">A proposta busca fortalecer o combate \u00e0 viol\u00eancia contra a mulher, ampliar o monitoramento de condenados e facilitar o interc\u00e2mbio de informa\u00e7\u00f5es entre autoridades de seguran\u00e7a p\u00fablica em todo o pa\u00eds.<\/p>\n\n\n\n<p class=\"wp-block-paragraph\">Especialistas apontam que a efetividade da medida depender\u00e1 diretamente da integra\u00e7\u00e3o entre os sistemas estaduais e federais, al\u00e9m da atualiza\u00e7\u00e3o constante das informa\u00e7\u00f5es cadastradas.<\/p>\n\n\n\n<p class=\"wp-block-paragraph\"><\/p>\n","protected":false},"excerpt":{"rendered":"<p>O presidente Luiz In\u00e1cio Lula da Silva sancionou a Lei n\u00ba 15.409, de 20 de maio de 2026, que cria o Cadastro Nacional de Pessoas Condenadas por Viol\u00eancia contra a Mulher (CNVM). A medida foi publicada oficialmente pela Presid\u00eancia da Rep\u00fablica e prev\u00ea a cria\u00e7\u00e3o de um banco de dados nacional com informa\u00e7\u00f5es de pessoas [&hellip;]<\/p>\n","protected":false},"author":1,"featured_media":66406,"comment_status":"closed","ping_status":"open","sticky":false,"template":"","format":"standard","meta":{"_jetpack_newsletter_access":"","_jetpack_dont_email_post_to_subs":false,"_jetpack_newsletter_tier_id":0,"_jetpack_memberships_contains_paywalled_content":false,"_mbp_banners":[],"_jetpack_feature_clip_id":0,"_jetpack_memberships_contains_paid_content":false,"footnotes":"","jetpack_publicize_message":"","jetpack_publicize_feature_enabled":true,"jetpack_social_post_already_shared":true,"jetpack_social_options":{"image_generator_settings":{"template":"highway","default_image_id":0,"font":"","enabled":false},"version":2},"jetpack_post_was_ever_published":false},"categories":[16,22],"tags":[],"class_list":["post-66405","post","type-post","status-publish","format-standard","has-post-thumbnail","category-local","category-nacional"],"jetpack_publicize_connections":[],"jetpack-related-posts":[],"jetpack_shortlink":"https:\/\/wp.me\/p7Eq1F-hh3","jetpack_sharing_enabled":true,"jetpack_featured_media_url":"https:\/\/i0.wp.com\/guialimeira.com.br\/news\/wp-content\/uploads\/2026\/05\/lei-violencia-contra-mulher.png?fit=1693%2C929&ssl=1","_links":{"self":[{"href":"https:\/\/guialimeira.com.br\/news\/wp-json\/wp\/v2\/posts\/66405","targetHints":{"allow":["GET"]}}],"collection":[{"href":"https:\/\/guialimeira.com.br\/news\/wp-json\/wp\/v2\/posts"}],"about":[{"href":"https:\/\/guialimeira.com.br\/news\/wp-json\/wp\/v2\/types\/post"}],"author":[{"embeddable":true,"href":"https:\/\/guialimeira.com.br\/news\/wp-json\/wp\/v2\/users\/1"}],"replies":[{"embeddable":true,"href":"https:\/\/guialimeira.com.br\/news\/wp-json\/wp\/v2\/comments?post=66405"}],"version-history":[{"count":1,"href":"https:\/\/guialimeira.com.br\/news\/wp-json\/wp\/v2\/posts\/66405\/revisions"}],"predecessor-version":[{"id":66407,"href":"https:\/\/guialimeira.com.br\/news\/wp-json\/wp\/v2\/posts\/66405\/revisions\/66407"}],"wp:featuredmedia":[{"embeddable":true,"href":"https:\/\/guialimeira.com.br\/news\/wp-json\/wp\/v2\/media\/66406"}],"wp:attachment":[{"href":"https:\/\/guialimeira.com.br\/news\/wp-json\/wp\/v2\/media?parent=66405"}],"wp:term":[{"taxonomy":"category","embeddable":true,"href":"https:\/\/guialimeira.com.br\/news\/wp-json\/wp\/v2\/categories?post=66405"},{"taxonomy":"post_tag","embeddable":true,"href":"https:\/\/guialimeira.com.br\/news\/wp-json\/wp\/v2\/tags?post=66405"}],"curies":[{"name":"wp","href":"https:\/\/api.w.org\/{rel}","templated":true}]}}